{"id":10072,"date":"2024-09-26T18:46:52","date_gmt":"2024-09-26T16:46:52","guid":{"rendered":"https:\/\/www.olcgs.org\/?p=10072"},"modified":"2025-11-28T10:35:22","modified_gmt":"2025-11-28T09:35:22","slug":"sam-assembly-in-search-of-gods-will-in-angola-and-mozambique","status":"publish","type":"post","link":"https:\/\/www.olcgs.org\/es\/sam-assembly-in-search-of-gods-will-in-angola-and-mozambique\/","title":{"rendered":"Asamblea SAM: En busca de la voluntad de Dios en Angola y Mozambique"},"content":{"rendered":"<p><em>Por Sor Luzia Kibonga, Responsable de Comunicaciones de Enlace, Sector de Angola y Mozambique (SAM)<\/em><\/p>\n<p>&nbsp;<\/p>\n<p>En la <strong>Asamblea del Sector de Angola y Mozambique, de cuatro d\u00edas de duraci\u00f3n,<\/strong> concluy\u00f3 el 22 de septiembre de 2024 con la elecci\u00f3n del nuevo equipo directivo del sector.<\/p>\n<p>A la luz del <a href=\"https:\/\/www.synod.va\/es.html\">proceso Sinodal<\/a>, el tema de la VIII Asamblea Sectorial fue: \u201c<em>Atra\u00eddos por el amor, apasionados por la justicia, dej\u00e9monos iluminar por el ejemplo de Jes\u00fas en la b\u00fasqueda de la voluntad de Dios<\/em><strong>'.<\/strong><\/p>\n<p>Las Hermanas que asistieron estuvieron encantadas de celebrar el evento en presencia de la L\u00edder Congregacional la Hna. Joan Marie L\u00f3pez y las Consejeras Congregacionales Hermanas: Josita Corera, Marie Fran\u00e7oise Mestry y Yolanda S\u00e1nchez.<\/p>\n<p><img fetchpriority=\"high\" decoding=\"async\" class=\"aligncenter wp-image-10074 size-large\" src=\"https:\/\/www.olcgs.org\/wp-content\/uploads\/2024\/09\/VIII-ASSEMBLEIA-DO-SECTOR-ANGOLA-MOCAMBIQUE-2024_169-1024x592.jpg\" alt=\"\" width=\"800\" height=\"463\" srcset=\"https:\/\/www.olcgs.org\/wp-content\/uploads\/2024\/09\/VIII-ASSEMBLEIA-DO-SECTOR-ANGOLA-MOCAMBIQUE-2024_169-1024x592.jpg 1024w, https:\/\/www.olcgs.org\/wp-content\/uploads\/2024\/09\/VIII-ASSEMBLEIA-DO-SECTOR-ANGOLA-MOCAMBIQUE-2024_169-300x173.jpg 300w, https:\/\/www.olcgs.org\/wp-content\/uploads\/2024\/09\/VIII-ASSEMBLEIA-DO-SECTOR-ANGOLA-MOCAMBIQUE-2024_169-768x444.jpg 768w, https:\/\/www.olcgs.org\/wp-content\/uploads\/2024\/09\/VIII-ASSEMBLEIA-DO-SECTOR-ANGOLA-MOCAMBIQUE-2024_169-18x10.jpg 18w, https:\/\/www.olcgs.org\/wp-content\/uploads\/2024\/09\/VIII-ASSEMBLEIA-DO-SECTOR-ANGOLA-MOCAMBIQUE-2024_169.jpg 1248w\" sizes=\"(max-width: 800px) 100vw, 800px\" \/><\/p>\n<p>Facilitadas por Sor Eliene Barros de Brasil, las reuniones revisaron las actividades de los \u00faltimos tres a\u00f1os y definieron las prioridades para los tres pr\u00f3ximos.<\/p>\n<p>Estas prioridades giran en torno a <strong>cinco pilares<\/strong>: misi\u00f3n y colaboraci\u00f3n, vida consagrada, formaci\u00f3n integral, regionalizaci\u00f3n y ecolog\u00eda integral.<\/p>\n<p>Uno de los temas importantes discutidos fue el de <strong>regionalizaci\u00f3n, la reestructuraci\u00f3n y la nueva gobernanza <\/strong>a la que la Congregaci\u00f3n est\u00e1 llamada para la vitalidad de la misi\u00f3n y para servir mejor a quienes se encuentran en los m\u00e1rgenes de la sociedad.<\/p>\n<p><img decoding=\"async\" class=\"alignleft wp-image-10076 size-medium\" src=\"https:\/\/www.olcgs.org\/wp-content\/uploads\/2024\/09\/New-SLT-EVA-PEDRO-RIBEIRO-SUZETH-FULA-ANTONICA-JOAO_169-e1727369186812-300x243.jpg\" alt=\"\" width=\"300\" height=\"243\" srcset=\"https:\/\/www.olcgs.org\/wp-content\/uploads\/2024\/09\/New-SLT-EVA-PEDRO-RIBEIRO-SUZETH-FULA-ANTONICA-JOAO_169-e1727369186812-300x243.jpg 300w, https:\/\/www.olcgs.org\/wp-content\/uploads\/2024\/09\/New-SLT-EVA-PEDRO-RIBEIRO-SUZETH-FULA-ANTONICA-JOAO_169-e1727369186812-1024x830.jpg 1024w, https:\/\/www.olcgs.org\/wp-content\/uploads\/2024\/09\/New-SLT-EVA-PEDRO-RIBEIRO-SUZETH-FULA-ANTONICA-JOAO_169-e1727369186812-768x622.jpg 768w, https:\/\/www.olcgs.org\/wp-content\/uploads\/2024\/09\/New-SLT-EVA-PEDRO-RIBEIRO-SUZETH-FULA-ANTONICA-JOAO_169-e1727369186812-15x12.jpg 15w, https:\/\/www.olcgs.org\/wp-content\/uploads\/2024\/09\/New-SLT-EVA-PEDRO-RIBEIRO-SUZETH-FULA-ANTONICA-JOAO_169-e1727369186812.jpg 1065w\" sizes=\"(max-width: 300px) 100vw, 300px\" \/>Con <strong>oraci\u00f3n, discernimiento, escucha y conversaciones en el Esp\u00edritu,<\/strong> la Asamblea eligi\u00f3 a la Hermana Eva Pedro Ribeiro como nueva Coordinadora del sector, junto con las Hermanas: Suzeth Fula, Antonica Jo\u00e3o y Prameela Perumpally para formar su equipo de liderazgo.<\/p>\n<p>En su mensaje de clausura de la Asamblea, la l\u00edder saliente Hermana Marcelina do Nascimento agradeci\u00f3 a su equipo por <strong>su celo, sabidur\u00eda, inteligencia, coraje<\/strong> y encomend\u00f3 el nuevo equipo bajo la protecci\u00f3n de nuestros Fundadores, San Juan Eudes y Santa Mar\u00eda Eufrasia, as\u00ed como a Sor Mar\u00eda del Divino Coraz\u00f3n a quien est\u00e1 dedicada la Casa Sectorial de Talatona donde se celebr\u00f3 la Asamblea.<\/p>\n<p>Atra\u00eddas por el amor y apasionadas por la justicia, dej\u00e9monos iluminar por el ejemplo de Jes\u00fas de buscar la voluntad de Dios mientras trabajamos juntas para continuar la <strong>misi\u00f3n del Buen Pastor<\/strong>.<\/p>","protected":false},"excerpt":{"rendered":"<p>By Sr Luzia Kibonga, Link Communications Person, Sector of Angola and Mozambique (SAM) &nbsp; The four-day Assembly of the Sector of Angola and Mozambique came to an end on September 22, 2024, with the election of the new sector leadership team. In the light of the synodal process, the theme of the VIII Sector Assembly [&hellip;]<\/p>\n","protected":false},"author":2,"featured_media":10073,"comment_status":"closed","ping_status":"open","sticky":false,"template":"","format":"standard","meta":{"footnotes":""},"categories":[88,89,32],"tags":[],"class_list":["post-10072","post","type-post","status-publish","format-standard","has-post-thumbnail","hentry","category-angola","category-mozambique","category-rimoa"],"jetpack_featured_media_url":"https:\/\/www.olcgs.org\/wp-content\/uploads\/2024\/09\/4-CLT-and-SLT_169-e1727369032574.jpg","_links":{"self":[{"href":"https:\/\/www.olcgs.org\/es\/wp-json\/wp\/v2\/posts\/10072","targetHints":{"allow":["GET"]}}],"collection":[{"href":"https:\/\/www.olcgs.org\/es\/wp-json\/wp\/v2\/posts"}],"about":[{"href":"https:\/\/www.olcgs.org\/es\/wp-json\/wp\/v2\/types\/post"}],"author":[{"embeddable":true,"href":"https:\/\/www.olcgs.org\/es\/wp-json\/wp\/v2\/users\/2"}],"replies":[{"embeddable":true,"href":"https:\/\/www.olcgs.org\/es\/wp-json\/wp\/v2\/comments?post=10072"}],"version-history":[{"count":2,"href":"https:\/\/www.olcgs.org\/es\/wp-json\/wp\/v2\/posts\/10072\/revisions"}],"predecessor-version":[{"id":10077,"href":"https:\/\/www.olcgs.org\/es\/wp-json\/wp\/v2\/posts\/10072\/revisions\/10077"}],"wp:featuredmedia":[{"embeddable":true,"href":"https:\/\/www.olcgs.org\/es\/wp-json\/wp\/v2\/media\/10073"}],"wp:attachment":[{"href":"https:\/\/www.olcgs.org\/es\/wp-json\/wp\/v2\/media?parent=10072"}],"wp:term":[{"taxonomy":"category","embeddable":true,"href":"https:\/\/www.olcgs.org\/es\/wp-json\/wp\/v2\/categories?post=10072"},{"taxonomy":"post_tag","embeddable":true,"href":"https:\/\/www.olcgs.org\/es\/wp-json\/wp\/v2\/tags?post=10072"}],"curies":[{"name":"wp","href":"https:\/\/api.w.org\/{rel}","templated":true}]}}