{"id":10537,"date":"2024-12-20T11:26:38","date_gmt":"2024-12-20T10:26:38","guid":{"rendered":"https:\/\/www.olcgs.org\/?p=10537"},"modified":"2024-12-27T11:37:33","modified_gmt":"2024-12-27T10:37:33","slug":"new-director-of-safeguarding-michael-walker-speaks-of-the-golden-thread-in-our-dna","status":"publish","type":"post","link":"https:\/\/www.olcgs.org\/es\/new-director-of-safeguarding-michael-walker-speaks-of-the-golden-thread-in-our-dna\/","title":{"rendered":"Nuevo Director de Salvaguardia: Michael Walker habla del hilo dorado en nuestro ADN"},"content":{"rendered":"<p><img fetchpriority=\"high\" decoding=\"async\" class=\"alignright size-medium wp-image-10541\" src=\"https:\/\/www.olcgs.org\/wp-content\/uploads\/2024\/12\/IMG-20241220-WA0027-300x244.jpg\" alt=\"\" width=\"300\" height=\"244\" srcset=\"https:\/\/www.olcgs.org\/wp-content\/uploads\/2024\/12\/IMG-20241220-WA0027-300x244.jpg 300w, https:\/\/www.olcgs.org\/wp-content\/uploads\/2024\/12\/IMG-20241220-WA0027-1024x833.jpg 1024w, https:\/\/www.olcgs.org\/wp-content\/uploads\/2024\/12\/IMG-20241220-WA0027-768x625.jpg 768w, https:\/\/www.olcgs.org\/wp-content\/uploads\/2024\/12\/IMG-20241220-WA0027-1536x1250.jpg 1536w, https:\/\/www.olcgs.org\/wp-content\/uploads\/2024\/12\/IMG-20241220-WA0027-15x12.jpg 15w, https:\/\/www.olcgs.org\/wp-content\/uploads\/2024\/12\/IMG-20241220-WA0027.jpg 1600w\" sizes=\"(max-width: 300px) 100vw, 300px\" \/>Michael Walker comenz\u00f3 como Director de Protecci\u00f3n de la Congregaci\u00f3n en diciembre de 2025. Tiene m\u00e1s de 40 a\u00f1os de experiencia en protecci\u00f3n; ha supervisado una unidad de delincuentes sexuales de la polic\u00eda, ha trabajado con delincuentes sexuales de alto riesgo liberados en la comunidad, ha dirigido un equipo de asistencia social para ni\u00f1os y, m\u00e1s tarde, la Junta de Protecci\u00f3n de Adultos Vulnerables de Teesside, adem\u00e1s de su trabajo m\u00e1s reciente que se describe a continuaci\u00f3n. \nMichael est\u00e1 casado con una enfermera que tambi\u00e9n trabaja en protecci\u00f3n; \u00a1Tiene un hijo que se est\u00e1 entrenando para ser maestro y dos perros labradores llamados Oscar y Mable!<\/p>\n<p><em>Intervista a cura di Liam Michael Quinn, Responsabile delle Comunicazioni Congregazionali<\/em><\/p>\n<p>&nbsp;<\/p>\n<p><strong>LMQ. <em>\u00bfQu\u00e9 le atrajo de la labor como Director de Protecci\u00f3n de la Congregaci\u00f3n?<\/em><\/strong><\/p>\n<p><strong>Michael Walker<\/strong>. La misi\u00f3n de <strong>proteger y empoderar a ni\u00f1as, mujeres y ni\u00f1os<\/strong> reson\u00f3 profundamente con el trabajo en el que he estado involucrado durante m\u00e1s de 40 a\u00f1os: buscar proteger  a trav\u00e9s de la protecci\u00f3n, a los m\u00e1s vulnerables de la sociedad.<\/p>\n<p>Durante gran parte de la d\u00e9cada anterior, he trabajado como gerente nacional de operaciones para la Agencia de Normas de Protecci\u00f3n Cat\u00f3lica de Inglaterra y Gales, las Provincias Brit\u00e1nicas de varias Congregaciones Religiosas y como coordinador de protecci\u00f3n de una Di\u00f3cesis en Inglaterra.<\/p>\n<p>Sin embargo, durante estos \u00faltimos a\u00f1os, he sentido cada vez m\u00e1s el llamado a regresar a un sitio en el que pueda ver <strong>la protecci\u00f3n en acci\u00f3n<\/strong> en lugar de estar detr\u00e1s de un escritorio desarrollando y revisando pol\u00edticas y procedimientos.<\/p>\n<p>Cuando vi el puesto de Director de Protecci\u00f3n y comenc\u00e9 a descubrir m\u00e1s sobre la misi\u00f3n del Buen Pastor, me inspir\u00f3 el trabajo y los resultados y no dud\u00e9 en postularme para este puesto <strong>; sent\u00ed que esta era una misi\u00f3n de la que quer\u00eda ser parte<\/strong>.<\/p>\n<p>&nbsp;<\/p>\n<p><strong><em>\u00bfC\u00f3mo ve que el trabajo de protecci\u00f3n se involucre cada vez m\u00e1s en el desarrollo de la misi\u00f3n del Buen Pastor?<\/em><\/strong><\/p>\n<p>Veo la protecci\u00f3n como el <strong>hilo conductor que sustenta y trasciende todo lo que hacemos en la misi\u00f3n<\/strong>. Junto con el Equipo de Protecci\u00f3n de la Congregaci\u00f3n, nos aseguraremos de que la protecci\u00f3n se comprenda y practique plenamente en toda la Congregaci\u00f3n.<\/p>\n<p>Solo podemos lograr esto con la participaci\u00f3n activa de las Hermanas y los Socios en la misi\u00f3n a nivel de los programas, la Comunidad y Unidad <strong>creando conciencia, estableciendo est\u00e1ndares y brindando capacitaci\u00f3n<\/strong>.<\/p>\n<p>Este trabajo se basar\u00e1 en el tremendo trabajo realizado por Sandra Neville, Jane Nway y todos los involucrados en la protecci\u00f3n para integrar la protecci\u00f3n en cada aspecto de la misi\u00f3n global, desde el nivel de la Congregaci\u00f3n hasta el nivel de base.<\/p>\n<p><strong><em>\u00a0<\/em><\/strong><\/p>\n<p><strong><em>\u00bfC\u00f3mo se relaciona la protecci\u00f3n con la vida, la visi\u00f3n y los valores de los santos Mar\u00eda Eufrasia y Juan Eudes?<\/em><\/strong><\/p>\n<p>Al leer m\u00e1s sobre las vidas de Santa Mar\u00eda Eufrasia y San Juan Eudes, veo c\u00f3mo su vocaci\u00f3n y misi\u00f3n buscaban llegar a los m\u00e1s vulnerables de la sociedad y protegerlos.<\/p>\n<p>El cuarto voto de \u201c<em>Celo por la Salvaci\u00f3n de las Almas<\/em>sustenta el mensaje de protecci\u00f3n de qui\u00e9nes somos y qu\u00e9 hacemos: se trata de ser <strong>celosos en nuestro cuidado mutuo y en nuestro compromiso de <em>no hacer da\u00f1o<\/em><\/strong>.<\/p>\n<p class=\"translation-block\">Para m\u00ed, el concepto de protecci\u00f3n brilla como uno de los valores fundamentales que practicaron a lo largo de sus vidas, mucho antes de que se acu\u00f1ara el t\u00e9rmino. Es parte de la historia de la Congregaci\u00f3n; est\u00e1 dentro de nuestro ADN y debemos extraerlo y seguir entreteji\u00e9ndolo en nuestra historia.<\/p>\n<p>&nbsp;<\/p>\n<p><strong><em>\u00bfQu\u00e9 espera lograr para la Oficina de Protecci\u00f3n en su primer a\u00f1o como Directora Congregacional de Protecci\u00f3n?\u00a0 <\/em><\/strong><\/p>\n<p>Mi experiencia previa me ha ense\u00f1ado que la protecci\u00f3n es un concepto en evoluci\u00f3n, a menudo malinterpretado, y que las personas a menudo no quieren involucrarse en \u00e9l o les da miedo.<\/p>\n<p>Mi trabajo es asegurarme de que todos comprendan la importancia de la protecci\u00f3n y que la promuevan activamente y vivan el camino de la protecci\u00f3n. Tambi\u00e9n me apasiona <strong>adoptar un enfoque centrado en las v\u00edctimas<\/strong>, buscando implementar nuevas formas de mejorar su experiencia cuando informan sobre un problema.<\/p>\n<p>Para m\u00ed, el concepto de protecci\u00f3n es bastante simple: reconocer d\u00f3nde se necesita ayuda, proteger a los vulnerables, no hacer da\u00f1o y, si ves algo, informarlo. \u00a1Es un concepto que se alinea perfectamente con la protecci\u00f3n del Buen Pastor!<\/p>\n<p>Estoy ansioso por visitar varias Unidades, para ver c\u00f3mo est\u00e1n implementando la protecci\u00f3n en la pr\u00e1ctica y buscar fortalecer sus pol\u00edticas y procesos. Mi primera visita es a Kenia, donde se siguen desarrollando pr\u00e1cticas de protecci\u00f3n. \nEspero conocer al equipo y ver de primera mano c\u00f3mo se pone en pr\u00e1ctica all\u00ed la protecci\u00f3n.<\/p>\n<p>&nbsp;<\/p>\n<p><strong><em>\u00bfAlgunas \u00faltimas palabras\u2026?<\/em><\/strong><\/p>\n<p>Desde que asum\u00ed el cargo hace varias semanas, he conocido y trabajado con muchas Hermanas y Compa\u00f1eros en la misi\u00f3n, y me gustar\u00eda dejar constancia de que he sentido una c\u00e1lida bienvenida por parte de todos; <em>me han hecho sentir como en casa.<\/em>Antes de comenzar este art\u00edculo, solo pod\u00eda leer sobre el carisma y la espiritualidad del Buen Pastor; ahora tengo el honor de experimentarlo y abrazarlo.<\/p>\n<p><strong>\u00a1Gracias a todos los que he conocido y que me han ayudado en mi inducci\u00f3n a los Buenos Pastores!<\/strong><\/p>\n<p>&nbsp;<\/p>","protected":false},"excerpt":{"rendered":"<p>Michael Walker began as Director of Safeguarding for the Congregation in December 2025. He has over 40 years of experience in safeguarding; having overseen a police sex offenders\u2019 unit, worked with high-risk sex offenders released into the community, managed a children\u2019s social care team, and later the Teesside Safeguarding Vulnerable Adults Board in addition to [&hellip;]<\/p>\n","protected":false},"author":2,"featured_media":10543,"comment_status":"closed","ping_status":"open","sticky":false,"template":"","format":"standard","meta":{"footnotes":""},"categories":[28],"tags":[],"class_list":["post-10537","post","type-post","status-publish","format-standard","has-post-thumbnail","hentry","category-safeguarding"],"jetpack_featured_media_url":"https:\/\/www.olcgs.org\/wp-content\/uploads\/2024\/12\/Main-1.jpg","_links":{"self":[{"href":"https:\/\/www.olcgs.org\/es\/wp-json\/wp\/v2\/posts\/10537","targetHints":{"allow":["GET"]}}],"collection":[{"href":"https:\/\/www.olcgs.org\/es\/wp-json\/wp\/v2\/posts"}],"about":[{"href":"https:\/\/www.olcgs.org\/es\/wp-json\/wp\/v2\/types\/post"}],"author":[{"embeddable":true,"href":"https:\/\/www.olcgs.org\/es\/wp-json\/wp\/v2\/users\/2"}],"replies":[{"embeddable":true,"href":"https:\/\/www.olcgs.org\/es\/wp-json\/wp\/v2\/comments?post=10537"}],"version-history":[{"count":6,"href":"https:\/\/www.olcgs.org\/es\/wp-json\/wp\/v2\/posts\/10537\/revisions"}],"predecessor-version":[{"id":10570,"href":"https:\/\/www.olcgs.org\/es\/wp-json\/wp\/v2\/posts\/10537\/revisions\/10570"}],"wp:featuredmedia":[{"embeddable":true,"href":"https:\/\/www.olcgs.org\/es\/wp-json\/wp\/v2\/media\/10543"}],"wp:attachment":[{"href":"https:\/\/www.olcgs.org\/es\/wp-json\/wp\/v2\/media?parent=10537"}],"wp:term":[{"taxonomy":"category","embeddable":true,"href":"https:\/\/www.olcgs.org\/es\/wp-json\/wp\/v2\/categories?post=10537"},{"taxonomy":"post_tag","embeddable":true,"href":"https:\/\/www.olcgs.org\/es\/wp-json\/wp\/v2\/tags?post=10537"}],"curies":[{"name":"wp","href":"https:\/\/api.w.org\/{rel}","templated":true}]}}