{"id":10880,"date":"2025-02-14T17:23:32","date_gmt":"2025-02-14T16:23:32","guid":{"rendered":"https:\/\/www.olcgs.org\/?p=10880"},"modified":"2025-06-22T06:09:31","modified_gmt":"2025-06-22T04:09:31","slug":"bicentenary-committee-letter","status":"publish","type":"post","link":"https:\/\/www.olcgs.org\/es\/bicentenary-committee-letter\/","title":{"rendered":"Contemplaci\u00f3n y Creaci\u00f3n: Carta del Comit\u00e9 del Bicentenario y CLT"},"content":{"rendered":"<p style=\"text-align: right;\">Roma, 24 de febrero de 2025<\/p>\n<p>Queridas hermanas y laicos\/as, Partners en la Misio\u0301n:<\/p>\n<p>\u00a1Bendiciones, Paz y Alegr\u00eda! Somos Peregrinos de Esperanza\ny nos mueve la necesidad de conocernos mejor para amarnos.<\/p>\n<p>Fue un placer reunirnos en persona por primera vez, el Comit\u00e9 del Bicentenario y el Equipo de Liderazgo Congregacional, en el Generalato en Roma del 13 al 16 de enero de 2025, para establecer contactos y planificar el programa para el A\u00f1o Jubilar de la fundaci\u00f3n de las Hermanas Contemplativas. Tuvimos el placer de contar con la presencia de la Sra. Paula Sgherza como facilitadora de nuestra reuni\u00f3n.<\/p>\n<p>Nos gustar\u00eda compartir con ustedes algunos de los planes que tenemos para este a\u00f1o del Bicentenario.<\/p>\n<p style=\"text-align: center;\"><strong><span style=\"color: #000080;\">FORMACI\u00d3N Y REFLEXI\u00d3N CONTEMPLATIVA<\/span><\/strong><\/p>\n<p style=\"text-align: left;\"><strong><span style=\"color: #ff6600;\">Sesiones por Zoom<\/span><\/strong><\/p>\n<p style=\"text-align: left;\">En 2025 se celebrar\u00e1n cinco sesiones por Zoom dirigidas a todos los miembros de la Congregaci\u00f3n que deseen participar. Las sesiones de formaci\u00f3n se centrar\u00e1n en la <em>dimensi\u00f3n contemplativa<\/em> de nuestras vidas. Ser\u00e1n sesiones de dos horas cada una y contar\u00e1n con la presencia de ponentes invitados.<\/p>\n<p style=\"text-align: center;\"><img fetchpriority=\"high\" decoding=\"async\" class=\"aligncenter wp-image-11184 size-large\" src=\"https:\/\/www.olcgs.org\/wp-content\/uploads\/2025\/05\/Bicent-Zoom-info-sp-final.png\" alt=\"\" width=\"800\" height=\"191\" srcset=\"https:\/\/www.olcgs.org\/wp-content\/uploads\/2025\/05\/Bicent-Zoom-info-sp-final.png 632w, https:\/\/www.olcgs.org\/wp-content\/uploads\/2025\/05\/Bicent-Zoom-info-sp-final-300x69.png 300w, https:\/\/www.olcgs.org\/wp-content\/uploads\/2025\/05\/Bicent-Zoom-info-sp-final-18x4.png 18w\" sizes=\"(max-width: 800px) 100vw, 800px\" \/><\/p>\n<p>Link for July 2 registration: <a href=\"https:\/\/tinyurl.com\/200JubileeZoominar4\" target=\"_blank\" rel=\"noopener\">https:\/\/tinyurl.com\/200JubileeZoominar4<\/a><\/p>\n<p>Les agradecer\u00edamos que se registraran pronto para que podamos facilitarles el servicio de traducci\u00f3n necesario y el enlace zoom con tiempo. Recibir\u00e1n los enlaces para inscribirse en las dem\u00e1s<br \/>\nsesiones en el bolet\u00edn electr\u00f3nico de la Congregaci\u00f3n.<\/p>\n<p><span style=\"color: #ff6600;\"><strong>Reflexi\u00f3n contemplativa<\/strong><\/span><br \/>\nEn la semana siguiente a cada sesi\u00f3n, algunas hermanas contemplativas compartir\u00e1n sus reflexiones que estar\u00e1n disponibles en el bolet\u00edn electr\u00f3nico y en el sitio web de la Congregaci\u00f3n.<\/p>\n<p><strong><span style=\"color: #ff6600;\">Respuestas creativas<\/span><\/strong><br \/>\nAdem\u00e1s, pensamos que, para comprometernos con el esp\u00edritu y el coraz\u00f3n de nuestro Jubileo, las palabras por s\u00ed solas no son suficientes. Por lo tanto, para profundizar en las reflexiones, invitamos a todos los miembros de la congregaci\u00f3n a expresar lo que se mueve en su interior de manera creativa, a trav\u00e9s de:<\/p>\n<p style=\"padding-left: 40px;\">\u2022\tobras de arte (escultura, pintura, etc.);<br \/>\n\u2022\tcantos y m\u00fasica;<br \/>\n\u2022\trecetas de cocina;<br \/>\n\u2022\tpoes\u00edas e historias inspiradoras;<br \/>\n\u2022\tplantar algo u otra acci\u00f3n simb\u00f3lica<\/p>\n<p>Por favor, env\u00eden estas respuestas creativas al siguiente correo electr\u00f3nico: <a href=\"mailto:creations@gssweb.org\" target=\"_blank\" rel=\"noopener\">creations@gssweb.org<\/a><\/p>\n<p>Las respuestas creativas seleccionadas se expondr\u00e1n en el Generalato en noviembre de 2025 para celebrar la presencia divina de Dios en la vida de todas\/os.<\/p>\n<p style=\"text-align: center;\"><strong><span style=\"color: #000080;\">LA EXPERIENCIA DEL JUBILEO EN ROMA<\/span><\/strong><\/p>\n<p>Treinta Hermanas Contemplativas de todo el mundo se reunir\u00e1n para celebrar el a\u00f1o Jubilar del Bicentenario en Roma. Estamos organizando un programa de 15 d\u00edas, del 1 al 18 de noviembre de 2025, en el Generalato. Las Hermanas participantes disfrutar\u00e1n de la oportunidad de reunirse, relacionarse unas con otras, participar en sesiones de formaci\u00f3n y en un retiro. A trav\u00e9s de su peregrinaci\u00f3n podr\u00e1n entrar profundamente en el discernimiento y la reflexi\u00f3n sobre el significado de este Bicentenario de las Contemplativas que se celebra durante el a\u00f1o del Jubileo de la Iglesia en la Ciudad Santa.<\/p>\n<p><strong><span style=\"color: #ff6600;\">Celebraci\u00f3n Eucar\u00edstica de la clausura del Bicentenario<\/span><\/strong><br \/>\nEl 11 de noviembre de 2025 tendr\u00e1 lugar en Roma la Celebraci\u00f3n Eucar\u00edstica de clausura del A\u00f1o del Bicentenario. Esta sagrada celebraci\u00f3n est\u00e1 prevista a las 12:00 horas en la Casa Domus Pastor, Via Aurelia, Roma y se transmitir\u00e1 en directo.<\/p>\n<p style=\"text-align: center;\"><span style=\"color: #000080;\"><strong>CELEBRACIONES EN TODA LA CONGREGACI\u00d3N<\/strong><\/span><\/p>\n<p>Estos son algunos de los programas que hemos confirmado para este a\u00f1o. Adem\u00e1s, muchas Unidades est\u00e1n organizando diferentes actividades y celebraciones para el Bicentenario. Estamos contentas de que las Unidades se comprometan activamente a sensibilizar y fomentar la comprensi\u00f3n de la Vida Contemplativa en nuestra Congregaci\u00f3n Apost\u00f3lica.<\/p>\n<p><strong><span style=\"color: #ff6600;\">Casa Madre - Angers<\/span><\/strong><br \/>\nTenemos el placer de informarles que la Unidad de BFMN est\u00e1 organizando una celebraci\u00f3n especial con ocasi\u00f3n de la clausura del Bicentenario. Quince hermanas (Contemplativas y Apost\u00f3licas) est\u00e1n invitadas a un Retiro y a una Celebraci\u00f3n Eucar\u00edstica en la Casa Madre en Angers, Francia (del 26 de octubre al 1\u00ba de noviembre de 2025). El Padre Jean Michel, Superior Congregacional de los Padres Eudistas, guiar\u00e1 este retiro en franc\u00e9s con posibilidad de traducci\u00f3n. El tema se basa en la reciente enc\u00edclica del Papa Francisco, \u201d<em>Dilexit Nos<\/em>\u201d - sobre el Amor Humano y Divino del Coraz\u00f3n de Jesucristo. Adjuntamos un folleto con m\u00e1s informaci\u00f3n <a href=\"https:\/\/doc.gssweb.org\/OLCGS%20WebSite\/Bicentenary\/flyer_retraite_bicentenaire_20250224.pdf\" target=\"_blank\" rel=\"noopener\">aqu\u00ed<\/a>.<\/p>\n<p><span style=\"color: #ff6600;\"><strong>Celebraci\u00f3n del Jubileo de los Padres Eudistas<\/strong><\/span><br \/>\nEn este a\u00f1o 2025 se celebra tambi\u00e9n el centenario de la canonizaci\u00f3n de San Juan Eudes, el 31 de mayo. Con motivo de su celebraci\u00f3n durante este a\u00f1o jubilar, los Eudistas han recibido un Decreto especial del Vaticano que establece que cualquier persona en peregrinaci\u00f3n a la\ncapilla de la Casa Madre o a cualquier iglesia de los Eudistas o de las Hermanas de Nuestra Se\u00f1ora de la Caridad del Buen Pastor podr\u00e1 obtener la indulgencia plenaria seg\u00fan las condiciones habituales. Para m\u00e1s informaci\u00f3n, consulten los documentos adjuntos <a href=\"https:\/\/doc.gssweb.org\/OLCGS%20WebSite\/Bicentenary\/Eudists%20Decree-en.pdf\" target=\"_blank\" rel=\"noopener\">aqu\u00ed<\/a>.<\/p>\n<p>Sigamos cimentando y renovando nuestra vida en una existencia caracterizada por la liberaci\u00f3n, el consuelo, la alegr\u00eda y la sanaci\u00f3n, en la que la misericordia y la bondad sean nuestra experiencia de cada d\u00eda. Esta es la raz\u00f3n y<br \/>\nesperanza de nuestra celebraci\u00f3n jubilar.<\/p>\n<p>\u00a1Gracias y que Dios les bendiga!<\/p>\n<p><strong>Equipo de Liderazgo Congregacional<\/strong><\/p>\n<p><img decoding=\"async\" class=\"aligncenter wp-image-10499 size-full\" src=\"https:\/\/www.olcgs.org\/wp-content\/uploads\/2024\/12\/Screenshot-2024-12-11-155859.png\" alt=\"\" width=\"698\" height=\"109\" srcset=\"https:\/\/www.olcgs.org\/wp-content\/uploads\/2024\/12\/Screenshot-2024-12-11-155859.png 698w, https:\/\/www.olcgs.org\/wp-content\/uploads\/2024\/12\/Screenshot-2024-12-11-155859-300x47.png 300w, https:\/\/www.olcgs.org\/wp-content\/uploads\/2024\/12\/Screenshot-2024-12-11-155859-18x3.png 18w\" sizes=\"(max-width: 698px) 100vw, 698px\" \/><\/p>\n<p><strong>Comit\u00e9 del Bicentenario<\/strong><\/p>\n<p><img decoding=\"async\" class=\"aligncenter wp-image-10881 size-full\" src=\"https:\/\/www.olcgs.org\/wp-content\/uploads\/2025\/02\/Screenshot-2025-02-26-172936.png\" alt=\"\" width=\"627\" height=\"129\" srcset=\"https:\/\/www.olcgs.org\/wp-content\/uploads\/2025\/02\/Screenshot-2025-02-26-172936.png 627w, https:\/\/www.olcgs.org\/wp-content\/uploads\/2025\/02\/Screenshot-2025-02-26-172936-300x62.png 300w, https:\/\/www.olcgs.org\/wp-content\/uploads\/2025\/02\/Screenshot-2025-02-26-172936-18x4.png 18w\" sizes=\"(max-width: 627px) 100vw, 627px\" \/><\/p>","protected":false},"excerpt":{"rendered":"<p>Rome, 24 February 2025 Dear Sisters and Partners-in-Mission, Blessings of Peace and Joy! We are Pilgrims of Hope, indeed, and we are moved by the need to know each other more in order to love each other. It was a delight to meet in person for the first time, as the Bicentenary Committee and CLT [&hellip;]<\/p>\n","protected":false},"author":2,"featured_media":11186,"comment_status":"closed","ping_status":"open","sticky":false,"template":"","format":"standard","meta":{"footnotes":""},"categories":[50,67,21,15],"tags":[],"class_list":["post-10880","post","type-post","status-publish","format-standard","has-post-thumbnail","hentry","category-bicentenary-jubilee","category-congregational-leadership-team","category-contemplative","category-spirituality"],"jetpack_featured_media_url":"https:\/\/www.olcgs.org\/wp-content\/uploads\/2025\/02\/Screenshot-2025-04-08-100032.png","_links":{"self":[{"href":"https:\/\/www.olcgs.org\/es\/wp-json\/wp\/v2\/posts\/10880","targetHints":{"allow":["GET"]}}],"collection":[{"href":"https:\/\/www.olcgs.org\/es\/wp-json\/wp\/v2\/posts"}],"about":[{"href":"https:\/\/www.olcgs.org\/es\/wp-json\/wp\/v2\/types\/post"}],"author":[{"embeddable":true,"href":"https:\/\/www.olcgs.org\/es\/wp-json\/wp\/v2\/users\/2"}],"replies":[{"embeddable":true,"href":"https:\/\/www.olcgs.org\/es\/wp-json\/wp\/v2\/comments?post=10880"}],"version-history":[{"count":11,"href":"https:\/\/www.olcgs.org\/es\/wp-json\/wp\/v2\/posts\/10880\/revisions"}],"predecessor-version":[{"id":11737,"href":"https:\/\/www.olcgs.org\/es\/wp-json\/wp\/v2\/posts\/10880\/revisions\/11737"}],"wp:featuredmedia":[{"embeddable":true,"href":"https:\/\/www.olcgs.org\/es\/wp-json\/wp\/v2\/media\/11186"}],"wp:attachment":[{"href":"https:\/\/www.olcgs.org\/es\/wp-json\/wp\/v2\/media?parent=10880"}],"wp:term":[{"taxonomy":"category","embeddable":true,"href":"https:\/\/www.olcgs.org\/es\/wp-json\/wp\/v2\/categories?post=10880"},{"taxonomy":"post_tag","embeddable":true,"href":"https:\/\/www.olcgs.org\/es\/wp-json\/wp\/v2\/tags?post=10880"}],"curies":[{"name":"wp","href":"https:\/\/api.w.org\/{rel}","templated":true}]}}