{"id":10918,"date":"2025-02-28T14:28:18","date_gmt":"2025-02-28T13:28:18","guid":{"rendered":"https:\/\/www.olcgs.org\/?p=10918"},"modified":"2025-02-28T14:28:44","modified_gmt":"2025-02-28T13:28:44","slug":"women-of-hope-in-peru","status":"publish","type":"post","link":"https:\/\/www.olcgs.org\/es\/women-of-hope-in-peru\/","title":{"rendered":"\u201cMujeres de esperanza\u201d: Hermanas y partners en Per\u00fa se retiran y se re\u00fanen"},"content":{"rendered":"<p><em>Por la Hna. Marlene Acosta, Animadora Provincial de Per\u00fa<\/em><\/p>\n<p>Cincuenta y tres hermanas contemplativas y apost\u00f3licas de todo el Per\u00fa se reunieron en Lima durante dos semanas, a partir del 12 de enero de 2025, para<strong> el retiro anual y la asamblea provincial<\/strong>.<\/p>\n<p>Con el lema \u201c<em>mujeres de esperanza<\/em>\u201d, la primera semana se dedic\u00f3 a un retiro de reflexi\u00f3n. Acompa\u00f1adas por el Padre Eudista Camilo Bernal, fueron d\u00edas en los que se sinti\u00f3 con fuerza la presencia del amor de Dios en nuestras vidas.<\/p>\n<p><strong>Inspiradas por las mujeres de nuestra historia<\/strong> y en el marco del A\u00f1o Jubilar, iniciamos un camino esperanzador, un tiempo de <strong>gracia y transformaci\u00f3n<\/strong> que nos invit\u00f3 a elevar la mirada, llenarnos de confianza y abrirnos a lo <em>nuevo<\/em> que est\u00e1 por nacer.<\/p>\n<p>Durante la segunda semana, a partir del 20 de enero, celebramos nuestra asamblea provincial, generando espacios para seguir proyectando nuestro caminar como provincia.<\/p>\n<p>Los temas tratados incluyeron la realidad actual en el Per\u00fa y Am\u00e9rica Latina, el autocuidado y el mantenimiento de una buena salud mental en la vida consagrada, el<strong> Congregational <\/strong><a href=\"https:\/\/www.olcgs.org\/wp-content\/uploads\/2025\/10\/2022-01-13-Cong-Chap-Direction-Statement-Calls-to-Action-es.pdf\"><strong>Llamado a la Acci\u00f3n<\/strong><\/a><strong> para una Nueva Estructura de Gobierno<\/strong> (con la participaci\u00f3n v\u00eda Zoom de las l\u00edderes provinciales de Argentina\/Uruguay, Brasil\/Paraguay y Bolivia\/Chile), el caminar de la provincia durante los \u00faltimos dos a\u00f1os, la vida de nuestras hermanas contemplativas y la integraci\u00f3n de la protecci\u00f3n en todos los aspectos de la vida, misi\u00f3n y ministerios de la Congregaci\u00f3n.<\/p>\n<p>Nuestro <strong>partners en la misi\u00f3n <\/strong>son una parte integral de nuestro camino y estuvieron presentes en muchas conversaciones, incluidas aquellas sobre asociaciones, finanzas y patrimonio, ministerios y el trabajo de la <strong>MDO<\/strong> (con menci\u00f3n especial a la Directora de Proyectos Linda Quispe <a href=\"https:\/\/www.facebook.com\/GSIFamericaLatina\/?locale=es_ES\">GSIF Latinoam\u00e9rica<\/a> Gerente Regional Heidy Hochstatter, Sully Santos de la <a href=\"https:\/\/www.crs.org\/our-work-overseas\/where-we-work\/peru\">CRS<\/a> iniciativa <em>Changing the Way We Care (CTWWC)<\/em>, y el Comunicador de Enlace de Unidad Alejandro Alfaro).<\/p>\n<p>Estos d\u00edas de convivencia y compartir como provincia nos han permitido escuchar la voz de Dios y aceptar con gratitud el desaf\u00edo de seguir <strong>tejiendo la historia de nuestra vida a trav\u00e9s del amor del Buen Pastor<\/strong>.<\/p>","protected":false},"excerpt":{"rendered":"<p>By Sr. Marlene Acosta, Province Leader of Peru Fifty-three contemplative and apostolic sisters from across Peru met in Lima for two weeks from January 12, 2025, for the annual retreat and the province assembly. With the slogan \u201cwomen of hope\u201d, the first week was spent in reflective retreat. Accompanied by Eudist Father Camilo Bernal, these [&hellip;]<\/p>\n","protected":false},"author":5,"featured_media":10945,"comment_status":"closed","ping_status":"open","sticky":false,"template":"","format":"standard","meta":{"footnotes":""},"categories":[45,37],"tags":[],"class_list":["post-10918","post","type-post","status-publish","format-standard","has-post-thumbnail","hentry","category-peru","category-real"],"jetpack_featured_media_url":"https:\/\/www.olcgs.org\/wp-content\/uploads\/2025\/02\/IMG_5273_main.jpeg","_links":{"self":[{"href":"https:\/\/www.olcgs.org\/es\/wp-json\/wp\/v2\/posts\/10918","targetHints":{"allow":["GET"]}}],"collection":[{"href":"https:\/\/www.olcgs.org\/es\/wp-json\/wp\/v2\/posts"}],"about":[{"href":"https:\/\/www.olcgs.org\/es\/wp-json\/wp\/v2\/types\/post"}],"author":[{"embeddable":true,"href":"https:\/\/www.olcgs.org\/es\/wp-json\/wp\/v2\/users\/5"}],"replies":[{"embeddable":true,"href":"https:\/\/www.olcgs.org\/es\/wp-json\/wp\/v2\/comments?post=10918"}],"version-history":[{"count":1,"href":"https:\/\/www.olcgs.org\/es\/wp-json\/wp\/v2\/posts\/10918\/revisions"}],"predecessor-version":[{"id":10919,"href":"https:\/\/www.olcgs.org\/es\/wp-json\/wp\/v2\/posts\/10918\/revisions\/10919"}],"wp:featuredmedia":[{"embeddable":true,"href":"https:\/\/www.olcgs.org\/es\/wp-json\/wp\/v2\/media\/10945"}],"wp:attachment":[{"href":"https:\/\/www.olcgs.org\/es\/wp-json\/wp\/v2\/media?parent=10918"}],"wp:term":[{"taxonomy":"category","embeddable":true,"href":"https:\/\/www.olcgs.org\/es\/wp-json\/wp\/v2\/categories?post=10918"},{"taxonomy":"post_tag","embeddable":true,"href":"https:\/\/www.olcgs.org\/es\/wp-json\/wp\/v2\/tags?post=10918"}],"curies":[{"name":"wp","href":"https:\/\/api.w.org\/{rel}","templated":true}]}}