{"id":11000,"date":"2025-03-09T16:25:43","date_gmt":"2025-03-09T15:25:43","guid":{"rendered":"https:\/\/www.olcgs.org\/?p=11000"},"modified":"2025-03-16T15:23:55","modified_gmt":"2025-03-16T14:23:55","slug":"1st-sunday-of-lent-reflection","status":"publish","type":"post","link":"https:\/\/www.olcgs.org\/es\/1st-sunday-of-lent-reflection\/","title":{"rendered":"Reflexi\u00f3n del Primer Domingo de Cuaresma: Derechos, Igualdad y Autonom\u00eda para todas las Mujeres y Ni\u00f1as"},"content":{"rendered":"<p>Al entrar en la temporada de Cuaresma - un tiempo de renovaci\u00f3n y transformaci\u00f3n - reflexionamos sobre c\u00f3mo las palabras y acciones del Papa Francisco encuentran su expresi\u00f3n a trav\u00e9s de <strong>la acci\u00f3n, la defensa y la oraci\u00f3n<\/strong> de nuestra misi\u00f3n del Buen Pastor.<\/p>\n<p>El Papa Francisco ha defendido incansablemente la dignidad y los derechos de las mujeres y las ni\u00f1as y ha condenado <strong>la discriminaci\u00f3n, la explotaci\u00f3n y la falta de oportunidades educativas<\/strong>.<\/p>\n<p>Esta <a href=\"https:\/\/www.vatican.va\/content\/francesco\/es\/encyclicals\/documents\/papa-francesco_20201003_enciclica-fratelli-tutti.html\" target=\"_blank\" rel=\"noopener\"><em>Fratelli Tutti<\/em><\/a>, el Papa aboga por un mundo en el que todas las mujeres y ni\u00f1as puedan prosperar con dignidad y oportunidades. Sus ense\u00f1anzas nos recuerdan que los derechos, la igualdad y el empoderamiento son expresiones esenciales de nuestra fe, una visi\u00f3n de la que se hace eco nuestra misi\u00f3n global.<\/p>\n<p>Nuestra Se\u00f1ora de la Caridad del Buen Pastor adopta <a href=\"https:\/\/www.olcgs.org\/wp-content\/uploads\/2025\/10\/2018-06-08-Position-Papers-update-es-1.pdf\" target=\"_blank\" rel=\"noopener\"><strong>una postura clara sobre la ni\u00f1a<\/strong><\/a>, en la que reconocemos que, desde su nacimiento, muchas ni\u00f1as se enfrentan a obst\u00e1culos que limitan su potencial. Son sometidas a <strong>matrimonios precoces, a la negaci\u00f3n de la educaci\u00f3n, a la trata y a diversas formas de violencia de g\u00e9nero<\/strong>.<\/p>\n<p>Estas injusticias, profundamente arraigadas en los sistemas patriarcales, exigen nuestra atenci\u00f3n y acci\u00f3n urgentes.<\/p>\n<p><strong>Un llamado a la acci\u00f3n<\/strong><\/p>\n<p>En esta Cuaresma, compromet\u00e1monos a ser instrumentos de derechos, igualdad y empoderamiento. Al igual que Jes\u00fas, el Buen Pastor, elev\u00f3 a los marginados, rompiendo las normas sociales para afirmar el valor de los <strong>vulnerables y de los marginados de la sociedad<\/strong>, nosotros tambi\u00e9n estamos llamados a ser instrumentos de cambio, trabajando para potenciar las vidas, defender los derechos y restaurar la dignidad de todas las mujeres y ni\u00f1as que se encuentran en situaci\u00f3n de necesidad.<\/p>\n<p>Esta semana, al celebrar el <a href=\"https:\/\/www.un.org\/es\/observances\/womens-day\" target=\"_blank\" rel=\"noopener\"><strong>D\u00eda Internacional de la Mujer<\/strong><\/a>, recordemos que el ayuno cuaresmal no consiste simplemente en<em>renunciar a cosas<\/em>\u2019 sino en <strong>rechazar la injusticia de g\u00e9nero, hacer frente a la desigualdad y dar pasos tangibles hacia la renovaci\u00f3n y la transformaci\u00f3n personal y comunitaria<\/strong>.<\/p>\n<p>Ya sea a trav\u00e9s de la defensa, la educaci\u00f3n o la oraci\u00f3n, cada uno de nosotros tiene un papel que desempe\u00f1ar en esta lucha continua por la justicia de g\u00e9nero para crear un mundo en el que <strong>nadie se quede atr\u00e1s<\/strong>.<\/p>","protected":false},"excerpt":{"rendered":"<p>As we enter the season of Lent \u2013 a time of renewal and transformation \u2013 we reflect on how the words and actions of Pope Francis find expression through the action, advocacy, and prayer of our Good Shepherd mission. Pope Francis has tirelessly advocated for the dignity and rights of women and girls and condemned [&hellip;]<\/p>\n","protected":false},"author":2,"featured_media":11001,"comment_status":"closed","ping_status":"open","sticky":false,"template":"","format":"standard","meta":{"footnotes":""},"categories":[15],"tags":[],"class_list":["post-11000","post","type-post","status-publish","format-standard","has-post-thumbnail","hentry","category-spirituality"],"jetpack_featured_media_url":"https:\/\/www.olcgs.org\/wp-content\/uploads\/2025\/03\/Untitled-design-4-e1742135009696.png","_links":{"self":[{"href":"https:\/\/www.olcgs.org\/es\/wp-json\/wp\/v2\/posts\/11000","targetHints":{"allow":["GET"]}}],"collection":[{"href":"https:\/\/www.olcgs.org\/es\/wp-json\/wp\/v2\/posts"}],"about":[{"href":"https:\/\/www.olcgs.org\/es\/wp-json\/wp\/v2\/types\/post"}],"author":[{"embeddable":true,"href":"https:\/\/www.olcgs.org\/es\/wp-json\/wp\/v2\/users\/2"}],"replies":[{"embeddable":true,"href":"https:\/\/www.olcgs.org\/es\/wp-json\/wp\/v2\/comments?post=11000"}],"version-history":[{"count":4,"href":"https:\/\/www.olcgs.org\/es\/wp-json\/wp\/v2\/posts\/11000\/revisions"}],"predecessor-version":[{"id":11005,"href":"https:\/\/www.olcgs.org\/es\/wp-json\/wp\/v2\/posts\/11000\/revisions\/11005"}],"wp:featuredmedia":[{"embeddable":true,"href":"https:\/\/www.olcgs.org\/es\/wp-json\/wp\/v2\/media\/11001"}],"wp:attachment":[{"href":"https:\/\/www.olcgs.org\/es\/wp-json\/wp\/v2\/media?parent=11000"}],"wp:term":[{"taxonomy":"category","embeddable":true,"href":"https:\/\/www.olcgs.org\/es\/wp-json\/wp\/v2\/categories?post=11000"},{"taxonomy":"post_tag","embeddable":true,"href":"https:\/\/www.olcgs.org\/es\/wp-json\/wp\/v2\/tags?post=11000"}],"curies":[{"name":"wp","href":"https:\/\/api.w.org\/{rel}","templated":true}]}}