{"id":11060,"date":"2025-03-23T17:27:07","date_gmt":"2025-03-23T16:27:07","guid":{"rendered":"https:\/\/www.olcgs.org\/?p=11060"},"modified":"2026-02-10T11:40:45","modified_gmt":"2026-02-10T10:40:45","slug":"3rd-sunday-of-lent-reflection","status":"publish","type":"post","link":"https:\/\/www.olcgs.org\/es\/3rd-sunday-of-lent-reflection\/","title":{"rendered":"Tercer Domingo de Cuaresma - Reflexi\u00f3n: El Cuidado de la Creaci\u00f3n es Inseparable de la Justicia"},"content":{"rendered":"<p>A medida que continuamos nuestro camino a trav\u00e9s de este tiempo de Cuaresma, estamos llamados a reflexionar sobre nuestra relaci\u00f3n con la creaci\u00f3n y renovar nuestro compromiso con los principios de justicia, paz y cuidado de la creaci\u00f3n. El Papa Francisco nos llama a una <strong>conversi\u00f3n ecol\u00f3gica <\/strong>\u2014 <strong>una transformaci\u00f3n del coraz\u00f3n<\/strong> que reconoce la interconexi\u00f3n de toda la vida y nos desaf\u00eda a cuidar de nuestro hogar com\u00fan.<\/p>\n<p>Esta <a href=\"https:\/\/www.vatican.va\/content\/francesco\/fr\/encyclicals\/documents\/papa-francesco_20150524_enciclica-laudato-si.html\"><em>Laudato Si\u2019<\/em><\/a> (2015), el Papa insta a tomar medidas para combatir el cambio clim\u00e1tico, proteger la biodiversidad y abordar las desigualdades sociales. Destaca c\u00f3mo la degradaci\u00f3n ambiental afecta desproporcionadamente a las personas que viven en la pobreza y fomenta un cambio hacia un <strong>desarrollo sostenible<\/strong>.<\/p>\n<p>Nuestra Se\u00f1ora de la Caridad del Buen Pastor adopta <a href=\"https:\/\/www.olcgs.org\/wp-content\/uploads\/2025\/10\/2018-06-08-Position-Papers-update-es-1.pdf\"><strong>una postura clara sobre la Ecolog\u00eda Integral<\/strong><\/a>, record\u00e1ndonos que somos parte de una comunidad terrestre m\u00e1s amplia y que estamos llamados a vivir en armon\u00eda con todas las formas de vida. Nuestra postura nos impulsa a crear una sociedad global sostenible, basada en <strong>el respeto por la naturaleza, los derechos humanos y la justicia econ\u00f3mica<\/strong>Esta misi\u00f3n, reforzada en nuestro <a href=\"https:\/\/www.olcgs.org\/wp-content\/uploads\/2025\/10\/2022-01-13-Cong-Chap-Direction-Statement-Calls-to-Action-es.pdf\"><strong>Llamada a la Acci\u00f3n para una Cultura Universal de Justicia<\/strong><\/a> , no solo est\u00e1 alineada con nuestra fe, sino que tambi\u00e9n es esencial para la supervivencia de nuestro planeta.<\/p>\n<p><strong>Un llamado a la acci\u00f3n<\/strong><\/p>\n<p>Esta Cuaresma, busquemos comprender verdaderamente la interconexi\u00f3n entre los problemas ambientales, sociales y econ\u00f3micos. Muchas de <strong>las poblaciones m\u00e1s vulnerables del mundo<\/strong> son las primeras en sufrir las consecuencias del da\u00f1o ecol\u00f3gico. Tomemos como ejemplo los incansables esfuerzos de <strong>las mujeres en comunidades rurales <\/strong>\u2014a menudo guardianas del medio ambiente\u2014 que se ven afectadas de manera desproporcionada por el cambio clim\u00e1tico y la escasez de recursos.<\/p>\n<p>La justicia exige que <strong>empoderemos esas voces<\/strong>, tomando medidas para abogar por pol\u00edticas que protejan nuestro planeta, promuevan pr\u00e1cticas de comercio justo y desaf\u00eden los sistemas que perpet\u00faan la degradaci\u00f3n ambiental.<\/p>\n<p>Como signatario del <a href=\"https:\/\/plataformadeaccionlaudatosi.org\/\">La Plataforma de Acci\u00f3n Laudato Si\u2019<\/a>, la Congregaci\u00f3n se compromete a abordar la <strong>injusticia y el sufrimiento causados por la explotaci\u00f3n ambiental<\/strong>A nivel personal, considera qu\u00e9 puedes hacer para unirte a otros en poderosos actos de solidaridad. Incluso peque\u00f1os cambios en tu estilo de vida\u2014reducir residuos, conservar recursos o elegir productos ecol\u00f3gicos\u2014 pueden generar un efecto multiplicador.<\/p>\n<p><em>\u00bfQu\u00e9 har\u00e1s hoy para honrar la creaci\u00f3n de Dios a trav\u00e9s de tus acciones?<\/em><\/p>","protected":false},"excerpt":{"rendered":"<p>As we continue to journey through this period of Lent, we are called to reflect on our relationship with creation and renew our commitment to the principles of justice, peace, and care for creation. Pope Francis calls us to an ecological conversion \u2014 a transformation of the heart that recognizes the interconnectedness of all life [&hellip;]<\/p>\n","protected":false},"author":2,"featured_media":11062,"comment_status":"closed","ping_status":"open","sticky":false,"template":"","format":"standard","meta":{"footnotes":""},"categories":[29,76],"tags":[],"class_list":["post-11060","post","type-post","status-publish","format-standard","has-post-thumbnail","hentry","category-gsijp","category-integral-ecology"],"jetpack_featured_media_url":"https:\/\/www.olcgs.org\/wp-content\/uploads\/2025\/03\/Screenshot-2025-03-23-173916.png","_links":{"self":[{"href":"https:\/\/www.olcgs.org\/es\/wp-json\/wp\/v2\/posts\/11060","targetHints":{"allow":["GET"]}}],"collection":[{"href":"https:\/\/www.olcgs.org\/es\/wp-json\/wp\/v2\/posts"}],"about":[{"href":"https:\/\/www.olcgs.org\/es\/wp-json\/wp\/v2\/types\/post"}],"author":[{"embeddable":true,"href":"https:\/\/www.olcgs.org\/es\/wp-json\/wp\/v2\/users\/2"}],"replies":[{"embeddable":true,"href":"https:\/\/www.olcgs.org\/es\/wp-json\/wp\/v2\/comments?post=11060"}],"version-history":[{"count":1,"href":"https:\/\/www.olcgs.org\/es\/wp-json\/wp\/v2\/posts\/11060\/revisions"}],"predecessor-version":[{"id":11061,"href":"https:\/\/www.olcgs.org\/es\/wp-json\/wp\/v2\/posts\/11060\/revisions\/11061"}],"wp:featuredmedia":[{"embeddable":true,"href":"https:\/\/www.olcgs.org\/es\/wp-json\/wp\/v2\/media\/11062"}],"wp:attachment":[{"href":"https:\/\/www.olcgs.org\/es\/wp-json\/wp\/v2\/media?parent=11060"}],"wp:term":[{"taxonomy":"category","embeddable":true,"href":"https:\/\/www.olcgs.org\/es\/wp-json\/wp\/v2\/categories?post=11060"},{"taxonomy":"post_tag","embeddable":true,"href":"https:\/\/www.olcgs.org\/es\/wp-json\/wp\/v2\/tags?post=11060"}],"curies":[{"name":"wp","href":"https:\/\/api.w.org\/{rel}","templated":true}]}}