{"id":11167,"date":"2025-04-06T19:11:15","date_gmt":"2025-04-06T17:11:15","guid":{"rendered":"https:\/\/www.olcgs.org\/?p=11167"},"modified":"2025-04-06T19:15:04","modified_gmt":"2025-04-06T17:15:04","slug":"5th-sunday-of-lent-reflection","status":"publish","type":"post","link":"https:\/\/www.olcgs.org\/es\/5th-sunday-of-lent-reflection\/","title":{"rendered":"Quinto Domingo de Cuaresma \u2013 Reflexi\u00f3n: De los actos de caridad a la justicia econ\u00f3mica"},"content":{"rendered":"<p>La caridad, uno de los tres pilares de la Cuaresma, va m\u00e1s all\u00e1 de simplemente dar a quienes lo necesitan: es una poderosa expresi\u00f3n de solidaridad y compasi\u00f3n que nos invita a reconocer la dignidad de cada ser humano y a responder a <strong>la injusticia econ\u00f3mica con generosidad intencional<\/strong>.<\/p>\n<p>El Papa Francisco nos recuerda frecuentemente que en el coraz\u00f3n de nuestra humanidad compartida se encuentra el llamado a la justicia econ\u00f3mica. Esto no es solo un ideal elevado, sino un desaf\u00edo tangible: una forma de <strong>solidarizarnos con los m\u00e1s pobres y vulnerables de nuestra sociedad<\/strong>A trav\u00e9s de iniciativas como <em><a href=\"https:\/\/www.humandevelopment.va\/es\/news\/2024\/istituita-la-fondazione-the-economy-of-francesco.html\">La econom\u00eda de Francisco<\/a><\/em> y su postura contra los sistemas injustos expresada en <em><a href=\"https:\/\/www.vatican.va\/content\/francesco\/es\/apost_exhortations\/documents\/papa-francesco_esortazione-ap_20131124_evangelii-gaudium.html\">Evangelii Gaudium<\/a><\/em> y <em><a href=\"https:\/\/www.vatican.va\/content\/francesco\/es\/encyclicals\/documents\/papa-francesco_20201003_enciclica-fratelli-tutti.html\">Fratelli Tutti<\/a>,<\/em> , el Papa Francisco dirige nuestra atenci\u00f3n a las evidentes desigualdades perpetuadas por <strong>el capitalismo desenfrenado, la codicia y los sistemas que priorizan las ganancias por encima de las personas<\/strong>.<\/p>\n<p>La Congregaci\u00f3n de Nuestra Se\u00f1ora de la Caridad del Buen Pastor reconoce este llamado e integra esta visi\u00f3n en su misi\u00f3n. Basadas en nuestro <strong><a href=\"https:\/\/www.olcgs.org\/wp-content\/uploads\/2025\/10\/2022-01-13-Cong-Chap-Direction-Statement-Calls-to-Action-es.pdf\">documento de posici\u00f3n sobre justicia econ\u00f3mica<\/a><\/strong>, respondemos a las necesidades de quienes est\u00e1n m\u00e1s excluidas\u2014mujeres y ni\u00f1as atrapadas en la pobreza\u2014de maneras pr\u00e1cticas y transformadoras. Al ofrecer <strong>acceso a la educaci\u00f3n y ense\u00f1ar a mujeres y ni\u00f1as a utilizar y desarrollar sus habilidades<\/strong>, hemos visto c\u00f3mo la transformaci\u00f3n se expande de individuos a familias y comunidades enteras.<\/p>\n<p><strong>Un llamado a la acci\u00f3n<\/strong><\/p>\n<p>La justicia econ\u00f3mica se hace realidad en <strong>cada acto de solidaridad<\/strong>, grande o peque\u00f1o. Pero no pienses que tu simple acto de caridad esta Cuaresma es ya una respuesta a nuestro llamado a la justicia econ\u00f3mica. El Papa Francisco dice: <em>\u201cNo basta con ofrecer asistencia temporal; debemos trabajar hacia la transformaci\u00f3n.\u201d<\/em><\/p>\n<p><strong>La justicia econ\u00f3mica no se trata solo de caridad<\/strong>; se trata de dar a cada persona lo que le corresponde y de crear sistemas que \u201c<em>sirvan a las personas, en lugar de las ganancias<\/em>.\u201d Es un llamado a la acci\u00f3n para todos nosotros, especialmente en lo que respecta a c\u00f3mo se sostiene sistem\u00e1ticamente la pobreza global.<\/p>\n<p>Esta temporada de Cuaresma \u2013 y m\u00e1s all\u00e1 \u2013 apoya <a href=\"https:\/\/www.fairtrade.net\/iberica-es.html\">iniciativas de comercio justo Fairtrade<\/a> y empresas \u00e9ticas, cambiando tu comportamiento para <strong>desafiar los sistemas que perpet\u00faan la injusticia econ\u00f3mica<\/strong>.<\/p>","protected":false},"excerpt":{"rendered":"<p>Charity, one of the three pillars of Lent, goes beyond simply giving to those in need\u2014it\u2019s a powerful expression of solidarity and compassion that invites us to recognize the dignity of every human being and respond to economic injustice with intentional generosity. Pope Francis frequently reminds us that at the heart of our shared humanity [&hellip;]<\/p>\n","protected":false},"author":2,"featured_media":11168,"comment_status":"closed","ping_status":"open","sticky":false,"template":"","format":"standard","meta":{"footnotes":""},"categories":[65],"tags":[],"class_list":["post-11167","post","type-post","status-publish","format-standard","has-post-thumbnail","hentry","category-economic-justice"],"jetpack_featured_media_url":"https:\/\/www.olcgs.org\/wp-content\/uploads\/2025\/04\/Screenshot-2025-04-06-190940-e1743959545468.png","_links":{"self":[{"href":"https:\/\/www.olcgs.org\/es\/wp-json\/wp\/v2\/posts\/11167","targetHints":{"allow":["GET"]}}],"collection":[{"href":"https:\/\/www.olcgs.org\/es\/wp-json\/wp\/v2\/posts"}],"about":[{"href":"https:\/\/www.olcgs.org\/es\/wp-json\/wp\/v2\/types\/post"}],"author":[{"embeddable":true,"href":"https:\/\/www.olcgs.org\/es\/wp-json\/wp\/v2\/users\/2"}],"replies":[{"embeddable":true,"href":"https:\/\/www.olcgs.org\/es\/wp-json\/wp\/v2\/comments?post=11167"}],"version-history":[{"count":2,"href":"https:\/\/www.olcgs.org\/es\/wp-json\/wp\/v2\/posts\/11167\/revisions"}],"predecessor-version":[{"id":11170,"href":"https:\/\/www.olcgs.org\/es\/wp-json\/wp\/v2\/posts\/11167\/revisions\/11170"}],"wp:featuredmedia":[{"embeddable":true,"href":"https:\/\/www.olcgs.org\/es\/wp-json\/wp\/v2\/media\/11168"}],"wp:attachment":[{"href":"https:\/\/www.olcgs.org\/es\/wp-json\/wp\/v2\/media?parent=11167"}],"wp:term":[{"taxonomy":"category","embeddable":true,"href":"https:\/\/www.olcgs.org\/es\/wp-json\/wp\/v2\/categories?post=11167"},{"taxonomy":"post_tag","embeddable":true,"href":"https:\/\/www.olcgs.org\/es\/wp-json\/wp\/v2\/tags?post=11167"}],"curies":[{"name":"wp","href":"https:\/\/api.w.org\/{rel}","templated":true}]}}