{"id":11180,"date":"2025-04-07T13:23:26","date_gmt":"2025-04-07T11:23:26","guid":{"rendered":"https:\/\/www.olcgs.org\/?p=11180"},"modified":"2025-04-07T13:24:35","modified_gmt":"2025-04-07T11:24:35","slug":"contemplative-reflections-on-catholic-social-teaching","status":"publish","type":"post","link":"https:\/\/www.olcgs.org\/es\/contemplative-reflections-on-catholic-social-teaching\/","title":{"rendered":"Reflexiones contemplativas: Intercambio con Hna. Mary Johnson sobre la Doctrina Social Cat\u00f3lica"},"content":{"rendered":"<p><em>De Hna. Jude Ellen Golumbieski, EE.UU. (Provincia de Mid-North America)<\/em><\/p>\n<p>Gracias, Hermana Mary Johnson SNDdeN (Hermanas de Nuestra Se\u00f1ora de Namur), por compartir su punto de vista sobre algunos principios del Pensamiento Social Cat\u00f3lico. \u00a1Cu\u00e1n valioso ser\u00eda para nosotras incluir este tema en la formaci\u00f3n inicial y continua de nuestras Hermanas Contemplativas del Buen Pastor! Podr\u00eda ofrecernos la oportunidad de ver nuestro voto de <em>Celo<\/em> a trav\u00e9s de una nueva lente. Este voto, que nos llama -a vivir y rezar por la salvaci\u00f3n de las personas, especialmente de aquellas a las que sirve nuestra Congregaci\u00f3n- tiene un v\u00ednculo definido con los principios de la Doctrina Social Cat\u00f3lica: <strong>la promoci\u00f3n del bien com\u00fan<\/strong>, <strong>honrando la dignidad propia de cada persona<\/strong>, y <strong>manteniendo la tensi\u00f3n entre solidaridad y subsidiariedad<\/strong> en nuestras vidas, coincide con el deseo que tenemos de crecimiento y bienestar de cada persona.<\/p>\n<p>Hacemos voto de vivir y orar por la salvaci\u00f3n de las personas, especialmente de aquellas a las que sirve nuestra Congregaci\u00f3n.<\/p>\n<p><em>\u00bfQu\u00e9 puede significar esta salvaci\u00f3n para nosotras en la realidad de hoy?<\/em><\/p>\n<p>Jes\u00fas, el Buen Pastor, nos aclara este tema. En Juan 10,10, le escuchamos decir, ''<em>Yo he venido para que tengan vida, y para que la tengan en abundancia<\/em>.'' \u00bfNo es \u00e9sta una parte fundamental de la Doctrina Social Cat\u00f3lica?  \u00bfNo es esto a lo que nos llama nuestro voto?<\/p>\n<p>Cuando definimos los <strong>Elementos Esenciales<\/strong> de la vida contemplativa del Buen Pastor, colocamos la <strong>ternura<\/strong>, <strong>paz<\/strong>, y<strong> la integridad de la creaci\u00f3n<\/strong> en el coraz\u00f3n y la <strong>Primac\u00eda de Dios<\/strong> en la cabeza. Nuestras Constituciones nos desaf\u00edan a '<em>entregarnos a una ferviente intercesi\u00f3n a fin de que la belleza de la imagen de Dios sea revelada en cada persona<\/em>' (Const. 6) y para que cada persona tenga lo necesario para vivir plenamente.<\/p>\n<p>Hablamos de ir a los m\u00e1rgenes, pero el Hermano Philip Pinto plantea esta pregunta: ''<em>\u00bfQui\u00e9n traz\u00f3 los m\u00e1rgenes?''.<\/em> A trav\u00e9s de nuestras vidas de contemplaci\u00f3n y de incidencia, las hermanas contemplativas del Buen Pastor nos esforzamos por convertirnos en una goma de borrar que contribuya a hacer desaparecer las fronteras. Aceptamos la invitaci\u00f3n de acoger a todos y todas en el centro para que cada persona pueda ocupar su lugar justo y leg\u00edtimo en la mesa de Dios. Nos sentimos impulsadas a estar con todo el pueblo de Dios, compartiendo sus sufrimientos, alegr\u00edas, logros y fracasos. Sostenemos la creaci\u00f3n con ternura.<\/p>\n<p>La Doctrina-el Pensamiento-la Tradici\u00f3n Social Cat\u00f3lica nos ayuda a centrarnos en la realidad de hoy y a responder con claridad y compasi\u00f3n a la llamada a la vida que es tan apremiante.<\/p>\n<p>Vea la grabaci\u00f3n de Zoominar de la Hermana Mary Johnson sobre algunos principios de la Doctrina Social Cat\u00f3lica <a href=\"https:\/\/vimeo.com\/1065234700\/3526802bba\" target=\"_blank\" rel=\"noopener\">aqu\u00ed<\/a>.<\/p>","protected":false},"excerpt":{"rendered":"<p>By Sr. Jude Ellen Golumbieski, USA (Province of Mid-North America) Thank you, Sister Mary Johnson, Sisters of Notre Dame de Namur, for sharing your insight on some principles of Catholic Social Thinking*. \u00a0\u00a0How valuable it would be for us to include this topic in the initial and continuing formation for our Good Shepherd contemplative sisters! [&hellip;]<\/p>\n","protected":false},"author":2,"featured_media":11181,"comment_status":"closed","ping_status":"open","sticky":false,"template":"","format":"standard","meta":{"footnotes":""},"categories":[50,21,15],"tags":[],"class_list":["post-11180","post","type-post","status-publish","format-standard","has-post-thumbnail","hentry","category-bicentenary-jubilee","category-contemplative","category-spirituality"],"jetpack_featured_media_url":"https:\/\/www.olcgs.org\/wp-content\/uploads\/2025\/04\/JEG.png","_links":{"self":[{"href":"https:\/\/www.olcgs.org\/es\/wp-json\/wp\/v2\/posts\/11180","targetHints":{"allow":["GET"]}}],"collection":[{"href":"https:\/\/www.olcgs.org\/es\/wp-json\/wp\/v2\/posts"}],"about":[{"href":"https:\/\/www.olcgs.org\/es\/wp-json\/wp\/v2\/types\/post"}],"author":[{"embeddable":true,"href":"https:\/\/www.olcgs.org\/es\/wp-json\/wp\/v2\/users\/2"}],"replies":[{"embeddable":true,"href":"https:\/\/www.olcgs.org\/es\/wp-json\/wp\/v2\/comments?post=11180"}],"version-history":[{"count":2,"href":"https:\/\/www.olcgs.org\/es\/wp-json\/wp\/v2\/posts\/11180\/revisions"}],"predecessor-version":[{"id":11183,"href":"https:\/\/www.olcgs.org\/es\/wp-json\/wp\/v2\/posts\/11180\/revisions\/11183"}],"wp:featuredmedia":[{"embeddable":true,"href":"https:\/\/www.olcgs.org\/es\/wp-json\/wp\/v2\/media\/11181"}],"wp:attachment":[{"href":"https:\/\/www.olcgs.org\/es\/wp-json\/wp\/v2\/media?parent=11180"}],"wp:term":[{"taxonomy":"category","embeddable":true,"href":"https:\/\/www.olcgs.org\/es\/wp-json\/wp\/v2\/categories?post=11180"},{"taxonomy":"post_tag","embeddable":true,"href":"https:\/\/www.olcgs.org\/es\/wp-json\/wp\/v2\/tags?post=11180"}],"curies":[{"name":"wp","href":"https:\/\/api.w.org\/{rel}","templated":true}]}}