{"id":11254,"date":"2025-04-21T23:28:59","date_gmt":"2025-04-21T21:28:59","guid":{"rendered":"https:\/\/www.olcgs.org\/?p=11254"},"modified":"2026-04-27T12:29:18","modified_gmt":"2026-04-27T10:29:18","slug":"safeguarding-in-action-in-latin-america","status":"publish","type":"post","link":"https:\/\/www.olcgs.org\/es\/safeguarding-in-action-in-latin-america\/","title":{"rendered":"Salvaguardia en acci\u00f3n: Fortaleciendo la cultura del cuidado en Am\u00e9rica Latina"},"content":{"rendered":"<p><em>Por Mauricio Castillo Cortes, Comunicador de Unidad, Bolivia (Provincia de Bolivia \/ Chile)<\/em><\/p>\n<p>Durante abril de 2025, el equipo de Salvaguarda de la Provincia Bolivia\/Chile despleg\u00f3 diversas iniciativas formativas para fortalecer <strong>la cultura del cuidado, la dignidad y los entornos seguros<\/strong> en comunidades y apostolados. Las actividades, realizadas de manera presencial y virtual, involucraron a docentes, personas de contacto, animadoras provinciales y otros actores clave de distintas regiones.<\/p>\n<h4><strong>Visita y formaci\u00f3n en Ovalle<\/strong><\/h4>\n<p>El 10 de abril, el colegio Santa Eufrasia de Ovalle en Chile acogi\u00f3 una visita formativa dirigida a casi 100 docentes, con el objetivo de <strong>promover ambientes nutritivos y de buen trato<\/strong>. En esta jornada se present\u00f3 oficialmente el material adaptado de la Pol\u00edtica de Salvaguarda para ni\u00f1os, ni\u00f1as y adolescentes de entre 8 y 11 a\u00f1os.<\/p>\n<p style=\"text-align: center;\"><img fetchpriority=\"high\" decoding=\"async\" class=\"aligncenter wp-image-11261 size-large\" src=\"https:\/\/www.olcgs.org\/wp-content\/uploads\/2025\/04\/Formacion-Colegio-Ovalle-1_169-1024x576.jpeg\" alt=\"\" width=\"800\" height=\"450\" srcset=\"https:\/\/www.olcgs.org\/wp-content\/uploads\/2025\/04\/Formacion-Colegio-Ovalle-1_169-1024x576.jpeg 1024w, https:\/\/www.olcgs.org\/wp-content\/uploads\/2025\/04\/Formacion-Colegio-Ovalle-1_169-300x169.jpeg 300w, https:\/\/www.olcgs.org\/wp-content\/uploads\/2025\/04\/Formacion-Colegio-Ovalle-1_169-768x432.jpeg 768w, https:\/\/www.olcgs.org\/wp-content\/uploads\/2025\/04\/Formacion-Colegio-Ovalle-1_169-18x10.jpeg 18w, https:\/\/www.olcgs.org\/wp-content\/uploads\/2025\/04\/Formacion-Colegio-Ovalle-1_169.jpeg 1282w\" sizes=\"(max-width: 800px) 100vw, 800px\" \/><\/p>\n<p><em>\u201cNuestra infinita gratitud a quienes pensaron, dise\u00f1aron y ayudaron a sacar adelante el material de adaptaci\u00f3n para Ni\u00f1as, Ni\u00f1os y Adolescentes. No dudamos de que dar\u00e1 grandes frutos en nuestra provincia y en toda la Congregaci\u00f3n\u201d,<\/em> expres\u00f3 una de las personas presentes.<\/p>\n<p>Al t\u00e9rmino de la formaci\u00f3n, se celebr\u00f3 un espacio de acci\u00f3n de gracias junto al equipo de adaptaci\u00f3n de la pol\u00edtica, compuesto por nueve integrantes del colegio, junto a las personas clave Francisca L\u00f3pez y Ver\u00f3nica Reyes.<\/p>\n<h4><strong>Encuentro formativo provincial con personas de contacto<\/strong><\/h4>\n<p>El viernes 11 de abril se realiz\u00f3 un encuentro formativo virtual, v\u00eda Zoom, con 27 personas de contacto de apostolados y comunidades de Bolivia y Chile, adem\u00e1s de las tres personas clave provinciales.<\/p>\n<p>Entre los testimonios recogidos, destac\u00f3 la reflexi\u00f3n de una participante <em>\u201cGracias a la formaci\u00f3n, veo que es responsabilidad de todos\/as crear entornos seguros y protectores\u201d.<\/em><\/p>\n<p>En la jornada se reforzaron las normas de la pol\u00edtica de salvaguarda, se dio la bienvenida a nuevos integrantes y se trabajaron casos pr\u00e1cticos para fortalecer el discernimiento y la respuesta ante situaciones complejas.<\/p>\n<h4><strong>Formaci\u00f3n sobre el C\u00f3digo de Conducta Congregacional<\/strong><\/h4>\n<p>El lunes 14 de abril se llev\u00f3 a cabo una jornada de formaci\u00f3n y actualizaci\u00f3n dirigida a personas clave de las provincias de Argentina\/Uruguay, Brasil\/Paraguay, Per\u00fa y Bolivia\/Chile. La capacitaci\u00f3n, liderada por la Hna. Carolina Madariaga, reuni\u00f3 a nueve representantes, entre ellas la animadora de Unidad, Hna. Sandra Su\u00e1rez Cordero.<\/p>\n<p>El objetivo fue profundizar en el C\u00f3digo de Conducta Congregacional, con miras a replicar esta formaci\u00f3n en otras comunidades y apostolados.<\/p>\n<h4><strong>Lanzamiento de la sexta c\u00e1psula de Salvaguarda<\/strong><\/h4>\n<p>El jueves 17 de abril, en el marco del Jueves Santo, se lanz\u00f3 la <strong>sexta c\u00e1psula de Salvaguarda<\/strong> , enfocada en el abordaje de conflictos en grupos humanos. Este material, producido en colaboraci\u00f3n con el equipo del Centro de Comunicaci\u00f3n Provincial y grabado por Francisca L\u00f3pez y Carolina Tello, fue distribuido a trav\u00e9s de mensajer\u00eda m\u00f3vil, correo electr\u00f3nico y la p\u00e1gina web provincial. Adem\u00e1s, se comparti\u00f3 con otras unidades, consolid\u00e1ndose como una valiosa herramienta formativa y de sensibilizaci\u00f3n.<\/p>\n<p>Puede ver el v\u00eddeo a continuaci\u00f3n:<\/p>\n<p style=\"text-align: center;\"><iframe title=\"Reproductor de videos de YouTube\" src=\"https:\/\/www.youtube.com\/embed\/e09Wc5GB3AA?si=FxN-ufn5OgCpcXpY\" width=\"560\" height=\"315\" frameborder=\"0\" allowfullscreen=\"allowfullscreen\"><\/iframe><\/p>\n<p>Si quieres acceder a estas c\u00e1psulas y las otras cinco, visita este enlace <a href=\"http:\/\/www.youtube.com\/playlist?list=PLfkosoGhhQZiL-ZETV9ewhVL5UdgPx9e2\">www.youtube.com\/playlist?list=PLfkosoGhhQZiL-ZETV9ewhVL5UdgPx9e2<\/a><\/p>\n<p>&nbsp;<\/p>","protected":false},"excerpt":{"rendered":"<p>By Mauricio Castillo Cortes, Unit Communicator, Bolivia (Province of Bolivia \/ Chile) During April 2025, the Safeguarding Team of the Province of Bolivia\/Chile carried out several training initiatives to strengthen a culture of care, dignity, and safe environments across communities and ministries. These activities, held both in-person and virtually, involved teachers, safeguarding focal points, provincial [&hellip;]<\/p>\n","protected":false},"author":2,"featured_media":11257,"comment_status":"closed","ping_status":"open","sticky":false,"template":"","format":"standard","meta":{"footnotes":""},"categories":[74,38,40,39,41,45,73],"tags":[],"class_list":["post-11254","post","type-post","status-publish","format-standard","has-post-thumbnail","hentry","category-argentina","category-bolivia","category-brazil","category-chile","category-paraguay","category-peru","category-uruguay"],"jetpack_featured_media_url":"https:\/\/www.olcgs.org\/wp-content\/uploads\/2025\/04\/Formacion-Colegio-Ovalle-3_main.jpeg","_links":{"self":[{"href":"https:\/\/www.olcgs.org\/es\/wp-json\/wp\/v2\/posts\/11254","targetHints":{"allow":["GET"]}}],"collection":[{"href":"https:\/\/www.olcgs.org\/es\/wp-json\/wp\/v2\/posts"}],"about":[{"href":"https:\/\/www.olcgs.org\/es\/wp-json\/wp\/v2\/types\/post"}],"author":[{"embeddable":true,"href":"https:\/\/www.olcgs.org\/es\/wp-json\/wp\/v2\/users\/2"}],"replies":[{"embeddable":true,"href":"https:\/\/www.olcgs.org\/es\/wp-json\/wp\/v2\/comments?post=11254"}],"version-history":[{"count":7,"href":"https:\/\/www.olcgs.org\/es\/wp-json\/wp\/v2\/posts\/11254\/revisions"}],"predecessor-version":[{"id":14413,"href":"https:\/\/www.olcgs.org\/es\/wp-json\/wp\/v2\/posts\/11254\/revisions\/14413"}],"wp:featuredmedia":[{"embeddable":true,"href":"https:\/\/www.olcgs.org\/es\/wp-json\/wp\/v2\/media\/11257"}],"wp:attachment":[{"href":"https:\/\/www.olcgs.org\/es\/wp-json\/wp\/v2\/media?parent=11254"}],"wp:term":[{"taxonomy":"category","embeddable":true,"href":"https:\/\/www.olcgs.org\/es\/wp-json\/wp\/v2\/categories?post=11254"},{"taxonomy":"post_tag","embeddable":true,"href":"https:\/\/www.olcgs.org\/es\/wp-json\/wp\/v2\/tags?post=11254"}],"curies":[{"name":"wp","href":"https:\/\/api.w.org\/{rel}","templated":true}]}}