{"id":11302,"date":"2025-05-09T16:26:16","date_gmt":"2025-05-09T14:26:16","guid":{"rendered":"https:\/\/www.olcgs.org\/?p=11302"},"modified":"2025-05-09T16:47:10","modified_gmt":"2025-05-09T14:47:10","slug":"habemus-papam-leo-xiv","status":"publish","type":"post","link":"https:\/\/www.olcgs.org\/es\/habemus-papam-leo-xiv\/","title":{"rendered":"\u2018Habemus Papam\u2019: Buenos deseos y oraciones por Nuestro Santo Padre, el Papa Le\u00f3n XIV"},"content":{"rendered":"<p>Santo Padre, Papa Le\u00f3n XIV, con <strong>el coraz\u00f3n lleno de alegr\u00eda y profunda gratitud a Dios<\/strong>, nosotras, Hermanas de Nuestra Se\u00f1ora de la Caridad del Buen Pastor, y nuestros partners laicos\/as en la misi\u00f3n, le expresamos nuestros m\u00e1s sinceros deseos y oraciones por su elecci\u00f3n como <strong>Obispo de Roma, Sucesor de Pedro y Pastor de la Iglesia Universal<\/strong>. Nos alegramos con toda la Iglesia y con el mundo entero de que el soplo del Esp\u00edritu Santo haya agitado de nuevo las aguas, regal\u00e1ndonos su liderazgo en este momento de la historia. Tenga la seguridad de nuestras oraciones llenas de amor, al comenzar este sagrado ministerio que <strong>guiar\u00e1, sanar\u00e1 y unir\u00e1 al pueblo de Dios en todas las partes del mundo<\/strong>.<\/p>\n<p>Santo Padre, nos unimos a usted en la <strong>misi\u00f3n de reconciliaci\u00f3n, compasi\u00f3n y misericordia<\/strong>, especialmente con las personas marginadas de la sociedad. Nuestros corazones laten en profunda solidaridad con el suyo, mientras lleva el peso de las esperanzas y los dolores de la humanidad, el grito de los pobres, los heridos, los desamparados y los excluidos. Que el dulce poder del Cristo Resucitado le fortalezca mientras encarna la ternura de Dios en un mundo herido, <strong>construyendo puentes de di\u00e1logo, paz y justicia en todos los lugares de nuestra familia global<\/strong>.<\/p>\n<p>Como religiosas y partners laicos\/as comprometidos con el empoderamiento de las mujeres y de las ni\u00f1as, la restituci\u00f3n de la dignidad a las personas vulnerables y la proclamaci\u00f3n de la Buena Nueva del amor inclusivo de Dios, nos sentimos inspirados\/as por su valent\u00eda, humildad y esperanza. Santo Padre, nos comprometemos a caminar con usted en<strong> sinodalidad<\/strong>, co-creando <strong>espacios de escucha contemplativa, pertenencia, testimonio prof\u00e9tico y acci\u00f3n transformadora<\/strong>. Que su voz despierte los corazones a la misericordia; que sus manos sigan bendiciendo, levantando y abrazando; que su liderazgo brille como un faro de esperanza para todas las personas que anhelan la sanaci\u00f3n y el regreso a casa.<\/p>\n<p>Con Mar\u00eda, Madre de la Iglesia, San Juan Eudes, Santa Mar\u00eda Eufrasia y la Beata Aguchita, le encomendamos al cuidado providencial de Dios. Que el Esp\u00edritu Santo le conceda sabidur\u00eda, alegr\u00eda y paz profunda en el pastoreo de la humanidad y de toda la creaci\u00f3n que le ha sido confiada. Tenga la seguridad de nuestras continuas oraciones, nuestro apoyo y nuestra comuni\u00f3n, mientras nos comprometemos juntos\/as a ser peregrinos\/as de esperanza en la construcci\u00f3n de un mundo donde prevalezcan <strong>el amor, la justicia<\/strong> y la compasi\u00f3n.<\/p>\n<p>Con abundantes bendiciones de Dios,<\/p>\n<p><img decoding=\"async\" class=\"alignleft wp-image-11303\" src=\"https:\/\/www.olcgs.org\/wp-content\/uploads\/2025\/05\/Picture2.png\" alt=\"\" width=\"172\" height=\"73\" srcset=\"https:\/\/www.olcgs.org\/wp-content\/uploads\/2025\/05\/Picture2.png 250w, https:\/\/www.olcgs.org\/wp-content\/uploads\/2025\/05\/Picture2-18x8.png 18w\" sizes=\"(max-width: 172px) 100vw, 172px\" \/><\/p>\n<p>&nbsp;<\/p>\n<p>&nbsp;<\/p>\n<p>&nbsp;<\/p>\n<p>Hna. Joan Marie Lopez,<\/p>\n<p>Animadora Congregacional, el Equipo de Liderazgo,<\/p>\n<p>y todas las Hermanas y Partners laicos\/as en la Misi\u00f3n<\/p>\n<p>&nbsp;<\/p>\n<p>Descargar la carta <a href=\"https:\/\/doc.gssweb.org\/OLCGS%20WebSite\/CLT\/2025%2005%2009%20Message%20to%20Pope%20Leo%20XIV-en.pdf\" target=\"_blank\" rel=\"noopener\">aqu\u00ed<\/a>.<\/p>","protected":false},"excerpt":{"rendered":"<p>Most Holy Father, Pope Leo XIV, with hearts full of joy and profound gratitude to God, we, the Sisters of Our Lady of Charity of the Good Shepherd and our lay partners-in-mission, offer you our heartfelt wishes and prayers on your election as the Bishop of Rome, Successor of Peter and Shepherd of the Universal [&hellip;]<\/p>\n","protected":false},"author":2,"featured_media":11309,"comment_status":"closed","ping_status":"open","sticky":false,"template":"","format":"standard","meta":{"footnotes":""},"categories":[67,63],"tags":[],"class_list":["post-11302","post","type-post","status-publish","format-standard","has-post-thumbnail","hentry","category-congregational-leadership-team","category-flash-news"],"jetpack_featured_media_url":"https:\/\/www.olcgs.org\/wp-content\/uploads\/2025\/05\/Untitled-design-12.png","_links":{"self":[{"href":"https:\/\/www.olcgs.org\/es\/wp-json\/wp\/v2\/posts\/11302","targetHints":{"allow":["GET"]}}],"collection":[{"href":"https:\/\/www.olcgs.org\/es\/wp-json\/wp\/v2\/posts"}],"about":[{"href":"https:\/\/www.olcgs.org\/es\/wp-json\/wp\/v2\/types\/post"}],"author":[{"embeddable":true,"href":"https:\/\/www.olcgs.org\/es\/wp-json\/wp\/v2\/users\/2"}],"replies":[{"embeddable":true,"href":"https:\/\/www.olcgs.org\/es\/wp-json\/wp\/v2\/comments?post=11302"}],"version-history":[{"count":3,"href":"https:\/\/www.olcgs.org\/es\/wp-json\/wp\/v2\/posts\/11302\/revisions"}],"predecessor-version":[{"id":11307,"href":"https:\/\/www.olcgs.org\/es\/wp-json\/wp\/v2\/posts\/11302\/revisions\/11307"}],"wp:featuredmedia":[{"embeddable":true,"href":"https:\/\/www.olcgs.org\/es\/wp-json\/wp\/v2\/media\/11309"}],"wp:attachment":[{"href":"https:\/\/www.olcgs.org\/es\/wp-json\/wp\/v2\/media?parent=11302"}],"wp:term":[{"taxonomy":"category","embeddable":true,"href":"https:\/\/www.olcgs.org\/es\/wp-json\/wp\/v2\/categories?post=11302"},{"taxonomy":"post_tag","embeddable":true,"href":"https:\/\/www.olcgs.org\/es\/wp-json\/wp\/v2\/tags?post=11302"}],"curies":[{"name":"wp","href":"https:\/\/api.w.org\/{rel}","templated":true}]}}