{"id":11373,"date":"2025-05-20T10:15:13","date_gmt":"2025-05-20T08:15:13","guid":{"rendered":"https:\/\/www.olcgs.org\/?p=11373"},"modified":"2025-05-30T17:49:58","modified_gmt":"2025-05-30T15:49:58","slug":"a-journey-of-faith-sr-hedwig-joehl","status":"publish","type":"post","link":"https:\/\/www.olcgs.org\/es\/a-journey-of-faith-sr-hedwig-joehl\/","title":{"rendered":"Un Camino de Fe: La Hna. Hedwig Joehl Reflexiona sobre el Sagrado Tapiz de la Vida"},"content":{"rendered":"<p>Por <em>Hna. Hedwig Joehl, Suiza (Provincia de Austria\/Suiza\/Rep\u00fablica Checa)<\/em><\/p>\n<p style=\"text-align: center;\"><strong><em>\"La obediencia es una b\u00fasqueda compartida de la voluntad de Dios. Es diferente a simplemente obedecer a un superior.\"\u00a0 <\/em>(Hna. Hedwig Joehl)<\/strong><\/p>\n<p>Encontrar y comprender el prop\u00f3sito de Dios para m\u00ed ha sido una experiencia <strong>humilde y empoderadora<\/strong>. Es un camino moldeado no solo por mi relaci\u00f3n personal con Dios, sino tambi\u00e9n por mis interacciones con los dem\u00e1s: las vidas que toco y las que, a su vez, tocan la m\u00eda. A trav\u00e9s de experiencias de profunda conexi\u00f3n, humanidad compartida y respeto mutuo, he llegado a ver mi camino como parte de un <strong>tapiz sagrado<\/strong> mayor que abarca a personas de todas las religiones y creencias, o incluso de ninguna. Es en este camino que he comprendido la hermosa verdad universal de una misi\u00f3n compartida de salvaguardar, no da\u00f1ar y cuidar a la humanidad.<\/p>\n<p>Un momento crucial para mi fe y mi prop\u00f3sito lleg\u00f3 cuando enfrent\u00e9 una decisi\u00f3n crucial sobre d\u00f3nde vivir\u00eda despu\u00e9s de dejar Ginebra en 2016. Mi reacci\u00f3n inicial fue afirmar con seguridad, \"<em>Puedo vivir donde sea<\/em>.'' Sin embargo, al reflexionar profundamente en oraci\u00f3n y buscar la gu\u00eda de Dios, la decisi\u00f3n tuvo una trascendencia mayor de la que imaginaba. Me qued\u00f3 claro que no se trataba solo de geograf\u00eda, sino de vivir intencionalmente seg\u00fan la voluntad de Dios. Tras mucha <strong>contemplaci\u00f3n y discernimiento espiritual<\/strong>, me mud\u00e9 a San Galo, Suiza. All\u00ed encontr\u00e9 no solo un entorno enriquecedor para mi alma, sino tambi\u00e9n oportunidades para servir a trav\u00e9s del compromiso y la conexi\u00f3n con la comunidad.<\/p>\n<p>Este proceso reforz\u00f3 una lecci\u00f3n profunda para m\u00ed: la obediencia a la voluntad de Dios no es una rendici\u00f3n pasiva, sino una b\u00fasqueda activa y mutua de alineamiento con el prop\u00f3sito divino de Dios. Es en esta obediencia compartida que se construye la confianza y se hace evidente el cumplimiento del llamado.<\/p>\n<p><strong>Comprensi\u00f3n a trav\u00e9s de la conexi\u00f3n<\/strong><\/p>\n<p><img fetchpriority=\"high\" decoding=\"async\" class=\"alignleft size-full wp-image-11669\" src=\"https:\/\/www.olcgs.org\/wp-content\/uploads\/2025\/05\/Sr.-Hedwig-1.jpg\" alt=\"\" width=\"185\" height=\"320\" srcset=\"https:\/\/www.olcgs.org\/wp-content\/uploads\/2025\/05\/Sr.-Hedwig-1.jpg 185w, https:\/\/www.olcgs.org\/wp-content\/uploads\/2025\/05\/Sr.-Hedwig-1-173x300.jpg 173w, https:\/\/www.olcgs.org\/wp-content\/uploads\/2025\/05\/Sr.-Hedwig-1-7x12.jpg 7w\" sizes=\"(max-width: 185px) 100vw, 185px\" \/>A lo largo de mi vida religiosa, he sido testigo del poder de la conexi\u00f3n arraigada en la fe y la compasi\u00f3n. Una relaci\u00f3n particularmente conmovedora fue con una mujer musulmana de Siria a quien conoc\u00ed a trav\u00e9s de su esposo, mi peluquero. Su rostro se ilumin\u00f3 cuando le tend\u00ed la mano de la amistad, algo que necesitaba profundamente en un pa\u00eds desconocido. A pesar de las barreras del idioma, fomentamos una conexi\u00f3n basada en<strong> la confianza, el respeto mutuo y las experiencias compartidas <\/strong>compartidas a trav\u00e9s de diferentes creencias. Momentos como sostener a su beb\u00e9 reci\u00e9n nacido en mis brazos \u2014una muestra de su Confianza y Fe\u2014 me recordaron la profunda humanidad que nos conecta a todos, independientemente de la religi\u00f3n o la cultura.<\/p>\n<p>Aprender sobre su fe, sus pr\u00e1cticas \u00fanicas y su vida familiar tambi\u00e9n me abri\u00f3 los ojos a las sutiles expresiones de la espiritualidad en la vida diaria. Finalmente, esta relaci\u00f3n se convirti\u00f3 en un reflejo de c\u00f3mo vivir la fe con autenticidad puede superar las divisiones y crear espacios sagrados para la comprensi\u00f3n.<\/p>\n<p>Una experiencia paralela ocurri\u00f3 al dirigir un programa para compartir la Fe. Personas comprometidas con la oraci\u00f3n personal profunda y la Palabra de Dios mostraron un crecimiento notable en su camino de Fe. \nEstas sesiones no se centraban solo en el conocimiento de las Escrituras, sino en vivir estas ense\u00f1anzas en la vida diaria. Observar esta transformaci\u00f3n reafirm\u00f3 en m\u00ed el concepto de la fe en acci\u00f3n, donde la Palabra se hace vida.<\/p>\n<p><strong>Nuestro camino com\u00fan en Dios<\/strong><\/p>\n<p>Existe una profunda interconexi\u00f3n en nuestros caminos espirituales, especialmente en lo que respecta al cuidado mutuo y la protecci\u00f3n de la dignidad humana. Al participar en c\u00edrculos de intercambio b\u00edblico, retiros interreligiosos y en mi labor de protecci\u00f3n espiritual, he observado la universalidad de los principios de no hacer da\u00f1o, compasi\u00f3n y elevaci\u00f3n espiritual. Reunirme con personas que abordan la espiritualidad desde diferentes perspectivas siempre revela una verdad compartida -<strong>compartimos la misi\u00f3n de reflejar el amor y la justicia de Dios en el mundo<\/strong>.<\/p>\n<p>Al final del Ramad\u00e1n de este a\u00f1o, fui testigo de esta comprensi\u00f3n compartida del prop\u00f3sito al interactuar con musulmanes en mi comunidad local. Su compromiso con el ayuno y la oraci\u00f3n, junto con mi dedicaci\u00f3n a la meditaci\u00f3n y las Escrituras, enfatizaron la universalidad de la disciplina espiritual. Estos momentos de reflexi\u00f3n mutua me recordaron que la protecci\u00f3n espiritual no se limita a proteger el bienestar f\u00edsico; tambi\u00e9n incluye nutrir corazones, mentes y esp\u00edritus, y respetar la dignidad inherente a cada vida humana.<\/p>\n<p><strong>Lecciones de fe y acci\u00f3n<\/strong><\/p>\n<p>De estas experiencias, aprend\u00ed que la fe no es pasiva, sino que exige obediencia activa: comprometerse con la voluntad de Dios mediante el discernimiento y la acci\u00f3n intencional. Descubr\u00ed que <strong>la conexi\u00f3n genuina puede trascender las fronteras del idioma, la cultura y la fe<\/strong>, bas\u00e1ndose en valores compartidos como la confianza y el amor. Tambi\u00e9n llegu\u00e9 a comprender que, entre las diferentes religiones, existe una misi\u00f3n com\u00fan: proteger la dignidad humana y cuidar de los vulnerables. M\u00e1s importante a\u00fan, comprend\u00ed que el crecimiento espiritual florece en comunidad, donde la fe compartida profundiza nuestra comprensi\u00f3n de la Palabra de Dios e inspira una transformaci\u00f3n duradera.<\/p>\n<p><strong>Viviendo juntos nuestro llamado<\/strong><\/p>\n<p>En \u00faltima instancia, mis reflexiones refuerzan la creencia de que nuestros caminos, aunque personales, est\u00e1n profundamente entrelazados a trav\u00e9s de una historia superior escrita por Dios. Cada interacci\u00f3n, cada relaci\u00f3n y cada decisi\u00f3n guiada por la fe ofrece una oportunidad sagrada para crecer y edificarnos mutuamente. Ya sea sirviendo a trav\u00e9s de programas de protecci\u00f3n o conectando con alguien que cruza las fronteras de la fe, mi prop\u00f3sito es claro: caminar sin miedo en la fe y Compasi\u00f3n, como ejemplific\u00f3 <strong>Juan el Bautista<\/strong> al ayudar a otros en su camino espiritual y personal.<\/p>\n<p>Mi esperanza \u2014y mi invitaci\u00f3n\u2014 es que aborden su camino de fe como una vocaci\u00f3n para crear comunidades donde cada ser humano se sienta visto, valorado y amado. \nJuntos, nuestros caminos individuales pueden tejer una historia colectiva que ilumine la presencia de Dios en nuestra misi\u00f3n compartida de cuidar de la humanidad.<\/p>\n<p>&nbsp;<\/p>","protected":false},"excerpt":{"rendered":"<p>By Sr. Hedwig Joehl, Switzerland (Province of Austria\/Switzerland\/Czech Republic) &#8220;Obedience is a shared pursuit of God&#8217;s will. That&#8217;s different than simply obeying a superior.&#8221;\u00a0 (Sr. Hedwig Joehl) Finding and understanding God\u2019s purpose for me has been both humbling and empowering. It is a path not just shaped by my personal relationship with God, but also [&hellip;]<\/p>\n","protected":false},"author":2,"featured_media":11409,"comment_status":"closed","ping_status":"open","sticky":false,"template":"","format":"standard","meta":{"footnotes":""},"categories":[79],"tags":[],"class_list":["post-11373","post","type-post","status-publish","format-standard","has-post-thumbnail","hentry","category-switzerland"],"jetpack_featured_media_url":"https:\/\/www.olcgs.org\/wp-content\/uploads\/2025\/05\/Hedwig-2.jpg","_links":{"self":[{"href":"https:\/\/www.olcgs.org\/es\/wp-json\/wp\/v2\/posts\/11373","targetHints":{"allow":["GET"]}}],"collection":[{"href":"https:\/\/www.olcgs.org\/es\/wp-json\/wp\/v2\/posts"}],"about":[{"href":"https:\/\/www.olcgs.org\/es\/wp-json\/wp\/v2\/types\/post"}],"author":[{"embeddable":true,"href":"https:\/\/www.olcgs.org\/es\/wp-json\/wp\/v2\/users\/2"}],"replies":[{"embeddable":true,"href":"https:\/\/www.olcgs.org\/es\/wp-json\/wp\/v2\/comments?post=11373"}],"version-history":[{"count":2,"href":"https:\/\/www.olcgs.org\/es\/wp-json\/wp\/v2\/posts\/11373\/revisions"}],"predecessor-version":[{"id":11670,"href":"https:\/\/www.olcgs.org\/es\/wp-json\/wp\/v2\/posts\/11373\/revisions\/11670"}],"wp:featuredmedia":[{"embeddable":true,"href":"https:\/\/www.olcgs.org\/es\/wp-json\/wp\/v2\/media\/11409"}],"wp:attachment":[{"href":"https:\/\/www.olcgs.org\/es\/wp-json\/wp\/v2\/media?parent=11373"}],"wp:term":[{"taxonomy":"category","embeddable":true,"href":"https:\/\/www.olcgs.org\/es\/wp-json\/wp\/v2\/categories?post=11373"},{"taxonomy":"post_tag","embeddable":true,"href":"https:\/\/www.olcgs.org\/es\/wp-json\/wp\/v2\/tags?post=11373"}],"curies":[{"name":"wp","href":"https:\/\/api.w.org\/{rel}","templated":true}]}}