{"id":11405,"date":"2025-06-08T16:13:40","date_gmt":"2025-06-08T14:13:40","guid":{"rendered":"https:\/\/www.olcgs.org\/?p=11405"},"modified":"2025-06-08T18:31:09","modified_gmt":"2025-06-08T16:31:09","slug":"sr-madiha-traduos-blessed-maria-droste","status":"publish","type":"post","link":"https:\/\/www.olcgs.org\/es\/sr-madiha-traduos-blessed-maria-droste\/","title":{"rendered":"Hna. Madiha Traduos: El Milagro del Ejemplo de Mar\u00eda Droste"},"content":{"rendered":"<p><em><img decoding=\"async\" class=\"alignright wp-image-11702 size-medium\" src=\"https:\/\/www.olcgs.org\/wp-content\/uploads\/2025\/06\/Untitled-design-23_ed-142x300.png\" alt=\"\" width=\"142\" height=\"300\" srcset=\"https:\/\/www.olcgs.org\/wp-content\/uploads\/2025\/06\/Untitled-design-23_ed-142x300.png 142w, https:\/\/www.olcgs.org\/wp-content\/uploads\/2025\/06\/Untitled-design-23_ed-486x1024.png 486w, https:\/\/www.olcgs.org\/wp-content\/uploads\/2025\/06\/Untitled-design-23_ed-768x1617.png 768w, https:\/\/www.olcgs.org\/wp-content\/uploads\/2025\/06\/Untitled-design-23_ed-729x1536.png 729w, https:\/\/www.olcgs.org\/wp-content\/uploads\/2025\/06\/Untitled-design-23_ed-973x2048.png 973w, https:\/\/www.olcgs.org\/wp-content\/uploads\/2025\/06\/Untitled-design-23_ed-6x12.png 6w, https:\/\/www.olcgs.org\/wp-content\/uploads\/2025\/06\/Untitled-design-23_ed-scaled.png 1216w\" sizes=\"(max-width: 142px) 100vw, 142px\" \/>La Sra. Madiha Traduos celebrar\u00e1 <\/em><em>20 a\u00f1os desde que hizo sus primeros votos como hermana del Buen Pastor el 8 de septiembre de 2005, la misma fecha en que naci\u00f3 la Beata Mar\u00eda Droste Zu Vischering en 1863. Hoy (6 de junio), en la fiesta de la Beata Mar\u00eda Droste, la Hna. Madiha comparte los momentos clave que definieron su vocaci\u00f3n y su profunda conexi\u00f3n y devoci\u00f3n a la Beata Mar\u00eda Droste, cuyo ejemplo ha reafirmado su poder de resiliencia, aceptaci\u00f3n y compromiso.<\/em><\/p>\n<p>&nbsp;<\/p>\n<p>Mucho antes de entrar en la vida religiosa, siempre me sent\u00ed \u00edntimamente cercana a Jes\u00fas, el Buen Pastor, y nunca dud\u00e9 del llamado de mi vocaci\u00f3n para convertirme en hermana. Al principio, pens\u00e9 que estaba llamada a ser una carmelita contemplativa, como Teresa de Lisieux, pero mis padres estaban en contra de la idea. Con el tiempo, mientras viv\u00eda en El Cairo, la hermana Simone Basharon me habl\u00f3 de las Hermanas del Buen Pastor, que estaban a solo 20 minutos de mi casa. Supe que ese era mi lugar.<\/p>\n<p>Antes de entrar como postulante, la Hna. Th\u00e9r\u00e8se Mikhail me envi\u00f3 a Siria y L\u00edbano para un '<em>mirante'<\/em> . Una experiencia magn\u00edfica: descubrir la <strong>espiritualidad a trav\u00e9s de la misi\u00f3n<\/strong>: prisiones, juventud, catecismo y muchas otras actividades de alcance hacia ni\u00f1as y mujeres.<\/p>\n<p>Al a\u00f1o siguiente, fui la \u00fanica persona en ingresar al noviciado, donde, bajo la gu\u00eda de mi maestra de novicias, la Hna. Th\u00e9r\u00e8se Marie Riad, crec\u00ed y descubr\u00ed m\u00e1s sobre <strong>San Juan Eudes y Santa Mar\u00eda Eufrasia.<\/strong> A\u00fan as\u00ed, a veces a\u00f1oraba mi vida anterior\u2014\u00bfera eso <em>tentaci\u00f3n<\/em>?<\/p>\n<p>Despu\u00e9s de mis primeros votos, fui enviada en misi\u00f3n a Port Said, en el noreste de Egipto, a lo largo de la costa del mar Mediterr\u00e1neo. All\u00ed, dos postulantes ingresaron el mismo d\u00eda en que hice mis votos, y la Hna. Th\u00e9r\u00e8se Mikhail me pidi\u00f3 que las acompa\u00f1ara y les presentara el libro sobre Santa Mar\u00eda Eufrasia: \u201c<em>Nada es imposible para el amor<\/em>.\u201d<\/p>\n<p style=\"text-align: center;\"><img fetchpriority=\"high\" decoding=\"async\" class=\"size-large wp-image-11697 aligncenter\" src=\"https:\/\/www.olcgs.org\/wp-content\/uploads\/2025\/06\/IMG-20250522-WA0003-2_169_ed-1024x509.jpg\" alt=\"\" width=\"800\" height=\"398\" srcset=\"https:\/\/www.olcgs.org\/wp-content\/uploads\/2025\/06\/IMG-20250522-WA0003-2_169_ed-1024x509.jpg 1024w, https:\/\/www.olcgs.org\/wp-content\/uploads\/2025\/06\/IMG-20250522-WA0003-2_169_ed-300x149.jpg 300w, https:\/\/www.olcgs.org\/wp-content\/uploads\/2025\/06\/IMG-20250522-WA0003-2_169_ed-768x382.jpg 768w, https:\/\/www.olcgs.org\/wp-content\/uploads\/2025\/06\/IMG-20250522-WA0003-2_169_ed-18x9.jpg 18w, https:\/\/www.olcgs.org\/wp-content\/uploads\/2025\/06\/IMG-20250522-WA0003-2_169_ed.jpg 1223w\" sizes=\"(max-width: 800px) 100vw, 800px\" \/><\/p>\n<p>Tres a\u00f1os despu\u00e9s, a petici\u00f3n de la Hna. Karima Tamer, fui enviada a Shubra en El Cairo, Egipto, para ayudar a la Hna. Simone Basharon en la escuela de lengua francesa y acompa\u00f1ar a dos prepostulantes.<\/p>\n<p>M\u00e1s tarde ese mismo a\u00f1o, la Hna. Karima me envi\u00f3 a Francia para mejorar mi franc\u00e9s y vivir una experiencia internacional, en la Comunidad de Formaci\u00f3n. Tuve la gran fortuna de poder participar en la <em>Camino de Enriquecimiento<\/em> , junto con la Hna. Odile Laugier y la Hna. Marie Fran\u00e7oise Le Brizaut. Vivir en Angers me ofreci\u00f3 una oportunidad para <strong>profundizar mi relaci\u00f3n con nuestros fundadores espirituales <\/strong>Mientras caminaba donde Santa Mar\u00eda Eufrasia hab\u00eda caminado, estudiando su vida y la de San Juan Eudes. \u00a1Fue un a\u00f1o inolvidable, y todav\u00eda gozaba de plena salud!<\/p>\n<p>Despu\u00e9s de ese a\u00f1o, Karima Tamer me pidi\u00f3 que asumiera la responsabilidad de la Escuela Francesa en El Cairo. Llor\u00e9, no me sent\u00eda capaz. Pero hab\u00eda tomado un <strong>voto de obediencia<\/strong>, y con la gracia de Dios, el apoyo gentil de la Hna. Violette Cassis y su comunidad, mi director espiritual: el P. Nader Michel, y mi hermano Yunan, busqu\u00e9 mi fortaleza en las palabras \u201c<em>No tengas miedo<\/em>''.<\/p>\n<p style=\"text-align: center;\"><img decoding=\"async\" class=\"aligncenter wp-image-11699 size-large\" src=\"https:\/\/www.olcgs.org\/wp-content\/uploads\/2025\/06\/IMG-20250522-WA0000_169-1024x576.jpg\" alt=\"\" width=\"800\" height=\"450\" srcset=\"https:\/\/www.olcgs.org\/wp-content\/uploads\/2025\/06\/IMG-20250522-WA0000_169-1024x576.jpg 1024w, https:\/\/www.olcgs.org\/wp-content\/uploads\/2025\/06\/IMG-20250522-WA0000_169-300x169.jpg 300w, https:\/\/www.olcgs.org\/wp-content\/uploads\/2025\/06\/IMG-20250522-WA0000_169-768x432.jpg 768w, https:\/\/www.olcgs.org\/wp-content\/uploads\/2025\/06\/IMG-20250522-WA0000_169-18x10.jpg 18w, https:\/\/www.olcgs.org\/wp-content\/uploads\/2025\/06\/IMG-20250522-WA0000_169.jpg 1170w\" sizes=\"(max-width: 800px) 100vw, 800px\" \/><\/p>\n<p>En 2011, hice mi profesi\u00f3n perpetua, pero sufr\u00ed mucho; a menudo lloraba sola en mi habitaci\u00f3n. Con tantas responsabilidades, no ten\u00eda tiempo para orar. Aunque dorm\u00eda en la iglesia, me sent\u00eda desconectada del Se\u00f1or, y mis emociones me abrumaban. No pod\u00eda vivir lo que predicaba y a menudo me preguntaba: \"<em>\u00bfPor qu\u00e9 estoy aqu\u00ed?<\/em>Ya no me sent\u00eda completamente saludable.<\/p>\n<p>Mientras visitaba mi hogar esa Navidad, mis padres notaron que mi piel estaba llena de moretones. <strong>Pruebas urgentes realizadas<\/strong>, y finalmente me diagnosticaron con <strong>esclerodermia<\/strong>, una enfermedad rara. Comenc\u00e9 con quimioterapia de baja dosis semanal y otros medicamentos por mi cuenta, pero como no ten\u00eda dolor, no me lo tom\u00e9 muy en serio.<\/p>\n<p>Para 2013, estaba agotado. Le dije a la Hermana Simone Basharon que no pod\u00eda seguir, pero me ve\u00eda bien, y \"<em>manos<\/em>\" se necesitaban para el trabajo de la misi\u00f3n. Asist\u00ed a dos <em>formaci\u00f3n para formadores<\/em> sesiones en Kenia, donde aprend\u00ed sobre <strong>liderazgo participativo<\/strong> y el valor de encontrar tiempo para mi propio \u201c<em>espacio sagrado<\/em>''.<\/p>\n<p>Esa Navidad, estuve hospitalizado con fiebre. <strong>La enfermedad hab\u00eda afectado a ambos pulmones<\/strong>. Los doctores detuvieron el tratamiento: \"<em>Eres demasiado joven; no est\u00e1 funcionando<\/em>.\u201d<\/p>\n<p>Me enviaron al L\u00edbano para otro tratamiento: nueve meses de c\u00e1psulas, pero mis pulmones segu\u00edan deterior\u00e1ndose. El equipo de liderazgo de la provincia me envi\u00f3 a los EE. UU. para descansar, estudiar y buscar tratamiento m\u00e9dico. Pero los tratamientos en Am\u00e9rica no tuvieron \u00e9xito, y regres\u00e9 a Egipto en septiembre de 2016.<\/p>\n<p><img loading=\"lazy\" decoding=\"async\" class=\"alignleft wp-image-11698 size-medium\" src=\"https:\/\/www.olcgs.org\/wp-content\/uploads\/2025\/06\/IMG-20250522-WA0006_23_inset-220x300.jpg\" alt=\"\" width=\"220\" height=\"300\" srcset=\"https:\/\/www.olcgs.org\/wp-content\/uploads\/2025\/06\/IMG-20250522-WA0006_23_inset-220x300.jpg 220w, https:\/\/www.olcgs.org\/wp-content\/uploads\/2025\/06\/IMG-20250522-WA0006_23_inset-9x12.jpg 9w, https:\/\/www.olcgs.org\/wp-content\/uploads\/2025\/06\/IMG-20250522-WA0006_23_inset.jpg 469w\" sizes=\"(max-width: 220px) 100vw, 220px\" \/>Dos meses despu\u00e9s, me fui a Par\u00eds para ver al profesor Luc Mouthon, un especialista del Hospital Cochin, quien confirm\u00f3 mi diagn\u00f3stico y <strong>multiple other conditions from which I was suffering<\/strong>: esclerodermia, artritis reumatoide, fibrosis pulmonar, s\u00edndrome de Raynaud.<\/p>\n<p>Hab\u00eda esperado quedarme en Par\u00eds por un mes, pero termin\u00e9 qued\u00e1ndome por <strong>ocho a\u00f1os<\/strong>Finalmente fui recibido de nuevo en la comunidad de Angers, y qu\u00e9 alegr\u00eda fue ver caras conocidas. Viv\u00ed all\u00ed felizmente durante cuatro a\u00f1os, a pesar de los problemas de salud y de apenas poder caminar.<\/p>\n<p>No pude regresar a Egipto despu\u00e9s de que mi padre falleciera en 2017, pero mi madre vino a quedarse conmigo. Su presencia y el cuidado afectuoso de las hermanas me sostuvieron. Les agradezco por acogerme con todas mis enfermedades. Y luego <strong>un milagro<\/strong>: gracias a la medicaci\u00f3n, recuper\u00e9 mi autonom\u00eda y pude hacer compras, cocinar y asistir a citas solo.<\/p>\n<p>Durante esos cuatro a\u00f1os, estuve a cargo del Hogar Saint Vincent, donde me encargu\u00e9 de apoyar a muchas mujeres.<\/p>\n<p>Cuando estaba en Par\u00eds, la Hermana Helen Anne me habl\u00f3 de Mar\u00eda Droste, me dio un libro y una reliquia que siempre guardo en mi habitaci\u00f3n. Le\u00ed el libro, estaba contenta: mi enfermedad es de la misma \"familia\" que la suya.<\/p>\n<p><img loading=\"lazy\" decoding=\"async\" class=\"alignright size-medium wp-image-11704\" src=\"https:\/\/www.olcgs.org\/wp-content\/uploads\/2025\/06\/Untitled-design-21_ed-296x300.png\" alt=\"\" width=\"296\" height=\"300\" srcset=\"https:\/\/www.olcgs.org\/wp-content\/uploads\/2025\/06\/Untitled-design-21_ed-296x300.png 296w, https:\/\/www.olcgs.org\/wp-content\/uploads\/2025\/06\/Untitled-design-21_ed-1009x1024.png 1009w, https:\/\/www.olcgs.org\/wp-content\/uploads\/2025\/06\/Untitled-design-21_ed-768x779.png 768w, https:\/\/www.olcgs.org\/wp-content\/uploads\/2025\/06\/Untitled-design-21_ed-1514x1536.png 1514w, https:\/\/www.olcgs.org\/wp-content\/uploads\/2025\/06\/Untitled-design-21_ed-12x12.png 12w, https:\/\/www.olcgs.org\/wp-content\/uploads\/2025\/06\/Untitled-design-21_ed.png 1519w\" sizes=\"(max-width: 296px) 100vw, 296px\" \/><\/p>\n<p>Ese mismo a\u00f1o, cuando regres\u00e9 a la comunidad de Agape, la Hna. Chantal Laurent sugiri\u00f3 que rez\u00e1ramos una novena a Mar\u00eda Droste. Rec\u00e9 para que me diera la fuerza para soportar esta enfermedad. En el s\u00e9ptimo d\u00eda, recib\u00ed el sacramento de los enfermos: sent\u00ed una inmensa fuerza y alegr\u00eda. Hicimos otra novena. \u00bfEl milagro? Mar\u00eda Droste me ayud\u00f3 a aceptar y comprender mi enfermedad, escuchar mi cuerpo y vivir en el presente.<\/p>\n<p>Durante la pandemia de COVID, en particular, aprend\u00ed a vivir sola en paz. Le\u00ed y ofrec\u00ed acompa\u00f1amiento espiritual a otros por tel\u00e9fono.<\/p>\n<p><img loading=\"lazy\" decoding=\"async\" class=\"size-medium wp-image-11700 alignleft\" src=\"https:\/\/www.olcgs.org\/wp-content\/uploads\/2025\/06\/IMG-20250522-WA0002_169_inset-262x300.jpg\" alt=\"\" width=\"262\" height=\"300\" srcset=\"https:\/\/www.olcgs.org\/wp-content\/uploads\/2025\/06\/IMG-20250522-WA0002_169_inset-262x300.jpg 262w, https:\/\/www.olcgs.org\/wp-content\/uploads\/2025\/06\/IMG-20250522-WA0002_169_inset-10x12.jpg 10w, https:\/\/www.olcgs.org\/wp-content\/uploads\/2025\/06\/IMG-20250522-WA0002_169_inset.jpg 512w\" sizes=\"(max-width: 262px) 100vw, 262px\" \/>Ahora, gracias a la Hna. Magdalena Franciscus, estoy viviendo en una habitaci\u00f3n en \u201cl\u2019All\u00e9e Angevine\u201d. La Hna. Armelle Dehennault me apoya; acepto mi camino y encuentro fuerza al saber que Jes\u00fas tambi\u00e9n enfrent\u00f3 sus pruebas y tribulaciones. Encuentro consuelo viviendo en el presente, orando con otros en persona o por tel\u00e9fono, ofreciendo acompa\u00f1amiento espiritual y asistiendo a \u201c<em>Br\u00fajula<\/em>\" reuniones con j\u00f3venes.<\/p>\n<p>A lo largo de estos a\u00f1os, he tenido que aceptar que no puedo hacerlo todo, que estoy caminando por un camino para el cual no estaba preparado. Pero estoy profundamente agradecido de pertenecer a <strong>una congregaci\u00f3n internacional<\/strong> en los que he sido bienvenido en L\u00edbano, los EE.UU., y <strong>Francia<\/strong> \u2013 e incluso he podido regresar a casa para visitar a mis hermanas y a mi familia en Egipto. Me siento agradecido de caminar por el camino que Dios ha puesto delante de m\u00ed, <strong>siguiendo los pasos de Jes\u00fas, el Buen Pastor<\/strong>.<\/p>\n<p>\u2728<em> Aprende m\u00e1s sobre la Beata Mar\u00eda Droste <a href=\"https:\/\/www.olcgs.org\/es\/our-saints-and-blessed\/blessed-maria-droste\/\" target=\"_blank\" rel=\"noopener\">aqu\u00ed<\/a>.<\/em><\/p>\n<p><em>\u00a0<\/em><\/p>","protected":false},"excerpt":{"rendered":"<p>Sr. Madiha Traduos will celebrate 20 years since she made her first vows as a sister of the Good Shepherd on September 8, 2005 &#8211; the same date that Blessed Maria Droste Zu Vischering was born in 1863. Today (June 6), on the feast day of Blessed Maria Droste, Sr. Madiha shares about the pivotal [&hellip;]<\/p>\n","protected":false},"author":2,"featured_media":11694,"comment_status":"closed","ping_status":"open","sticky":false,"template":"","format":"standard","meta":{"footnotes":""},"categories":[85,80,52,86],"tags":[],"class_list":["post-11405","post","type-post","status-publish","format-standard","has-post-thumbnail","hentry","category-egypt","category-france","category-lebanon","category-syria"],"jetpack_featured_media_url":"https:\/\/www.olcgs.org\/wp-content\/uploads\/2025\/06\/Untitled-design-22.png","_links":{"self":[{"href":"https:\/\/www.olcgs.org\/es\/wp-json\/wp\/v2\/posts\/11405","targetHints":{"allow":["GET"]}}],"collection":[{"href":"https:\/\/www.olcgs.org\/es\/wp-json\/wp\/v2\/posts"}],"about":[{"href":"https:\/\/www.olcgs.org\/es\/wp-json\/wp\/v2\/types\/post"}],"author":[{"embeddable":true,"href":"https:\/\/www.olcgs.org\/es\/wp-json\/wp\/v2\/users\/2"}],"replies":[{"embeddable":true,"href":"https:\/\/www.olcgs.org\/es\/wp-json\/wp\/v2\/comments?post=11405"}],"version-history":[{"count":11,"href":"https:\/\/www.olcgs.org\/es\/wp-json\/wp\/v2\/posts\/11405\/revisions"}],"predecessor-version":[{"id":11708,"href":"https:\/\/www.olcgs.org\/es\/wp-json\/wp\/v2\/posts\/11405\/revisions\/11708"}],"wp:featuredmedia":[{"embeddable":true,"href":"https:\/\/www.olcgs.org\/es\/wp-json\/wp\/v2\/media\/11694"}],"wp:attachment":[{"href":"https:\/\/www.olcgs.org\/es\/wp-json\/wp\/v2\/media?parent=11405"}],"wp:term":[{"taxonomy":"category","embeddable":true,"href":"https:\/\/www.olcgs.org\/es\/wp-json\/wp\/v2\/categories?post=11405"},{"taxonomy":"post_tag","embeddable":true,"href":"https:\/\/www.olcgs.org\/es\/wp-json\/wp\/v2\/tags?post=11405"}],"curies":[{"name":"wp","href":"https:\/\/api.w.org\/{rel}","templated":true}]}}