{"id":11623,"date":"2025-05-30T11:14:44","date_gmt":"2025-05-30T09:14:44","guid":{"rendered":"https:\/\/www.olcgs.org\/?p=11623"},"modified":"2025-05-30T15:56:36","modified_gmt":"2025-05-30T13:56:36","slug":"170-years-san-felipe-chile","status":"publish","type":"post","link":"https:\/\/www.olcgs.org\/es\/170-years-san-felipe-chile\/","title":{"rendered":"170 a\u00f1os de Misi\u00f3n: El Buen Pastor celebr\u00f3 su legado en San Felipe y Chile"},"content":{"rendered":"<p><em>Por Mauricio Castillo Cortes, Comunicador de Unidad, Bolivia (Provincia de Bolivia \/ Chile)<\/em><\/p>\n<p><img decoding=\"async\" class=\"alignright size-full wp-image-11624\" src=\"https:\/\/www.olcgs.org\/wp-content\/uploads\/2025\/05\/Picture3.jpg\" alt=\"\" width=\"150\" height=\"150\" srcset=\"https:\/\/www.olcgs.org\/wp-content\/uploads\/2025\/05\/Picture3.jpg 150w, https:\/\/www.olcgs.org\/wp-content\/uploads\/2025\/05\/Picture3-12x12.jpg 12w\" sizes=\"(max-width: 150px) 100vw, 150px\" \/>Con profundo gozo y gratitud, la Congregaci\u00f3n del Buen Pastor conmemor\u00f3 <strong>170 a\u00f1os de presencia en San Felipe, Chile y Am\u00e9rica Latina. <\/strong>Esta significativa efem\u00e9ride fue celebrada con un programa conmemorativo cargado de memoria, espiritualidad y comunidad, reuniendo a religiosas, laicas, laicos y autoridades eclesi\u00e1sticas en torno al legado espiritual, social y pastoral de la Congregaci\u00f3n, especialmente en favor de mujeres y ni\u00f1as en situaci\u00f3n de vulnerabilidad.<\/p>\n<p><strong>misi\u00f3n del Buen Pastor<\/strong><\/p>\n<p>Las actividades comenzaron el jueves 22 de mayo con una jornada de reflexi\u00f3n titulada<em>D\u00eda de nuestro legado<\/em>\u201d, centrada en el impacto de la misi\u00f3n del Buen Pastor, tanto en el pasado como en la actualidad. La destacada historiadora Sol Serrano, profesora titular de la <a href=\"https:\/\/www.uc.cl\/\">Pontificia Universidad Cat\u00f3lica de Chile<\/a> y <a href=\"https:\/\/revistaatomo.com\/es\/2019\/07\/historiadora-de-pala-y-picota\/\">Premio Nacional de Historia 2018<\/a>, present\u00f3 una exposici\u00f3n basada en su obra <em><a href=\"https:\/\/www.scielo.cl\/scielo.php?script=sci_arttext&amp;pid=S0718-09342000004800011\">V\u00edrgenes viajeras<\/a><\/em>, que rescata <strong>rescata los relatos de religiosas francesas que llegaron a Chile entre 1837 y 1874<\/strong>.<\/p>\n<p style=\"text-align: center;\"><img fetchpriority=\"high\" decoding=\"async\" class=\"aligncenter size-large wp-image-11633\" src=\"https:\/\/www.olcgs.org\/wp-content\/uploads\/2025\/05\/Sin-titulo-12_169-1024x576.jpg\" alt=\"\" width=\"800\" height=\"450\" srcset=\"https:\/\/www.olcgs.org\/wp-content\/uploads\/2025\/05\/Sin-titulo-12_169-1024x576.jpg 1024w, https:\/\/www.olcgs.org\/wp-content\/uploads\/2025\/05\/Sin-titulo-12_169-300x169.jpg 300w, https:\/\/www.olcgs.org\/wp-content\/uploads\/2025\/05\/Sin-titulo-12_169-768x432.jpg 768w, https:\/\/www.olcgs.org\/wp-content\/uploads\/2025\/05\/Sin-titulo-12_169-1536x864.jpg 1536w, https:\/\/www.olcgs.org\/wp-content\/uploads\/2025\/05\/Sin-titulo-12_169-18x10.jpg 18w, https:\/\/www.olcgs.org\/wp-content\/uploads\/2025\/05\/Sin-titulo-12_169.jpg 1894w\" sizes=\"(max-width: 800px) 100vw, 800px\" \/><\/p>\n<p>A su vez, la hermana \u00c9rika S\u00e1nchez, consejera congregacional, abord\u00f3 los desaf\u00edos y horizontes de la Misi\u00f3n en el presente. La jornada se realiz\u00f3 en el sal\u00f3n principal del <a href=\"https:\/\/www.fundacionbuenpastor.cl\/index.php\">Conjunto Patrimonial Buen Pastor San Felipe<\/a>, escenario cargado de historia y significado para la Congregaci\u00f3n.<\/p>\n<p style=\"text-align: center;\"><img decoding=\"async\" class=\"aligncenter size-large wp-image-11634\" src=\"https:\/\/www.olcgs.org\/wp-content\/uploads\/2025\/05\/Sin-titulo-20_169-1024x576.jpg\" alt=\"\" width=\"800\" height=\"450\" srcset=\"https:\/\/www.olcgs.org\/wp-content\/uploads\/2025\/05\/Sin-titulo-20_169-1024x576.jpg 1024w, https:\/\/www.olcgs.org\/wp-content\/uploads\/2025\/05\/Sin-titulo-20_169-300x169.jpg 300w, https:\/\/www.olcgs.org\/wp-content\/uploads\/2025\/05\/Sin-titulo-20_169-768x432.jpg 768w, https:\/\/www.olcgs.org\/wp-content\/uploads\/2025\/05\/Sin-titulo-20_169-1536x864.jpg 1536w, https:\/\/www.olcgs.org\/wp-content\/uploads\/2025\/05\/Sin-titulo-20_169-18x10.jpg 18w, https:\/\/www.olcgs.org\/wp-content\/uploads\/2025\/05\/Sin-titulo-20_169.jpg 1868w\" sizes=\"(max-width: 800px) 100vw, 800px\" \/><\/p>\n<p>En este marco, la hermana Sandra Su\u00e1rez Cordero, Animadora Provincial de Bolivia y Chile, expres\u00f3 que \u201cha<em>ha sido una fiesta de memoria viva, de historias tejidas con compasi\u00f3n y entrega. Esta celebraci\u00f3n es un homenaje a tantas personas que han dado vida al carisma, llevando amor y esperanza a quienes m\u00e1s lo necesitan.<\/em>.\u201d<\/p>\n<p><strong>Eucarist\u00eda y encuentro comunitario<\/strong><\/p>\n<p><img loading=\"lazy\" decoding=\"async\" class=\"alignleft wp-image-11637 size-medium\" src=\"https:\/\/www.olcgs.org\/wp-content\/uploads\/2025\/05\/Sin-titulo-38_inset-149x300.jpg\" alt=\"\" width=\"149\" height=\"300\" srcset=\"https:\/\/www.olcgs.org\/wp-content\/uploads\/2025\/05\/Sin-titulo-38_inset-149x300.jpg 149w, https:\/\/www.olcgs.org\/wp-content\/uploads\/2025\/05\/Sin-titulo-38_inset-509x1024.jpg 509w, https:\/\/www.olcgs.org\/wp-content\/uploads\/2025\/05\/Sin-titulo-38_inset-768x1545.jpg 768w, https:\/\/www.olcgs.org\/wp-content\/uploads\/2025\/05\/Sin-titulo-38_inset-763x1536.jpg 763w, https:\/\/www.olcgs.org\/wp-content\/uploads\/2025\/05\/Sin-titulo-38_inset-6x12.jpg 6w, https:\/\/www.olcgs.org\/wp-content\/uploads\/2025\/05\/Sin-titulo-38_inset.jpg 980w\" sizes=\"(max-width: 149px) 100vw, 149px\" \/>El viernes 23 de mayo, la comunidad vivi\u00f3 una emotiva Eucarist\u00eda solemne presidida por Monse\u00f1or Gonzalo Bravo \u00c1lvarez, obispo diocesano. La celebraci\u00f3n fue transmitida por redes sociales, permitiendo que miembros de la Congregaci\u00f3n en otras latitudes tambi\u00e9n participaran. Entre los asistentes destacaron representantes del <a href=\"https:\/\/www.colegiosantamariaeufrasia.cl\/\">Colegio Santa Mar\u00eda Eufrasia<\/a>, <a href=\"https:\/\/www.mariareinaiqq.cl\/\">Liceo Polivalente Mar\u00eda Reina<\/a>, exalumnas del hogar Buen Pastor, as\u00ed como integrantes de las comunidades religiosas y laicas de la zona, la <a href=\"https:\/\/www.fundacionbuenpastor.cl\/index.php\/la-fundacion\">Fundaci\u00f3n Buen Pastor San Felipe<\/a>y el Centro de Espiritualidad.<\/p>\n<p>Por su parte, la hermana Francisca Ponce comparti\u00f3 su emoci\u00f3n: \"<em>Me conmueve la energ\u00eda de quienes nos acompa\u00f1an, que vibran con nuestra espiritualidad y nos inspiran. M\u00e1s all\u00e1 de nuestras diferencias, quien nos convoca es Jes\u00fas, y esa es la esencia de estos 170 a\u00f1os de misi\u00f3n<\/em>.\u201d<\/p>\n<p><strong>Arte, historia y gratitud<\/strong><\/p>\n<p>La conmemoraci\u00f3n incluy\u00f3 tambi\u00e9n un recorrido guiado por los espacios hist\u00f3ricos del conjunto patrimonial, como el huerto, la gruta original y el mausoleo, ofreciendo un v\u00ednculo tangible con <strong>historia viva de la Congregaci\u00f3n<\/strong>.<\/p>\n<p>El s\u00e1bado 24 de mayo, la m\u00fasica elev\u00f3 el esp\u00edritu con un concierto ofrecido por el destacado organista Jaime Carter en el \u00f3rgano Cavaill\u00e9-Coll, declarado Monumento Hist\u00f3rico en 2013. La presentaci\u00f3n tuvo lugar en la Iglesia Nuestra Se\u00f1ora del Carmen y culmin\u00f3 con una fraterna y sorora degustaci\u00f3n de vino y queso, s\u00edmbolo de comuni\u00f3n y gratitud.<\/p>\n<div style=\"width: 800px;\" class=\"wp-video\"><video class=\"wp-video-shortcode\" id=\"video-11623-1\" width=\"800\" height=\"450\" preload=\"metadata\" controls=\"controls\"><source type=\"video\/mp4\" src=\"https:\/\/www.olcgs.org\/wp-content\/uploads\/2025\/05\/WhatsApp-Video-2025-05-27-at-15.06.20.mp4?_=1\" \/><a href=\"https:\/\/www.olcgs.org\/wp-content\/uploads\/2025\/05\/WhatsApp-Video-2025-05-27-at-15.06.20.mp4\">https:\/\/www.olcgs.org\/wp-content\/uploads\/2025\/05\/WhatsApp-Video-2025-05-27-at-15.06.20.mp4<\/a><\/video><\/div>\n<p>&nbsp;<\/p>\n<p><img loading=\"lazy\" decoding=\"async\" class=\"alignleft size-medium wp-image-11630\" src=\"https:\/\/www.olcgs.org\/wp-content\/uploads\/2025\/05\/DSC1530_inset-187x300.jpg\" alt=\"\" width=\"187\" height=\"300\" srcset=\"https:\/\/www.olcgs.org\/wp-content\/uploads\/2025\/05\/DSC1530_inset-187x300.jpg 187w, https:\/\/www.olcgs.org\/wp-content\/uploads\/2025\/05\/DSC1530_inset-640x1024.jpg 640w, https:\/\/www.olcgs.org\/wp-content\/uploads\/2025\/05\/DSC1530_inset-768x1230.jpg 768w, https:\/\/www.olcgs.org\/wp-content\/uploads\/2025\/05\/DSC1530_inset-959x1536.jpg 959w, https:\/\/www.olcgs.org\/wp-content\/uploads\/2025\/05\/DSC1530_inset-1279x2048.jpg 1279w, https:\/\/www.olcgs.org\/wp-content\/uploads\/2025\/05\/DSC1530_inset-7x12.jpg 7w, https:\/\/www.olcgs.org\/wp-content\/uploads\/2025\/05\/DSC1530_inset-scaled.jpg 1599w\" sizes=\"(max-width: 187px) 100vw, 187px\" \/>La presidenta y cofundadora de la <em><a href=\"https:\/\/www.instagram.com\/fmujerlevantate\/?hl=es\">Fundaci\u00f3n Mujer Lev\u00e1ntate<\/a><\/em>y ganadora del <a href=\"https:\/\/www.olcgs.org\/es\/a-mother-to-prisoners\/\">Premio Zayed a la Fraternidad Humana<\/a>, la hermana Nelly Le\u00f3n, comparti\u00f3 una reflexi\u00f3n que conect\u00f3 el pasado con el presente:<\/p>\n<p><em>\u201cDios ha tejido esta historia durante 170 a\u00f1os. Recorrer estos lugares, donde tantas mujeres consagradas y ni\u00f1as vivieron y transformaron su realidad, nos llena de emoci\u00f3n. Hoy, ver c\u00f3mo la misi\u00f3n se ampl\u00eda con laicos comprometidos es una se\u00f1al de que el carisma sigue vivo y en movimiento\u201d, narr\u00f3.<\/em><\/p>\n<p>Finalmente, desde la Provincia Argentina\/Uruguay, la hermana Julia Saito comparti\u00f3 una reflexi\u00f3n inspiradora: \u201c<em>Participar en esta conmemoraci\u00f3n ha sido un regalo inmenso. Pensar en aquellas primeras hermanas que dejaron todo atr\u00e1s me desaf\u00eda a vivir hoy con la misma entrega, en un contexto distinto, pero igual de exigente. La historia nos impulsa a seguir adelante, con disponibilidad para lo que Dios quiera y donde lo quiera<\/em>\u201d, finaliz\u00f3.<\/p>\n<p>La celebraci\u00f3n culminar\u00e1 el s\u00e1bado 7 de junio con la presentaci\u00f3n de la obra teatral \u201c<em>Misi\u00f3n de Amor<\/em>\u201d, dirigida por Ver\u00f3nica Barrera Alfaro e interpretada por la Compa\u00f1\u00eda de Teatro La Huifa, en el <a href=\"https:\/\/valparaisoregion.org\/tour\/teatro-municipal-san-felipe\/\">Teatro Municipal de San Felipe<\/a>. A trav\u00e9s del arte esc\u00e9nico, se busca visibilizar el esp\u00edritu transformador de la Congregaci\u00f3n a lo largo del tiempo.<\/p>\n<p><strong>170 a\u00f1os despu\u00e9s, la Misi\u00f3n del Buen Pastor contin\u00faa viva, renovada en cada rostro que acoge, acompa\u00f1a y transforma<\/strong>. Una historia que sigue escribi\u00e9ndose con compasi\u00f3n, fe y compromiso.<\/p>\n<p>&nbsp;<\/p>","protected":false},"excerpt":{"rendered":"<p>By Mauricio Castillo Cortes, Unit Communicator, Bolivia (Province of Bolivia \/ Chile) With great fanfare, the Congregation of Our Lady of Charity of the Good Shepherd commemorated 170 years of presence in San Felipe, Chile, and Latin America. This significant anniversary was marked by a commemorative program rich in memory, spirituality, and community, bringing together [&hellip;]<\/p>\n","protected":false},"author":2,"featured_media":11636,"comment_status":"closed","ping_status":"open","sticky":false,"template":"","format":"standard","meta":{"footnotes":""},"categories":[38,39,37],"tags":[],"class_list":["post-11623","post","type-post","status-publish","format-standard","has-post-thumbnail","hentry","category-bolivia","category-chile","category-real"],"jetpack_featured_media_url":"https:\/\/www.olcgs.org\/wp-content\/uploads\/2025\/05\/Sin-titulo-18_main.jpg","_links":{"self":[{"href":"https:\/\/www.olcgs.org\/es\/wp-json\/wp\/v2\/posts\/11623","targetHints":{"allow":["GET"]}}],"collection":[{"href":"https:\/\/www.olcgs.org\/es\/wp-json\/wp\/v2\/posts"}],"about":[{"href":"https:\/\/www.olcgs.org\/es\/wp-json\/wp\/v2\/types\/post"}],"author":[{"embeddable":true,"href":"https:\/\/www.olcgs.org\/es\/wp-json\/wp\/v2\/users\/2"}],"replies":[{"embeddable":true,"href":"https:\/\/www.olcgs.org\/es\/wp-json\/wp\/v2\/comments?post=11623"}],"version-history":[{"count":10,"href":"https:\/\/www.olcgs.org\/es\/wp-json\/wp\/v2\/posts\/11623\/revisions"}],"predecessor-version":[{"id":11666,"href":"https:\/\/www.olcgs.org\/es\/wp-json\/wp\/v2\/posts\/11623\/revisions\/11666"}],"wp:featuredmedia":[{"embeddable":true,"href":"https:\/\/www.olcgs.org\/es\/wp-json\/wp\/v2\/media\/11636"}],"wp:attachment":[{"href":"https:\/\/www.olcgs.org\/es\/wp-json\/wp\/v2\/media?parent=11623"}],"wp:term":[{"taxonomy":"category","embeddable":true,"href":"https:\/\/www.olcgs.org\/es\/wp-json\/wp\/v2\/categories?post=11623"},{"taxonomy":"post_tag","embeddable":true,"href":"https:\/\/www.olcgs.org\/es\/wp-json\/wp\/v2\/tags?post=11623"}],"curies":[{"name":"wp","href":"https:\/\/api.w.org\/{rel}","templated":true}]}}