{"id":11746,"date":"2025-06-13T16:25:56","date_gmt":"2025-06-13T14:25:56","guid":{"rendered":"https:\/\/www.olcgs.org\/?p=11746"},"modified":"2026-04-27T12:27:29","modified_gmt":"2026-04-27T10:27:29","slug":"aguchita-prophet-of-peace","status":"publish","type":"post","link":"https:\/\/www.olcgs.org\/es\/aguchita-prophet-of-peace\/","title":{"rendered":"Aguchita: Un profeta de la paz que nunca se rindi\u00f3"},"content":{"rendered":"<p><em>Del Centro Congregacional de Espiritualidad, Angers, Francia<\/em><\/p>\n<p>El 13<sup>\u00ba<\/sup> de junio festejaremos el aniversario 105 <strong>del nacimiento de Aguchita<\/strong>, un <em>\u201cmujer sencilla, nacida en el rinc\u00f3n de los muertos, en <a href=\"https:\/\/en.wikipedia.org\/wiki\/Ayacucho\">Ayacucho<\/a>, nos llega un testimonio de vida. De la vida que procede del Dios a cuyo servicio dedic\u00f3 todas sus fuerzas\u201d.<\/em>Gustavo Guti\u00e9rrez, 1990). Cuya formaci\u00f3n en la fe la recibi\u00f3 en el seno familiar, sobre todo de su abuela materna en su peque\u00f1o pueblo Coracora - Ayacucho, en los andes del Per\u00fa.<\/p>\n<p>A los 20 a\u00f1os abraz\u00f3 la vida religiosa en la congregaci\u00f3n Nuestra Se\u00f1ora de la Caridad del Buen Pastor. Desde su ingreso a la congregaci\u00f3n deseaba ardientemente ser misionera en la selva. <strong>A sus 70 a\u00f1os<\/strong>, despu\u00e9s de una fruct\u00edfera vida religiosa en m\u00faltiples servicios, fue enviada a La Florida, en la selva peruana, para formar parte de la nueva comunidad que se hab\u00eda creado recientemente. <strong>Su deseo m\u00e1s entra\u00f1able se hab\u00eda concretizado.<\/strong><\/p>\n<p>Lamentablemente, el pa\u00eds atravesaba uno de los momentos m\u00e1s cr\u00edticos de la historia: <em>el conflicto armado interno<\/em>. Fueron 20 a\u00f1os de terror, frente a lo cual la iglesia <a href=\"https:\/\/www.amnesty.org\/es\/wp-content\/uploads\/2021\/09\/amr460032004en.pdf\">Documento final de la Comisi\u00f3n de la Verdad y la Reconciliaci\u00f3n<\/a> (2003), <em>\u201cdesempe\u00f1\u00f3 un importante papel de acompa\u00f1amiento y protecci\u00f3n de los peruanos golpeados por la violencia de las organizaciones subversivas y de las fuerzas de seguridad del Estado. Fue en numerosas regiones del pa\u00eds una voz de denuncia de los cr\u00edmenes y las violaciones de los derechos humanos y proclam\u00f3 y defendi\u00f3 el valor de la vida y la dignidad de la persona.\u201d<\/em><\/p>\n<p>Aunque pueda parecer parad\u00f3jico, <strong>el d\u00eda de su martirio, el 27<sup>\u00ba<\/sup> de setiembre de 1990,<\/strong> fue acusada y asesinada \u201c<em><a href=\"https:\/\/www.amazon.it\/Aguchita-justice-martyrdom-Agustina-September\/dp\/8866718343\">por promover de paz, por distribuir alimentos\u2026<\/a><\/em>'', lo que evidencia <strong>el impacto de su legado como una mujer que, a trav\u00e9s  de  sus  palabras y acciones,  buscaba promover la paz<\/strong>.<\/p>\n<p>Hoy, su testimonio de fidelidad a Dios en los momentos m\u00e1s dif\u00edciles nos inspira a permanecer en el AMOR, a creer firmemente que \u201c<em>\u201cla esperanza que no defrauda<\/em>\u201d (Rm 5,5) y a no normalizar la muerte de <strong>tantas v\u00edctimas en Palestina, Ucrania, \u00c1frica, en la Amazon\u00eda, etc.<\/strong>, en muchos otros lugares que desconocemos.<\/p>\n<p>Por tanto, recordar un a\u00f1o m\u00e1s de su nacimiento, nos permite reconocer c\u00f3mo ella se ha <strong>dejado guiar por su coraz\u00f3n<\/strong> a lugares insospechados por el Dios que tanto am\u00f3 y que se dej\u00f3 amar. Su trato humano y sencillo a todas las personas sin excepci\u00f3n, su generosidad sin medida, su sonrisa apacible, su fidelidad a la misi\u00f3n confiada, su cuidado de la creaci\u00f3n \u2026 son pruebas palpables de qu\u00e9 estaba colmado su coraz\u00f3n, <em>''<a href=\"https:\/\/www.vatican.va\/content\/francesco\/en\/encyclicals\/documents\/20241024-enciclica-dilexit-nos.html\">el lugar de la sinceridad, donde no se puede enga\u00f1ar ni disimular. Suele indicar las verdaderas intenciones, lo que uno realmente piensa, cree y quiere, los \u201csecretos\u201d que a nadie dice y, en definitiva, la propia verdad desnuda. Se trata de aquello que no es apariencia o mentira sino aut\u00e9ntico, real, enteramente propio\u201d<\/a>. <\/em><\/p>\n<p>En el contexto actual, <strong>nos enfrentados a desaf\u00edos que requieren de nuestra capacidad de ser profetas de la paz<\/strong>, como lo fue en su momento Aguchita. Si bien es cierto que nos enfrentamos a desaf\u00edos desalentadores, es crucial reconocer que solo en Dios encontramos la fortaleza necesaria para enfrentar las adversidades y mantener viva la esperanza de construir un mundo m\u00e1s justo y solidario para toda la humanidad; y esta esperanza nos anima a no rendirnos.<\/p>\n<p>Hoy d\u00eda, Aguchita nos dir\u00eda: <em>NO TE RINDAS<\/em><\/p>\n<p style=\"text-align: center;\">''<em>No te rindas, a\u00fan est\u00e1s a tiempo<\/em><\/p>\n<p style=\"text-align: center;\"><em>de alcanzar y comenzar de nuevo,<\/em><\/p>\n<p style=\"text-align: center;\"><em>aceptar tus sombras,<\/em><\/p>\n<p style=\"text-align: center;\"><em>enterrar tus miedos,<\/em><\/p>\n<p style=\"text-align: center;\"><em>liberar el lastre,<\/em><\/p>\n<p style=\"text-align: center;\"><em>retomar el vuelo.<\/em><\/p>\n<p style=\"text-align: center;\"><em>\u00a0<\/em><\/p>\n<p style=\"text-align: center;\"><em>No te rindas que la vida es eso,<\/em><\/p>\n<p style=\"text-align: center;\"><em>continuar el viaje,<\/em><\/p>\n<p style=\"text-align: center;\"><em>perseguir tus sue\u00f1os,<\/em><\/p>\n<p style=\"text-align: center;\"><em>destrabar el tiempo,<\/em><\/p>\n<p style=\"text-align: center;\"><em>correr los escombros,<\/em><\/p>\n<p style=\"text-align: center;\"><em>y destapar el cielo.<\/em><\/p>\n<p style=\"text-align: center;\"><em>\u00a0<\/em><\/p>\n<p style=\"text-align: center;\"><em>No te rindas, por favor no cedas,<\/em><\/p>\n<p style=\"text-align: center;\"><em>aunque el fr\u00edo queme,<\/em><\/p>\n<p style=\"text-align: center;\"><em>aunque el miedo muerda,<\/em><\/p>\n<p style=\"text-align: center;\"><em>aunque el sol se esconda,<\/em><\/p>\n<p style=\"text-align: center;\"><em>y se calle el viento,<\/em><\/p>\n<p style=\"text-align: center;\"><em>a\u00fan hay fuego en tu alma<\/em><\/p>\n<p style=\"text-align: center;\"><em>a\u00fan hay vida en tus sue\u00f1os.<\/em><\/p>\n<p style=\"text-align: center;\"><em>\u00a0<\/em><\/p>\n<p style=\"text-align: center;\"><em>Porque la vida es tuya<\/em><\/p>\n<p style=\"text-align: center;\"><em>y tuyo tambi\u00e9n el deseo.<\/em><\/p>\n<p style=\"text-align: center;\"><em>Porque lo has querido y porque te quiero.<\/em><\/p>\n<p style=\"text-align: center;\"><em>Porque existe el vino y el amor, es cierto.<\/em><\/p>\n<p style=\"text-align: center;\"><em>Porque no hay heridas que no cure el tiempo.<\/em><\/p>\n<p style=\"text-align: center;\"><em>\u00a0<\/em><\/p>\n<p style=\"text-align: center;\"><em>Abrir las puertas,<\/em><\/p>\n<p style=\"text-align: center;\"><em>quitar los cerrojos,<\/em><\/p>\n<p style=\"text-align: center;\"><em>abandonar las murallas que te protegieron,<\/em><\/p>\n<p style=\"text-align: center;\"><em>vivir la vida y aceptar el reto,<\/em><\/p>\n<p style=\"text-align: center;\"><em>recuperar la risa,<\/em><\/p>\n<p style=\"text-align: center;\"><em>ensayar un canto,<\/em><\/p>\n<p style=\"text-align: center;\"><em>bajar la guardia y extender las manos,<\/em><\/p>\n<p style=\"text-align: center;\"><em>desplegar las alas,<\/em><\/p>\n<p style=\"text-align: center;\"><em>e intentar de nuevo,<\/em><\/p>\n<p style=\"text-align: center;\"><em>\u00a0<\/em><\/p>\n<p style=\"text-align: center;\"><em>No te rindas, por favor no cedas,<\/em><\/p>\n<p style=\"text-align: center;\"><em>aunque el fr\u00edo queme,<\/em><\/p>\n<p style=\"text-align: center;\"><em>aunque el miedo muerda,<\/em><\/p>\n<p style=\"text-align: center;\"><em>aunque el sol se ponga y se calle el viento,<\/em><\/p>\n<p style=\"text-align: center;\"><em>a\u00fan hay fuego en tu alma,<\/em><\/p>\n<p style=\"text-align: center;\"><em>a\u00fan hay vida en tus sue\u00f1os.\u201d<\/em><\/p>\n<p style=\"text-align: right;\">(Guillermo Mayer)<\/p>\n<p><em>\u00a0<\/em><\/p>\n<p><a href=\"#_ftnref1\" name=\"_ftn1\"><\/a><\/p>","protected":false},"excerpt":{"rendered":"<p>From the Congregational Spirituality Centre, Angers, France On 13th June, we celebrate the 105th anniversary of the birth of Aguchita, a &#8220;simple woman, born in the \u2018corner of the dead\u2019, in Ayacucho, a witness to life. Life that comes from God to whose service she has dedicated all her strength&#8221; (Gustavo Guti\u00e9rrez, 1990). She received [&hellip;]<\/p>\n","protected":false},"author":2,"featured_media":11747,"comment_status":"closed","ping_status":"open","sticky":false,"template":"","format":"standard","meta":{"footnotes":""},"categories":[45,117],"tags":[],"class_list":["post-11746","post","type-post","status-publish","format-standard","has-post-thumbnail","hentry","category-peru","category-spirituality-center"],"jetpack_featured_media_url":"https:\/\/www.olcgs.org\/wp-content\/uploads\/2025\/06\/Aguchita2.jpg","_links":{"self":[{"href":"https:\/\/www.olcgs.org\/es\/wp-json\/wp\/v2\/posts\/11746","targetHints":{"allow":["GET"]}}],"collection":[{"href":"https:\/\/www.olcgs.org\/es\/wp-json\/wp\/v2\/posts"}],"about":[{"href":"https:\/\/www.olcgs.org\/es\/wp-json\/wp\/v2\/types\/post"}],"author":[{"embeddable":true,"href":"https:\/\/www.olcgs.org\/es\/wp-json\/wp\/v2\/users\/2"}],"replies":[{"embeddable":true,"href":"https:\/\/www.olcgs.org\/es\/wp-json\/wp\/v2\/comments?post=11746"}],"version-history":[{"count":3,"href":"https:\/\/www.olcgs.org\/es\/wp-json\/wp\/v2\/posts\/11746\/revisions"}],"predecessor-version":[{"id":11750,"href":"https:\/\/www.olcgs.org\/es\/wp-json\/wp\/v2\/posts\/11746\/revisions\/11750"}],"wp:featuredmedia":[{"embeddable":true,"href":"https:\/\/www.olcgs.org\/es\/wp-json\/wp\/v2\/media\/11747"}],"wp:attachment":[{"href":"https:\/\/www.olcgs.org\/es\/wp-json\/wp\/v2\/media?parent=11746"}],"wp:term":[{"taxonomy":"category","embeddable":true,"href":"https:\/\/www.olcgs.org\/es\/wp-json\/wp\/v2\/categories?post=11746"},{"taxonomy":"post_tag","embeddable":true,"href":"https:\/\/www.olcgs.org\/es\/wp-json\/wp\/v2\/tags?post=11746"}],"curies":[{"name":"wp","href":"https:\/\/api.w.org\/{rel}","templated":true}]}}