{"id":11775,"date":"2025-06-17T11:39:18","date_gmt":"2025-06-17T09:39:18","guid":{"rendered":"https:\/\/www.olcgs.org\/?p=11775"},"modified":"2025-06-26T16:02:04","modified_gmt":"2025-06-26T14:02:04","slug":"day-of-the-african-child-2025","status":"publish","type":"post","link":"https:\/\/www.olcgs.org\/es\/day-of-the-african-child-2025\/","title":{"rendered":"Resiliencia y Derechos: Celebrando el D\u00eda del Ni\u00f1o Africano en el Buen Pastor en Kolwezi"},"content":{"rendered":"<p><em>Por David Francis Kimotho, Oficial de Programas, Oficina de Desarrollo de la Misi\u00f3n, Kenia (Provincia de \u00c1frica Central Oriental)<\/em><\/p>\n<p>El 16 de junio de 2025, en el <a href=\"https:\/\/rgs-ecap.org\/gssp-kulowezi\/\"><strong>Bon Pasteur Kolwezi<\/strong>,<\/a> m\u00e1s de 1800 ni\u00f1os se reunieron en seis sitios del proyecto MAHUWA (Kanina, Musonoi, Kapata, Tshala, Mukoma y Kabamba) para celebrar el <a href=\"https:\/\/www.acerwc.africa\/en\/dac\/day-african-child-dac-2025\"><strong>D\u00eda del Ni\u00f1o Africano<\/strong><\/a> en un evento que transmiti\u00f3 un poderoso mensaje de cambio. \nAcompa\u00f1ados por sus familias, personal y miembros de la comunidad, un total de 1889 participantes se reunieron para celebrar el tema de este a\u00f1o, <strong>\"Planificaci\u00f3n y Presupuesto de los Derechos del Ni\u00f1o\"<\/strong> - un tema arraigado en la convicci\u00f3n de que cada ni\u00f1o merece tener voz en su futuro y los recursos para prosperar.<\/p>\n<p>This annual event is rooted in the memory of the courageous <a href=\"https:\/\/time.com\/4365138\/soweto-anniversary-photograph\/\"><strong>Levantamiento de Soweto de 1976<\/strong><\/a>\u00a0when thousands of children marched to demand their right to quality education taught in their native language. Their brave voices brought global attention to the <strong>injusticias sist\u00e9micas<\/strong> que enfrentaban. Tr\u00e1gicamente, muchos perdieron la vida.<\/p>\n<p>Hoy, este evento anual sirve como un conmovedor recordatorio de <strong>la lucha continua por la justicia, la dignidad y las oportunidades para la infancia africana<\/strong>. Nos convoca a todos a considerar las brechas que a\u00fan ponen en peligro el futuro de millones de j\u00f3venes en todo el continente.<\/p>\n<p>El evento en el Buen Pastor en la ciudad de  Kolwezi fue m\u00e1s que una celebraci\u00f3n, fue una experiencia de empoderamiento para todos los ni\u00f1os, familias y docentes presentes. Los participantes cantaron, pintaron, debatieron y compitieron en actividades dise\u00f1adas para educarlos sobre sus derechos fundamentales, como la <strong>vida, la educaci\u00f3n, la identidad, la salud y la familia<\/strong>.<\/p>\n<p><iframe title=\"Celebrando el D\u00eda del Ni\u00f1o Africano \u2013 16 de junio de 2025\" width=\"800\" height=\"450\" src=\"https:\/\/www.youtube.com\/embed\/HOr7Y45EE8I?feature=oembed\" frameborder=\"0\" allow=\"accelerometer; autoplay; clipboard-write; encrypted-media; gyroscope; picture-in-picture; web-share\" referrerpolicy=\"strict-origin-when-cross-origin\" allowfullscreen><\/iframe><\/p>\n<p>A trav\u00e9s de talleres interactivos, los ni\u00f1os exploraron estos derechos no como conceptos abstractos, sino como los pilares de sus sue\u00f1os y su futuro. Las actividades de participaci\u00f3n c\u00edvica inspiraron debates donde incluso los participantes m\u00e1s j\u00f3venes imaginaron un mundo forjado por <strong>la justicia y las oportunidades<\/strong>.<\/p>\n<p>En el Buen Pastor en Kolwezi, el D\u00eda del Ni\u00f1o Africano fue una extensi\u00f3n de la misi\u00f3n m\u00e1s amplia que, con el apoyo de la <a href=\"https:\/\/congo.gsif.it\/#mission\"><strong>Fundaci\u00f3n Internacional del Buen Pastor<\/strong><\/a><strong> \u2013 <\/strong>busca <strong>empoderar a las familias afectadas por la miner\u00eda artesanal y brindar a los ni\u00f1os espacios seguros para aprender y crecer<\/strong>. Desde ofrecer educaci\u00f3n en el <a href=\"https:\/\/congo.gsif.it\/bon-pasteur-centre\/\">Centro Buen Pastor<\/a> hasta fomentar oportunidades de liderazgo, el proyecto es una respuesta urgente a las injusticias y los desaf\u00edos sist\u00e9micos que enfrentan los ni\u00f1os en estas regiones.<\/p>\n<p style=\"text-align: center;\"><img fetchpriority=\"high\" decoding=\"async\" class=\"aligncenter wp-image-11781 size-full\" src=\"https:\/\/www.olcgs.org\/wp-content\/uploads\/2025\/06\/508757758_122177420834372519_2675743968848323969_n_inset.jpg\" alt=\"\" width=\"912\" height=\"391\" srcset=\"https:\/\/www.olcgs.org\/wp-content\/uploads\/2025\/06\/508757758_122177420834372519_2675743968848323969_n_inset.jpg 912w, https:\/\/www.olcgs.org\/wp-content\/uploads\/2025\/06\/508757758_122177420834372519_2675743968848323969_n_inset-300x129.jpg 300w, https:\/\/www.olcgs.org\/wp-content\/uploads\/2025\/06\/508757758_122177420834372519_2675743968848323969_n_inset-768x329.jpg 768w, https:\/\/www.olcgs.org\/wp-content\/uploads\/2025\/06\/508757758_122177420834372519_2675743968848323969_n_inset-18x8.jpg 18w\" sizes=\"(max-width: 912px) 100vw, 912px\" \/><\/p>\n<p>El d\u00eda del Ni\u00f1o Africano no se limita a recordar una historia de lucha; mira hacia un futuro lleno de potencial. El tema de este a\u00f1o, la planificaci\u00f3n y la valoraci\u00f3n de los derechos de la infancia, sirve como un claro recordatorio de que <strong>la asignaci\u00f3n equitativa de recursos y la formulaci\u00f3n de pol\u00edticas<\/strong> se centran verdaderamente en las necesidades de la infancia.<\/p>\n<p>Al participar en eventos como este, apoyar programas centrados en la infancia y crear conciencia, cada uno de nosotros - Hermanas, Colaboradores en la misi\u00f3n, participantes en programas, estudiantes y familias - puede formar parte del movimiento para salvaguardar y promover los derechos de la infancia en toda \u00c1frica.<\/p>\n<p>&nbsp;<\/p>\n<p><em>Siga las redes sociales (<a href=\"https:\/\/www.facebook.com\/share\/p\/1DhgsDR7d3\/\">Facebook<\/a>, <a href=\"https:\/\/www.instagram.com\/reel\/DLCb22EP4ya\/?utm_source=ig_web_copy_link&amp;igsh=MzRlODBiNWFlZA==\">Instagram<\/a>, <a href=\"https:\/\/youtu.be\/HOr7Y45EE8I\">YouTube<\/a>) de la Provincia de \u00c1frica Centro-Oriental para obtener m\u00e1s informaci\u00f3n sobre la misi\u00f3n del Buen Pastor en Kenia, la Rep\u00fablica Democr\u00e1tica del Congo, Sud\u00e1n del Sur y Uganda.<\/em><\/p>","protected":false},"excerpt":{"rendered":"<p>By David Francis Kimotho, Programs Officer, Mission Development Office, Kenya (Province of Eastern Central Africa) On June 16, 2025, at Bon Pasteur Kolwezi, over 1,800 children gathered across six MAHUWA project sites (Kanina, Musonoi, Kapata, Tshala, Mukoma, and Kabamba) to celebrate the Day of the African Child in an event that expressed a powerful message [&hellip;]<\/p>\n","protected":false},"author":2,"featured_media":11780,"comment_status":"closed","ping_status":"open","sticky":false,"template":"","format":"standard","meta":{"footnotes":""},"categories":[54,30,44,70,71],"tags":[],"class_list":["post-11775","post","type-post","status-publish","format-standard","has-post-thumbnail","hentry","category-dr-of-congo","category-gsif","category-kenya","category-south-sudan","category-uganda"],"jetpack_featured_media_url":"https:\/\/www.olcgs.org\/wp-content\/uploads\/2025\/06\/509317676_122177420738372519_5351083530206249679_n_main.jpg","_links":{"self":[{"href":"https:\/\/www.olcgs.org\/es\/wp-json\/wp\/v2\/posts\/11775","targetHints":{"allow":["GET"]}}],"collection":[{"href":"https:\/\/www.olcgs.org\/es\/wp-json\/wp\/v2\/posts"}],"about":[{"href":"https:\/\/www.olcgs.org\/es\/wp-json\/wp\/v2\/types\/post"}],"author":[{"embeddable":true,"href":"https:\/\/www.olcgs.org\/es\/wp-json\/wp\/v2\/users\/2"}],"replies":[{"embeddable":true,"href":"https:\/\/www.olcgs.org\/es\/wp-json\/wp\/v2\/comments?post=11775"}],"version-history":[{"count":6,"href":"https:\/\/www.olcgs.org\/es\/wp-json\/wp\/v2\/posts\/11775\/revisions"}],"predecessor-version":[{"id":11795,"href":"https:\/\/www.olcgs.org\/es\/wp-json\/wp\/v2\/posts\/11775\/revisions\/11795"}],"wp:featuredmedia":[{"embeddable":true,"href":"https:\/\/www.olcgs.org\/es\/wp-json\/wp\/v2\/media\/11780"}],"wp:attachment":[{"href":"https:\/\/www.olcgs.org\/es\/wp-json\/wp\/v2\/media?parent=11775"}],"wp:term":[{"taxonomy":"category","embeddable":true,"href":"https:\/\/www.olcgs.org\/es\/wp-json\/wp\/v2\/categories?post=11775"},{"taxonomy":"post_tag","embeddable":true,"href":"https:\/\/www.olcgs.org\/es\/wp-json\/wp\/v2\/tags?post=11775"}],"curies":[{"name":"wp","href":"https:\/\/api.w.org\/{rel}","templated":true}]}}