{"id":12251,"date":"2025-07-11T10:35:46","date_gmt":"2025-07-11T08:35:46","guid":{"rendered":"https:\/\/www.olcgs.org\/?p=12251"},"modified":"2025-07-29T10:56:53","modified_gmt":"2025-07-29T08:56:53","slug":"grace-and-renewal-argentina-and-uruguay","status":"publish","type":"post","link":"https:\/\/www.olcgs.org\/es\/grace-and-renewal-argentina-and-uruguay\/","title":{"rendered":"Gracia y Renovaci\u00f3n: La Visita del Liderazgo Congregacional a la Provincia de Argentina y Uruguay"},"content":{"rendered":"<p>Del 25 de junio al 5 de julio de 2025, la Provincia Argentina-Uruguay tuvo la inmensa bendici\u00f3n de recibir la visita del Equipo de Liderazgo Congregacional. La presencia de nuestras Animadoras Congregacionales fue un verdadero regalo de Dios para nuestras comunidades.<\/p>\n<p>Damos profundas gracias a Jes\u00fas Buen Pastor por habernos permitido experimentar su compasi\u00f3n y ternura a trav\u00e9s del contacto cercano con la Hermana Joan Maria Lopez, nuestra Animadora Congregacional, y sus consejeras: Hermanas Mirjam Beike, Erika Sanchez, Yolanda Borbon y Edith Olaguer. Durante estos d\u00edas compartimos <strong>di\u00e1logos enriquecedores, momentos de formaci\u00f3n y actualizaci\u00f3n, y celebraciones gozosas de la Eucarist\u00eda<\/strong>.<\/p>\n<p>El recorrido incluy\u00f3 ciudades como C\u00f3rdoba, donde se reunieron con hermanas de toda la Provincia, as\u00ed como Buenos Aires, La Rioja y Montevideo. Cada encuentro fue una experiencia vivificante que <strong>renov\u00f3 el compromiso y fortaleci\u00f3 el esp\u00edritu de todas<\/strong>. Agradecemos de coraz\u00f3n a nuestras queridas hermanas por su entrega y dedicaci\u00f3n en cada comunidad visitada.<\/p>\n<p><img fetchpriority=\"high\" decoding=\"async\" class=\"aligncenter size-large wp-image-12256\" src=\"https:\/\/www.olcgs.org\/wp-content\/uploads\/2025\/07\/La-Rioja-5_ed-1-1024x540.jpeg\" alt=\"\" width=\"800\" height=\"422\" srcset=\"https:\/\/www.olcgs.org\/wp-content\/uploads\/2025\/07\/La-Rioja-5_ed-1-1024x540.jpeg 1024w, https:\/\/www.olcgs.org\/wp-content\/uploads\/2025\/07\/La-Rioja-5_ed-1-300x158.jpeg 300w, https:\/\/www.olcgs.org\/wp-content\/uploads\/2025\/07\/La-Rioja-5_ed-1-768x405.jpeg 768w, https:\/\/www.olcgs.org\/wp-content\/uploads\/2025\/07\/La-Rioja-5_ed-1-18x9.jpeg 18w, https:\/\/www.olcgs.org\/wp-content\/uploads\/2025\/07\/La-Rioja-5_ed-1.jpeg 1351w\" sizes=\"(max-width: 800px) 100vw, 800px\" \/><\/p>\n<p>Un momento especialmente emotivo fue la visita de la Hermana Joan, Mirjam y Edith a nuestra comunidad contemplativa en la ciudad de La Rioja. Durante dos d\u00edas compartimos fraternalmente, descubriendo el paso de Dios en nuestras vidas de manera profunda y significativa. Cada hermana pudo abrir su coraz\u00f3n y reflexionar sobre los desaf\u00edos actuales de la vida contemplativa. Nos sentimos <strong>escuchadas y acogidas, fortalecidas<\/strong> en nuestra realidad como comunidad.<\/p>\n<p>Contar con nuestras l\u00edderes congregacionales ha sido una alegr\u00eda profunda y nos sentimos <strong>acompa\u00f1adas, inspiradas y sostenidas en la fe<\/strong>Confiamos en que, con la gracia de Dios, podremos poner en pr\u00e1ctica sus palabras y recomendaciones, dej\u00e1ndonos guiar siempre por el Esp\u00edritu Santo. Sigamos sosteniendo con nuestra oraci\u00f3n su liderazgo transformador.<\/p>\n<p>La Eucarist\u00eda compartida con <strong>con laicos contemplativos<\/strong> fue un momento de especial comuni\u00f3n. Ellos, con sencillez y profundidad, expresaron c\u00f3mo viven la dimensi\u00f3n contemplativa en su cotidianidad, enriqueciendo a\u00fan m\u00e1s este encuentro espiritual.<\/p>\n<p><img decoding=\"async\" class=\"aligncenter size-large wp-image-12258\" src=\"https:\/\/www.olcgs.org\/wp-content\/uploads\/2025\/07\/Buenos-Aires-5_ed-1-1024x614.jpeg\" alt=\"\" width=\"800\" height=\"480\" srcset=\"https:\/\/www.olcgs.org\/wp-content\/uploads\/2025\/07\/Buenos-Aires-5_ed-1-1024x614.jpeg 1024w, https:\/\/www.olcgs.org\/wp-content\/uploads\/2025\/07\/Buenos-Aires-5_ed-1-300x180.jpeg 300w, https:\/\/www.olcgs.org\/wp-content\/uploads\/2025\/07\/Buenos-Aires-5_ed-1-768x461.jpeg 768w, https:\/\/www.olcgs.org\/wp-content\/uploads\/2025\/07\/Buenos-Aires-5_ed-1-18x12.jpeg 18w, https:\/\/www.olcgs.org\/wp-content\/uploads\/2025\/07\/Buenos-Aires-5_ed-1.jpeg 1339w\" sizes=\"(max-width: 800px) 100vw, 800px\" \/><\/p>\n<p>Las hermanas y partners en la misi\u00f3n de Argentina y Uruguay apreciaron profundamente el tiempo, la sabidur\u00eda y las experiencias de vida compartidas por el liderazgo congregacional, quienes demostraron su incansable esfuerzo por permanecer fieles a la misi\u00f3n del Buen Pastor que se les confi\u00f3.<\/p>\n<p>Sigamos caminando juntas, unidas en oraci\u00f3n, con <strong>esperanza renovada y coraz\u00f3n abierto<\/strong>, para ser reflejo del amor compasivo de Dios en cada rinc\u00f3n de nuestra Provincia.<\/p>\n<p>&nbsp;<\/p>\n<p><em>Sigue la Provincia de Argentina y Uruguay <\/em><a href=\"https:\/\/www.facebook.com\/buenpastor.arguru\/\" target=\"_blank\" rel=\"noopener\"><em>Facebook page<\/em><\/a><em> y <\/em><a href=\"https:\/\/www.instagram.com\/buenpastor.arguru\" target=\"_blank\" rel=\"noopener\"><em>Instagram profile<\/em><\/a><em>.<\/em><\/p>","protected":false},"excerpt":{"rendered":"<p>From June 25 to July 5, 2025, the Province of Argentina-Uruguay had the great blessing of receiving a visit from members of the Congregational Leadership Team \u2013 the presence of whom was a true gift from God for our communities. We experienced the deep compassion and tenderness of Jesus the Good Shepherd through close contact [&hellip;]<\/p>\n","protected":false},"author":2,"featured_media":12254,"comment_status":"closed","ping_status":"open","sticky":false,"template":"","format":"standard","meta":{"footnotes":""},"categories":[74,73],"tags":[],"class_list":["post-12251","post","type-post","status-publish","format-standard","has-post-thumbnail","hentry","category-argentina","category-uruguay"],"jetpack_featured_media_url":"https:\/\/www.olcgs.org\/wp-content\/uploads\/2025\/07\/Cordoba-6_ed.jpeg","_links":{"self":[{"href":"https:\/\/www.olcgs.org\/es\/wp-json\/wp\/v2\/posts\/12251","targetHints":{"allow":["GET"]}}],"collection":[{"href":"https:\/\/www.olcgs.org\/es\/wp-json\/wp\/v2\/posts"}],"about":[{"href":"https:\/\/www.olcgs.org\/es\/wp-json\/wp\/v2\/types\/post"}],"author":[{"embeddable":true,"href":"https:\/\/www.olcgs.org\/es\/wp-json\/wp\/v2\/users\/2"}],"replies":[{"embeddable":true,"href":"https:\/\/www.olcgs.org\/es\/wp-json\/wp\/v2\/comments?post=12251"}],"version-history":[{"count":4,"href":"https:\/\/www.olcgs.org\/es\/wp-json\/wp\/v2\/posts\/12251\/revisions"}],"predecessor-version":[{"id":12260,"href":"https:\/\/www.olcgs.org\/es\/wp-json\/wp\/v2\/posts\/12251\/revisions\/12260"}],"wp:featuredmedia":[{"embeddable":true,"href":"https:\/\/www.olcgs.org\/es\/wp-json\/wp\/v2\/media\/12254"}],"wp:attachment":[{"href":"https:\/\/www.olcgs.org\/es\/wp-json\/wp\/v2\/media?parent=12251"}],"wp:term":[{"taxonomy":"category","embeddable":true,"href":"https:\/\/www.olcgs.org\/es\/wp-json\/wp\/v2\/categories?post=12251"},{"taxonomy":"post_tag","embeddable":true,"href":"https:\/\/www.olcgs.org\/es\/wp-json\/wp\/v2\/tags?post=12251"}],"curies":[{"name":"wp","href":"https:\/\/api.w.org\/{rel}","templated":true}]}}