{"id":12477,"date":"2025-08-04T15:56:50","date_gmt":"2025-08-04T13:56:50","guid":{"rendered":"https:\/\/www.olcgs.org\/?p=12477"},"modified":"2025-09-01T13:13:48","modified_gmt":"2025-09-01T11:13:48","slug":"grace-and-encounter-jubilee-of-youth-2025","status":"publish","type":"post","link":"https:\/\/www.olcgs.org\/es\/grace-and-encounter-jubilee-of-youth-2025\/","title":{"rendered":"Gracia y encuentro: Reflexiones sobre el Jubileo de los J\u00f3venes en Roma"},"content":{"rendered":"<p class=\"translation-block\">La Hermana Emilia Daniel Martins de Mozambique y la Hermana Ana Donana Xavier de Angola, quienes est\u00e1n en Roma para su pasant\u00eda con GSIF, asistieron recientemente al Jubileo de la Juventud (28 de julio al 3 de agosto de 2025). Aqu\u00ed, comparten c\u00f3mo el Jubileo no fue solo un evento, sino un llamado a vivir con una fe m\u00e1s profunda, apertura y alegr\u00eda.<\/p>\n<h4 style=\"text-align: left;\"><strong>Una peregrina de esperanza: Descubriendo a Dios en la alegr\u00eda de la juventud <\/strong><\/h4>\n<p style=\"text-align: left;\"><em>(Sr. Emilia Daniel Martins)<\/em><\/p>\n<p>Al recordar el Jubileo de la Juventud, mi coraz\u00f3n sigue lleno de <strong>alegr\u00eda y gratitud<\/strong>. Uno de los momentos m\u00e1s inolvidables fue estar entre <strong>miles de j\u00f3venes<\/strong>, unidos en oraci\u00f3n, canto y celebraci\u00f3n. En ese mar de voces, me sent\u00ed peque\u00f1a, pero profundamente conectada con algo mucho m\u00e1s grande: una <strong>Iglesia viva, vibrante y llena de esperanza<\/strong>.<\/p>\n<p>Esta experiencia me abri\u00f3 los ojos a la <strong>profunda espiritualidad de la juventud actual<\/strong>. Fui testigo de su anhelo de <strong>autenticidad<\/strong>, <strong>alegr\u00eda<\/strong>y una <strong>fe verdaderamente vivida<\/strong>. Sus preguntas, su valent\u00eda y su firme esperanza me recordaron que <strong>Dios sigue llamando e inspirando<\/strong> , formando j\u00f3venes profetas de amor y verdad incluso en tiempos de incertidumbre.<\/p>\n<p>La experiencia tambi\u00e9n me ayud\u00f3 a crecer personalmente. Me di cuenta de que mis <strong>preguntas y sue\u00f1os<\/strong> importan y vale la pena compartirlos. A pesar de nuestras muchas diferencias de idioma y cultura, nos un\u00eda un mismo anhelo: <strong>encontrar a Cristo<\/strong> y para <strong>traer su amor al mundo<\/strong>.<\/p>\n<p>Este no fue solo un evento de una semana. Fue un <strong>llamado a vivir de manera diferente<\/strong>. Sal\u00ed con un deseo renovado de llevar m\u00e1s alegr\u00eda a la vida cotidiana, de estar m\u00e1s atento a los dem\u00e1s y de ayudar a crear <strong>espacios donde los j\u00f3venes se sientan vistos, valorados y amados<\/strong>.<\/p>\n<p>Hubo, por supuesto, desaf\u00edos: momentos de cansancio, incomprensi\u00f3n e incluso agobio. Pero esos momentos se convirtieron en oportunidades para crecer en <strong>paciencia<\/strong>, <strong>humildad<\/strong>, y <strong>confianza en el tiempo de Dios<\/strong>. Estas lecciones permanecer\u00e1n conmigo, especialmente en mi futuro ministerio con los j\u00f3venes.<\/p>\n<p>No estuve en el Jubileo simplemente como participante, sino como <strong>peregrina de esperanza<\/strong>. Fue un tiempo de gracia y renovaci\u00f3n, recordar de que <strong>Dios camina con nosotras\/os<\/strong> y de que el <strong>futuro de la Iglesia brilla con fuerza<\/strong> en el coraz\u00f3n de sus j\u00f3venes. Regreso de este viaje sinti\u00e9ndome <strong>llamada<\/strong> <strong>a <\/strong><strong>seguir caminando con alegr\u00eda, valent\u00eda y fe<\/strong>.<\/p>\n<h4 style=\"text-align: left;\"><strong>Una Vocaci\u00f3n Compartida: Testimonio de la Iglesia Viva en la Juventud <\/strong><\/h4>\n<p style=\"text-align: left;\"><em>(Sr. Ana Donana Xavier)<\/em><\/p>\n<p>Participar en el <strong>Jubileo de la Juventud<\/strong> fue una experiencia profundamente conmovedora y llena de gracia para m\u00ed. Como joven consagrada, me conmovi\u00f3 profundamente la energ\u00eda y la fe de los numerosos j\u00f3venes que conoc\u00ed de todo el mundo. <em>Su alegre presencia reflejaba verdaderamente el rostro vivo de la Iglesia.<\/em><\/p>\n<p>Uno de los <strong>momentos m\u00e1s significativos<\/strong> fue durante el encuentro sobre la vida consagrada. Compartir mi historia vocacional con los j\u00f3venes me record\u00f3 cu\u00e1nto anhelan testimonios de fe sinceros y personales. Su apertura, sus preguntas e incluso su petici\u00f3n de tomarse una foto conmigo me hicieron comprender cu\u00e1nto valoran la presencia de personas consagradas entre ellos.<\/p>\n<p>Estar rodeado de <strong>123,000 <\/strong>j\u00f3venes de Espa\u00f1a, que se unieron a los miles de j\u00f3venes de diferentes pa\u00edses del mundo para la celebraci\u00f3n del Jubileo, reaviv\u00f3 en m\u00ed una fuerte esperanza en el futuro de la Iglesia. El Jubileo fue m\u00e1s que una celebraci\u00f3n:<strong>: fue un momento de renovaci\u00f3n personal<\/strong>, donde record\u00e9 que mi vocaci\u00f3n cobra su m\u00e1ximo significado cuando se comparte con los dem\u00e1s.<\/p>\n<p>La experiencia reafirm\u00f3 la belleza y la relevancia de la vida consagrada y profundiz\u00f3 mi deseo de seguir caminando con los j\u00f3venes, <strong>dando testimonio del amor de Dios<\/strong> <strong>con alegr\u00eda, valent\u00eda y fe.<\/strong><\/p>","protected":false},"excerpt":{"rendered":"<p>Sister Emilia Daniel Martins from Mozambique and Sister Ana Donana Xavier from Angola, who are in Rome for their internship with GSIF, attended the recent Jubilee of Youth (July 28 to August 3, 2025). Here, they share how the Jubilee was not just an event, but a call to live with deeper faith, openness, and [&hellip;]<\/p>\n","protected":false},"author":5,"featured_media":12609,"comment_status":"closed","ping_status":"open","sticky":false,"template":"","format":"standard","meta":{"footnotes":""},"categories":[88,89],"tags":[],"class_list":["post-12477","post","type-post","status-publish","format-standard","has-post-thumbnail","hentry","category-angola","category-mozambique"],"jetpack_featured_media_url":"https:\/\/www.olcgs.org\/wp-content\/uploads\/2025\/08\/IMG-20250819-WA0061_main.jpg","_links":{"self":[{"href":"https:\/\/www.olcgs.org\/es\/wp-json\/wp\/v2\/posts\/12477","targetHints":{"allow":["GET"]}}],"collection":[{"href":"https:\/\/www.olcgs.org\/es\/wp-json\/wp\/v2\/posts"}],"about":[{"href":"https:\/\/www.olcgs.org\/es\/wp-json\/wp\/v2\/types\/post"}],"author":[{"embeddable":true,"href":"https:\/\/www.olcgs.org\/es\/wp-json\/wp\/v2\/users\/5"}],"replies":[{"embeddable":true,"href":"https:\/\/www.olcgs.org\/es\/wp-json\/wp\/v2\/comments?post=12477"}],"version-history":[{"count":11,"href":"https:\/\/www.olcgs.org\/es\/wp-json\/wp\/v2\/posts\/12477\/revisions"}],"predecessor-version":[{"id":12613,"href":"https:\/\/www.olcgs.org\/es\/wp-json\/wp\/v2\/posts\/12477\/revisions\/12613"}],"wp:featuredmedia":[{"embeddable":true,"href":"https:\/\/www.olcgs.org\/es\/wp-json\/wp\/v2\/media\/12609"}],"wp:attachment":[{"href":"https:\/\/www.olcgs.org\/es\/wp-json\/wp\/v2\/media?parent=12477"}],"wp:term":[{"taxonomy":"category","embeddable":true,"href":"https:\/\/www.olcgs.org\/es\/wp-json\/wp\/v2\/categories?post=12477"},{"taxonomy":"post_tag","embeddable":true,"href":"https:\/\/www.olcgs.org\/es\/wp-json\/wp\/v2\/tags?post=12477"}],"curies":[{"name":"wp","href":"https:\/\/api.w.org\/{rel}","templated":true}]}}