{"id":12618,"date":"2025-08-01T13:25:05","date_gmt":"2025-08-01T11:25:05","guid":{"rendered":"https:\/\/www.olcgs.org\/?p=12618"},"modified":"2025-09-06T15:46:25","modified_gmt":"2025-09-06T13:46:25","slug":"gsif-tackling-human-trafficking-in-bolivia","status":"publish","type":"post","link":"https:\/\/www.olcgs.org\/es\/gsif-tackling-human-trafficking-in-bolivia\/","title":{"rendered":"Restaurando la dignidad: Abordando la trata de personas en Bolivia"},"content":{"rendered":"<p><em>Por la Fundaci\u00f3n Internacional del Buen Pastor<\/em><\/p>\n<p><strong>Bolivia es uno de los pa\u00edses de Latinoam\u00e9rica con mayor n\u00famero de casos de trata de personas reportados<\/strong>. La pobreza, la desigualdad social, la migraci\u00f3n, la violencia dom\u00e9stica, la falta de educaci\u00f3n y la desintegraci\u00f3n familiar son factores que contribuyen a este delito atroz y generalizado, y crean un terreno f\u00e9rtil para los tratantes, quienes a menudo utilizan las redes sociales para atraer a sus v\u00edctimas con ofertas u oportunidades laborales fraudulentas. Las ni\u00f1as y mujeres j\u00f3venes de zonas rurales y pobres, as\u00ed como las pertenecientes a comunidades ind\u00edgenas, se ven afectadas de manera desproporcionada y son las m\u00e1s vulnerables a la trata con fines de explotaci\u00f3n sexual.<\/p>\n<p>En este contexto, <a href=\"https:\/\/www.levantatemujer.org\/\"><em>Fundaci\u00f3n Lev\u00e1ntate Mujer<\/em><\/a>, con el apoyo de GSIF, ha implementado un proyecto integral contra la trata de personas en zonas de alto riesgo como El Alto, La Paz y Yapacan\u00ed. El proyecto se centra en tres \u00e1reas clave<strong>: asistencia a sobrevivientes, concientizaci\u00f3n y prevenci\u00f3n, e incidencia pol\u00edtica<\/strong>En el centro terap\u00e9utico Sartasim Kullakita, cada a\u00f1o, <strong>alrededor de 50 ni\u00f1as<\/strong> rescatadas de la trata reciben apoyo psicol\u00f3gico, asesor\u00eda legal y desarrollo de habilidades para la vida. Un equipo dedicado de profesionales trabaja estrechamente con cada participante para ayudarlas a desarrollar y fortalecer la resiliencia necesaria para superar el trauma y crear un nuevo plan de vida, permiti\u00e9ndoles recuperar la confianza y retomar el control de su propio futuro. Los padres de las sobrevivientes tambi\u00e9n reciben orientaci\u00f3n a trav\u00e9s de grupos de auto apoyo para participar en la reintegraci\u00f3n social de sus hijas y aprender a acompa\u00f1arlas a lo largo del tiempo, creando un entorno seguro y de apoyo en el hogar. Adem\u00e1s, las ni\u00f1as participan en capacitaciones t\u00e9cnicas en cocina para desarrollar nuevas habilidades que les permitan integrarse econ\u00f3micamente y acceder a nuevas oportunidades laborales.<\/p>\n<p style=\"text-align: center;\">\n<p>Para educar y empoderar a las comunidades para que reconozcan y aborden la trata de personas, el proyecto tambi\u00e9n ha llevado a cabo <strong>campa\u00f1as de prevenci\u00f3n<\/strong> que han llegado a m\u00e1s de <strong>3600 j\u00f3venes y 75 docentes<\/strong>, adem\u00e1s de capacitaciones de sensibilizaci\u00f3n comunitaria para asociaciones vecinales y l\u00edderes locales. Una campa\u00f1a nacional en redes sociales, dise\u00f1ada para llegar <strong>a m\u00e1s de 60.000 personas<\/strong>, complement\u00f3 las actividades de sensibilizaci\u00f3n y difundi\u00f3 mensajes sobre prevenci\u00f3n y apoyo a las sobrevivientes.<\/p>\n<p>Al fortalecer el conocimiento comunitario y la colaboraci\u00f3n con las autoridades locales y las fuerzas del orden, el proyecto no solo trabaja para restaurar la dignidad de las sobrevivientes y garantizar su reintegraci\u00f3n a un entorno seguro, sino que tambi\u00e9n busca impulsar un cambio sist\u00e9mico y la prevenci\u00f3n a largo plazo para abordar las causas profundas de la trata de personas. \nAnte un problema multifac\u00e9tico, que entrelaza los niveles sist\u00e9mico, comunitario e individual, la respuesta solo puede ser colectiva y basarse en el empoderamiento, la capacitaci\u00f3n, la sensibilizaci\u00f3n y la incidencia pol\u00edtica.<\/p>\n<p>Acceder a la versi\u00f3n original <a href=\"https:\/\/www.gsif.it\/tackling-human-trafficking-in-vulnerable-communities-in-bolivia\/\" target=\"_blank\" rel=\"noopener\">aqu\u00ed<\/a>.<\/p>","protected":false},"excerpt":{"rendered":"<p>By Good Shepherd International Foundation Bolivia is one the Latin America countries with the highest reported cases of human trafficking.\u00a0 Poverty, social inequality, migration, domestic violence, lack of education and family disintegration are factors contributing to this horrific and pervasive crime and create a fertile ground for traffickers, who often use social media to lure [&hellip;]<\/p>\n","protected":false},"author":2,"featured_media":12632,"comment_status":"closed","ping_status":"open","sticky":false,"template":"","format":"standard","meta":{"footnotes":""},"categories":[38,30],"tags":[],"class_list":["post-12618","post","type-post","status-publish","format-standard","has-post-thumbnail","hentry","category-bolivia","category-gsif"],"jetpack_featured_media_url":"https:\/\/www.olcgs.org\/wp-content\/uploads\/2025\/08\/ACCIONES-DE-SENSIBI-BRIGADISTAS_169.jpg","_links":{"self":[{"href":"https:\/\/www.olcgs.org\/es\/wp-json\/wp\/v2\/posts\/12618","targetHints":{"allow":["GET"]}}],"collection":[{"href":"https:\/\/www.olcgs.org\/es\/wp-json\/wp\/v2\/posts"}],"about":[{"href":"https:\/\/www.olcgs.org\/es\/wp-json\/wp\/v2\/types\/post"}],"author":[{"embeddable":true,"href":"https:\/\/www.olcgs.org\/es\/wp-json\/wp\/v2\/users\/2"}],"replies":[{"embeddable":true,"href":"https:\/\/www.olcgs.org\/es\/wp-json\/wp\/v2\/comments?post=12618"}],"version-history":[{"count":7,"href":"https:\/\/www.olcgs.org\/es\/wp-json\/wp\/v2\/posts\/12618\/revisions"}],"predecessor-version":[{"id":12655,"href":"https:\/\/www.olcgs.org\/es\/wp-json\/wp\/v2\/posts\/12618\/revisions\/12655"}],"wp:featuredmedia":[{"embeddable":true,"href":"https:\/\/www.olcgs.org\/es\/wp-json\/wp\/v2\/media\/12632"}],"wp:attachment":[{"href":"https:\/\/www.olcgs.org\/es\/wp-json\/wp\/v2\/media?parent=12618"}],"wp:term":[{"taxonomy":"category","embeddable":true,"href":"https:\/\/www.olcgs.org\/es\/wp-json\/wp\/v2\/categories?post=12618"},{"taxonomy":"post_tag","embeddable":true,"href":"https:\/\/www.olcgs.org\/es\/wp-json\/wp\/v2\/tags?post=12618"}],"curies":[{"name":"wp","href":"https:\/\/api.w.org\/{rel}","templated":true}]}}