{"id":12637,"date":"2025-08-03T16:58:03","date_gmt":"2025-08-03T14:58:03","guid":{"rendered":"https:\/\/www.olcgs.org\/?p=12637"},"modified":"2025-09-17T16:35:42","modified_gmt":"2025-09-17T14:35:42","slug":"called-to-serve-sister-joselyn-alvarado-soto","status":"publish","type":"post","link":"https:\/\/www.olcgs.org\/es\/called-to-serve-sister-joselyn-alvarado-soto\/","title":{"rendered":"Llamada a servir: La misi\u00f3n sin fronteras de la Hermana Joselyn Alvarado Soto"},"content":{"rendered":"<p><em>El 2 de agosto 2025, celebramos con gozo <strong>la Profesi\u00f3n Perpetua de nuestra hermana Joselyn Alvarado Soto<\/strong>, costarricense, quien animada por el Esp\u00edritu Santo y sostenida por el amor misericordioso del Buen Pastor, consagr\u00f3 su vida totalmente a Dios, en la Congregaci\u00f3n de Nuestra Se\u00f1ora de la Caridad del Buen Pastor. Celebramos esta fiesta en acci\u00f3n de gracias, como afirmaci\u00f3n del amor que transforma y testimonio de que Dios sigue llamando y nuestras hermanas siguen respondiendo.\nLes compartimos el testimonio vocacional de nuestra Hna. Joselyn Alvarado Soto.<\/em><\/p>\n<p>Hay momentos en la vida en los que es necesario hacer una pausa, mirar hacia atr\u00e1s, no desde la nostalgia, sino desde la gratitud. Detenerse, respirar hondo y simplemente dar gracias. Hoy, despu\u00e9s de haber entregado mi vida definitivamente a Dios a trav\u00e9s de los votos perpetuos, me encuentro en un tiempo de contemplaci\u00f3n profunda, <strong>elevando el coraz\u00f3n agradecido al Se\u00f1or que<\/strong> ha guiado con amor y fidelidad cada paso de mi camino.<\/p>\n<p>El tiempo ha pasado, y ciertamente ya no soy la misma joven de a\u00f1os atr\u00e1s. Aquella que, con mirada incierta, buscaba un sentido m\u00e1s profundo para su vida. En ese entonces, quiz\u00e1 ni siquiera me preguntaba qu\u00e9 quer\u00eda Dios de m\u00ed, y mucho menos ten\u00eda claridad sobre lo que yo misma deseaba. Pero hoy s\u00e9 que nada ocurre por casualidad. No fue el azar lo que me trajo a esta Congregaci\u00f3n, sino una llamada amorosa que me condujo a un lugar donde <strong>fui acogida con ternura<\/strong>, con calidez de hogar\u2026 y ah\u00ed, sin saberlo del todo, me estaba encontrando con el Buen Pastor.<\/p>\n<p><img fetchpriority=\"high\" decoding=\"async\" class=\"aligncenter size-large wp-image-12749\" src=\"https:\/\/www.olcgs.org\/wp-content\/uploads\/2025\/08\/JOSELYN-4_169-1024x576.jpg\" alt=\"\" width=\"800\" height=\"450\" srcset=\"https:\/\/www.olcgs.org\/wp-content\/uploads\/2025\/08\/JOSELYN-4_169-1024x576.jpg 1024w, https:\/\/www.olcgs.org\/wp-content\/uploads\/2025\/08\/JOSELYN-4_169-300x169.jpg 300w, https:\/\/www.olcgs.org\/wp-content\/uploads\/2025\/08\/JOSELYN-4_169-768x432.jpg 768w, https:\/\/www.olcgs.org\/wp-content\/uploads\/2025\/08\/JOSELYN-4_169-1536x864.jpg 1536w, https:\/\/www.olcgs.org\/wp-content\/uploads\/2025\/08\/JOSELYN-4_169-18x10.jpg 18w, https:\/\/www.olcgs.org\/wp-content\/uploads\/2025\/08\/JOSELYN-4_169.jpg 1600w\" sizes=\"(max-width: 800px) 100vw, 800px\" \/><\/p>\n<p>Recuerdo que, despu\u00e9s de algunos meses, una pregunta inesperada irrumpi\u00f3 en mi vida: \u00bf<em>Y usted no quiere ser religiosa?<\/em>'' Mi respuesta fue un rotundo \u201c<em>no<\/em>\u201d. No me ve\u00eda, no me sent\u00eda capaz. Me parec\u00eda imposible imaginarme en esa vocaci\u00f3n. Pero esas preguntas inc\u00f3modas regresaban una y otra vez, hasta que dejaron de incomodarme y empezaron a cobrar sentido. Con un coraz\u00f3n dispuesto, m\u00e1s abierto a escuchar, <strong>me atrev\u00ed a decirle a Dios:<\/strong>: \u201c<em>\u00bfPor qu\u00e9 no?<\/em>'' Sent\u00eda que me llamaba, aunque no sab\u00eda a d\u00f3nde. S\u00f3lo intu\u00eda que me ped\u00eda conocerle, amarle, seguirle... aunque no comprend\u00eda el c\u00f3mo.<\/p>\n<p><img decoding=\"async\" class=\"alignright size-medium wp-image-12639\" src=\"https:\/\/www.olcgs.org\/wp-content\/uploads\/2025\/09\/Picture3_inset-218x300.png\" alt=\"\" width=\"218\" height=\"300\" srcset=\"https:\/\/www.olcgs.org\/wp-content\/uploads\/2025\/09\/Picture3_inset-218x300.png 218w, https:\/\/www.olcgs.org\/wp-content\/uploads\/2025\/09\/Picture3_inset-9x12.png 9w, https:\/\/www.olcgs.org\/wp-content\/uploads\/2025\/09\/Picture3_inset.png 472w\" sizes=\"(max-width: 218px) 100vw, 218px\" \/>La vida religiosa empez\u00f3 a parecerme no solo posible, sino profundamente hermosa. No por apariencias, sino porque me hablaba de <strong>una vida entregada, de servicio, de comunidad, de romper con mis propios l\u00edmites<\/strong>. Fue un tiempo de lucha interior: no quer\u00eda, pero algo me atra\u00eda profundamente. No me sent\u00eda lista, pero deseaba intentarlo. El miedo me paralizaba, pero <strong>algo ard\u00eda en mi interior<\/strong>.<\/p>\n<p>En medio de <strong>un tiempo de desierto y sequedad<\/strong>, mis propias resistencias me abrumaban. Pero ese fuego interior no se apagaba. Me hac\u00eda sentir que no estaba sola. Poco a poco, fui d\u00e1ndole a Dios la oportunidad de guiar mi vida, y con ello, comenz\u00f3 a llegar la paz. Hablar de lo que sent\u00eda con las personas adecuadas me hizo sentir acompa\u00f1ada. El miedo dej\u00f3 de tener la \u00faltima palabra. Supe entonces, con certeza, que Dios me llamaba\u2026 y yo quer\u00eda responder.<\/p>\n<p>Despu\u00e9s de un tiempo de b\u00fasqueda, record\u00e9 aquel primer encuentro con el Buen Pastor, ese momento en el que me sent\u00ed profundamente acogida. Y me dije: es aqu\u00ed donde el Se\u00f1or me cautiv\u00f3, es aqu\u00ed donde quiero permanecer.<\/p>\n<p>Comenc\u00e9 a caminar junto a esta Congregaci\u00f3n, a descubrir qui\u00e9n era Jes\u00fas para m\u00ed, y al mismo tiempo, a encontrarme conmigo misma. No ha sido un camino f\u00e1cil. En muchas ocasiones, me sent\u00ed fuera de lugar,<strong> con el coraz\u00f3n lleno de preguntas<\/strong>. Pero dos certezas han sostenido mi camino hasta hoy: que la gracia de Dios siempre me ha bastado, y que era esencial vivir este proceso con sinceridad y con misericordia hacia m\u00ed misma.<\/p>\n<p>Hoy puedo decir que he vivido mi proceso vocacional con <strong>Hoy puedo decir que he vivido mi proceso vocacional con entusiasmo, verdad y alegr\u00eda<\/strong>. A medida que me entrego con generosidad, descubro c\u00f3mo Dios se manifiesta en mi vida con un amor sin condiciones. La misi\u00f3n me ha ido cautivando, porque en cada persona que acompa\u00f1o especialmente en tantas mujeres reconozco la presencia viva <strong>del Buen Pastor que gu\u00eda, sana y reconforta.<\/strong>.<\/p>\n<p>Pertenecer a una Congregaci\u00f3n global me ha permitido experimentar profundamente mi identidad como misionera. <strong>Ir m\u00e1s all\u00e1 de las fronteras<\/strong>, no solo geogr\u00e1ficas, sino tambi\u00e9n de mi propio ser. La vida religiosa me ha invitado constantemente a salir de m\u00ed misma, a ofrecer lo m\u00e1s aut\u00e9ntico, lo m\u00e1s bello que descubro en lo profundo de mi ser.<\/p>\n<p>No puedo decir que todo ha sido f\u00e1cil. La vida siempre presenta nuevos desaf\u00edos. Pero en el camino <strong>nunca he estado sola<\/strong>sola. Dios ha estado conmigo, y me he encontrado con rostros e historias que han acariciado mi coraz\u00f3n. Hoy, sus nombres son imborrables en mi historia\u2026 <em>una historia escrita tras las huellas del Buen Pastor<\/em>.<\/p>","protected":false},"excerpt":{"rendered":"<p>On August 2, 2025, we celebrated the perpetual profession of Sister Joselyn Alvarado Soto, from Costa Rica, who, inspired by the Spirit and the love of the Good Shepherd, consecrated her entire life to God in the Congregation of Our Lady of Charity of the Good Shepherd. Her commitment is an example of how love [&hellip;]<\/p>\n","protected":false},"author":2,"featured_media":12638,"comment_status":"closed","ping_status":"open","sticky":false,"template":"","format":"standard","meta":{"footnotes":""},"categories":[57],"tags":[],"class_list":["post-12637","post","type-post","status-publish","format-standard","has-post-thumbnail","hentry","category-costa-rica"],"jetpack_featured_media_url":"https:\/\/www.olcgs.org\/wp-content\/uploads\/2025\/09\/Picture2_main.png","_links":{"self":[{"href":"https:\/\/www.olcgs.org\/es\/wp-json\/wp\/v2\/posts\/12637","targetHints":{"allow":["GET"]}}],"collection":[{"href":"https:\/\/www.olcgs.org\/es\/wp-json\/wp\/v2\/posts"}],"about":[{"href":"https:\/\/www.olcgs.org\/es\/wp-json\/wp\/v2\/types\/post"}],"author":[{"embeddable":true,"href":"https:\/\/www.olcgs.org\/es\/wp-json\/wp\/v2\/users\/2"}],"replies":[{"embeddable":true,"href":"https:\/\/www.olcgs.org\/es\/wp-json\/wp\/v2\/comments?post=12637"}],"version-history":[{"count":3,"href":"https:\/\/www.olcgs.org\/es\/wp-json\/wp\/v2\/posts\/12637\/revisions"}],"predecessor-version":[{"id":12750,"href":"https:\/\/www.olcgs.org\/es\/wp-json\/wp\/v2\/posts\/12637\/revisions\/12750"}],"wp:featuredmedia":[{"embeddable":true,"href":"https:\/\/www.olcgs.org\/es\/wp-json\/wp\/v2\/media\/12638"}],"wp:attachment":[{"href":"https:\/\/www.olcgs.org\/es\/wp-json\/wp\/v2\/media?parent=12637"}],"wp:term":[{"taxonomy":"category","embeddable":true,"href":"https:\/\/www.olcgs.org\/es\/wp-json\/wp\/v2\/categories?post=12637"},{"taxonomy":"post_tag","embeddable":true,"href":"https:\/\/www.olcgs.org\/es\/wp-json\/wp\/v2\/tags?post=12637"}],"curies":[{"name":"wp","href":"https:\/\/api.w.org\/{rel}","templated":true}]}}