{"id":12923,"date":"2025-09-06T12:49:09","date_gmt":"2025-09-06T10:49:09","guid":{"rendered":"https:\/\/www.olcgs.org\/?p=12923"},"modified":"2025-10-10T10:08:46","modified_gmt":"2025-10-10T08:08:46","slug":"san-juan-eudes-school-ecuador","status":"publish","type":"post","link":"https:\/\/www.olcgs.org\/es\/san-juan-eudes-school-ecuador\/","title":{"rendered":"San Juan Eudes: Un nuevo cap\u00edtulo brillante para los ni\u00f1os de Ecuador"},"content":{"rendered":"<p><em>Por Jessica Mu\u00f1oz, Comisi\u00f3n de Comunicaci\u00f3n, Ecuador (Provincia de Ecuador)<\/em><\/p>\n<p>El 3 de septiembre, el Centro de Apoyo Escolar San Juan Eudes, un ministerio directo de la Congregaci\u00f3n de Nuestra Se\u00f1ora de la Caridad del Buen Pastor, ubicado en la Provincia de Esmeraldas, Ecuador, reabri\u00f3 sus puertas tras <strong>importantes renovaciones <\/strong>gracias al apoyo de la organizaci\u00f3n ben\u00e9fica taiwanesa <strong>TX Foundation<\/strong> TX Foundation (\u6148\u884c\u57fa\u91d1\u6703).<\/p>\n<p><img fetchpriority=\"high\" decoding=\"async\" class=\"aligncenter wp-image-12932 size-large\" src=\"https:\/\/www.olcgs.org\/wp-content\/uploads\/2025\/09\/IMG_9027_ed-1024x679.jpg\" alt=\"\" width=\"800\" height=\"530\" srcset=\"https:\/\/www.olcgs.org\/wp-content\/uploads\/2025\/09\/IMG_9027_ed-1024x679.jpg 1024w, https:\/\/www.olcgs.org\/wp-content\/uploads\/2025\/09\/IMG_9027_ed-300x199.jpg 300w, https:\/\/www.olcgs.org\/wp-content\/uploads\/2025\/09\/IMG_9027_ed-768x509.jpg 768w, https:\/\/www.olcgs.org\/wp-content\/uploads\/2025\/09\/IMG_9027_ed-1536x1019.jpg 1536w, https:\/\/www.olcgs.org\/wp-content\/uploads\/2025\/09\/IMG_9027_ed-2048x1358.jpg 2048w, https:\/\/www.olcgs.org\/wp-content\/uploads\/2025\/09\/IMG_9027_ed-18x12.jpg 18w\" sizes=\"(max-width: 800px) 100vw, 800px\" \/><\/p>\n<p>La reapertura reuni\u00f3 a Ni\u00f1os, Familias, Educadores, Voluntarios, Hermanas y Colaboradores en la misi\u00f3n, marcando el inicio de un <strong>un nuevo a\u00f1o escolar lleno de alegr\u00eda y<\/strong> esperanza.<\/p>\n<p>Las instalaciones se modernizaron para ofrecer espacios m\u00e1s funcionales y estimulantes, desde aulas y bibliotecas hasta \u00e1reas<strong>recreativas, fomentando la creatividad, el aprendizaje activo y la colaboraci\u00f3n<\/strong> entre los estudiantes.<\/p>\n<p>El evento tuvo lugar en un momento muy especial, ya que esperamos con ansias la celebraci\u00f3n del <strong>D\u00eda Internacional de la Ni\u00f1a<\/strong> de octubre de 2025, reafirmando el compromiso de la Congregaci\u00f3n con la promoci\u00f3n de los derechos de las ni\u00f1as y los ni\u00f1os, y con el desarrollo integral de cada estudiante.<\/p>\n<p style=\"text-align: center;\"><img decoding=\"async\" class=\"wp-image-12936 size-large aligncenter\" src=\"https:\/\/www.olcgs.org\/wp-content\/uploads\/2025\/09\/IMG_8990_169-1024x576.jpg\" alt=\"\" width=\"800\" height=\"450\" srcset=\"https:\/\/www.olcgs.org\/wp-content\/uploads\/2025\/09\/IMG_8990_169-1024x576.jpg 1024w, https:\/\/www.olcgs.org\/wp-content\/uploads\/2025\/09\/IMG_8990_169-300x169.jpg 300w, https:\/\/www.olcgs.org\/wp-content\/uploads\/2025\/09\/IMG_8990_169-768x432.jpg 768w, https:\/\/www.olcgs.org\/wp-content\/uploads\/2025\/09\/IMG_8990_169-1536x864.jpg 1536w, https:\/\/www.olcgs.org\/wp-content\/uploads\/2025\/09\/IMG_8990_169-2048x1152.jpg 2048w, https:\/\/www.olcgs.org\/wp-content\/uploads\/2025\/09\/IMG_8990_169-18x10.jpg 18w\" sizes=\"(max-width: 800px) 100vw, 800px\" \/><\/p>\n<p>&nbsp;<\/p>\n<p>Durante la ceremonia, la Hermana N\u00e9lida, coordinadora del Centro, expres\u00f3 con emoci\u00f3n:<\/p>\n<p style=\"padding-left: 40px;\">''<em>Hoy, nuestro colegio luce renovado, hermoso y radiante, lleno de vida y luz. Todo esto inspira nuestra dedicaci\u00f3n y misi\u00f3n, la cual llevamos a cabo con los ni\u00f1os y sus familias en nuestra querida Provincia de Esmeraldas, quiz\u00e1s uno de los lugares m\u00e1s olvidados del Ecuador, pero no para quienes creemos que cada ser humano puede ser un agente de cambio y transformaci\u00f3n. Hoy tambi\u00e9n renovamos nuestras oraciones, afecto y eterna gratitud a la Fundaci\u00f3n TX de Taiw\u00e1n, y nuestro compromiso de servicio y amor al pr\u00f3jimo con los beneficiarios de la misi\u00f3n<\/em>''.<\/p>\n<p><img decoding=\"async\" class=\"wp-image-12926 size-medium alignright\" src=\"https:\/\/www.olcgs.org\/wp-content\/uploads\/2025\/09\/IMG_8725-300x200.jpg\" alt=\"\" width=\"300\" height=\"200\" srcset=\"https:\/\/www.olcgs.org\/wp-content\/uploads\/2025\/09\/IMG_8725-300x200.jpg 300w, https:\/\/www.olcgs.org\/wp-content\/uploads\/2025\/09\/IMG_8725-1024x683.jpg 1024w, https:\/\/www.olcgs.org\/wp-content\/uploads\/2025\/09\/IMG_8725-768x512.jpg 768w, https:\/\/www.olcgs.org\/wp-content\/uploads\/2025\/09\/IMG_8725-1536x1024.jpg 1536w, https:\/\/www.olcgs.org\/wp-content\/uploads\/2025\/09\/IMG_8725-2048x1365.jpg 2048w, https:\/\/www.olcgs.org\/wp-content\/uploads\/2025\/09\/IMG_8725-18x12.jpg 18w\" sizes=\"(max-width: 300px) 100vw, 300px\" \/>Durante la reapertura, se devel\u00f3 una placa conmemorativa y se entreg\u00f3 un certificado en honor al Dr. Cheng-Ta Hsieh, que Freda Miriklis recibi\u00f3 con gratitud en nombre de la Fundaci\u00f3n.<\/p>\n<p>Sin embargo, las verdaderas estrellas del d\u00eda fueron nuestros ni\u00f1os y ni\u00f1as, quienes presentaron una presentaci\u00f3n cultural que mostr\u00f3 la riqueza de Esmeraldas, <strong>con bailes tradicionales y coloridos trajes que llenaron<\/strong> la ceremonia de alegr\u00eda. Esta presentaci\u00f3n permiti\u00f3 a los asistentes apreciar la identidad cultural de la regi\u00f3n y la creatividad de los ni\u00f1os, fortaleciendo su sentido de pertenencia y orgullo por sus ra\u00edces.<\/p>\n<p>Adem\u00e1s, algunos estudiantes compartieron sus impresiones sobre el centro. Andrea, por ejemplo, expres\u00f3 su gratitud y entusiasmo por los espacios renovados y el apoyo recibido:<\/p>\n<p style=\"padding-left: 40px;\">''<em>Estoy muy agradecida con la Fundaci\u00f3n TX de Taiw\u00e1n y las Hermanas del Buen Pastor por brindarme la oportunidad de aprender y crecer como persona. Cada vez que llegamos al centro, nos reciben con cari\u00f1o y eso nos motiva a dar lo mejor de nosotros<\/em>.\u201d<\/p>\n<p><img loading=\"lazy\" decoding=\"async\" class=\"size-medium wp-image-12939 alignleft\" src=\"https:\/\/www.olcgs.org\/wp-content\/uploads\/2025\/09\/IMG_8600_sq-300x300.jpg\" alt=\"\" width=\"300\" height=\"300\" srcset=\"https:\/\/www.olcgs.org\/wp-content\/uploads\/2025\/09\/IMG_8600_sq-300x300.jpg 300w, https:\/\/www.olcgs.org\/wp-content\/uploads\/2025\/09\/IMG_8600_sq-1024x1024.jpg 1024w, https:\/\/www.olcgs.org\/wp-content\/uploads\/2025\/09\/IMG_8600_sq-150x150.jpg 150w, https:\/\/www.olcgs.org\/wp-content\/uploads\/2025\/09\/IMG_8600_sq-768x768.jpg 768w, https:\/\/www.olcgs.org\/wp-content\/uploads\/2025\/09\/IMG_8600_sq-1536x1536.jpg 1536w, https:\/\/www.olcgs.org\/wp-content\/uploads\/2025\/09\/IMG_8600_sq-2048x2048.jpg 2048w, https:\/\/www.olcgs.org\/wp-content\/uploads\/2025\/09\/IMG_8600_sq-12x12.jpg 12w, https:\/\/www.olcgs.org\/wp-content\/uploads\/2025\/09\/IMG_8600_sq-650x650.jpg 650w, https:\/\/www.olcgs.org\/wp-content\/uploads\/2025\/09\/IMG_8600_sq-1300x1300.jpg 1300w\" sizes=\"(max-width: 300px) 100vw, 300px\" \/>Gracias al apoyo de la Fundaci\u00f3n TX, este proyecto ha podido garantizar un entorno seguro y estimulante donde los ni\u00f1os pueden crecer de forma integral: acad\u00e9mica, humana y espiritualmente. La colaboraci\u00f3n internacional, junto con el compromiso local, demuestra c\u00f3mo <strong>la uni\u00f3n de corazones puede transformar vidas y comunidades<\/strong>.<\/p>\n<p>El Centro de Apoyo Escolar San Juan Eudes de la Congregaci\u00f3n en Ecuador, es un ejemplo vivo de c\u00f3mo <strong>la dedicaci\u00f3n, la solidaridad y una misi\u00f3n compartida<\/strong> impactan la vida de los ni\u00f1os, ofreci\u00e9ndoles un espacio donde sus sue\u00f1os y talentos pueden florecer.<\/p>\n<p>Este lugar no solo educa, sino que tambi\u00e9n <strong>cultiva valores humanos y espirituales<\/strong>, fortaleciendo la esperanza y demostrando que, juntos, podemos construir un futuro m\u00e1s justo y prometedor.<\/p>","protected":false},"excerpt":{"rendered":"<p>By Jessica Mu\u00f1oz, Communication Commission, Ecuador (Province of Ecuador) On September 3, the San Juan Eudes School Support Center, a direct ministry of the Congregation of Our Lady of Charity of the Good Shepherd and located in the province of Esmeraldas in Ecuador, reopened its doors after major renovations thanks to the support of the [&hellip;]<\/p>\n","protected":false},"author":2,"featured_media":12929,"comment_status":"closed","ping_status":"open","sticky":false,"template":"","format":"standard","meta":{"footnotes":""},"categories":[106,99],"tags":[],"class_list":["post-12923","post","type-post","status-publish","format-standard","has-post-thumbnail","hentry","category-ecuador","category-girl-child"],"jetpack_featured_media_url":"https:\/\/www.olcgs.org\/wp-content\/uploads\/2025\/09\/IMG_8926_main-scaled.jpg","_links":{"self":[{"href":"https:\/\/www.olcgs.org\/es\/wp-json\/wp\/v2\/posts\/12923","targetHints":{"allow":["GET"]}}],"collection":[{"href":"https:\/\/www.olcgs.org\/es\/wp-json\/wp\/v2\/posts"}],"about":[{"href":"https:\/\/www.olcgs.org\/es\/wp-json\/wp\/v2\/types\/post"}],"author":[{"embeddable":true,"href":"https:\/\/www.olcgs.org\/es\/wp-json\/wp\/v2\/users\/2"}],"replies":[{"embeddable":true,"href":"https:\/\/www.olcgs.org\/es\/wp-json\/wp\/v2\/comments?post=12923"}],"version-history":[{"count":11,"href":"https:\/\/www.olcgs.org\/es\/wp-json\/wp\/v2\/posts\/12923\/revisions"}],"predecessor-version":[{"id":12940,"href":"https:\/\/www.olcgs.org\/es\/wp-json\/wp\/v2\/posts\/12923\/revisions\/12940"}],"wp:featuredmedia":[{"embeddable":true,"href":"https:\/\/www.olcgs.org\/es\/wp-json\/wp\/v2\/media\/12929"}],"wp:attachment":[{"href":"https:\/\/www.olcgs.org\/es\/wp-json\/wp\/v2\/media?parent=12923"}],"wp:term":[{"taxonomy":"category","embeddable":true,"href":"https:\/\/www.olcgs.org\/es\/wp-json\/wp\/v2\/categories?post=12923"},{"taxonomy":"post_tag","embeddable":true,"href":"https:\/\/www.olcgs.org\/es\/wp-json\/wp\/v2\/tags?post=12923"}],"curies":[{"name":"wp","href":"https:\/\/api.w.org\/{rel}","templated":true}]}}