{"id":13022,"date":"2025-10-07T12:38:30","date_gmt":"2025-10-07T10:38:30","guid":{"rendered":"https:\/\/www.olcgs.org\/?p=13022"},"modified":"2025-10-25T12:39:36","modified_gmt":"2025-10-25T10:39:36","slug":"called-by-name-sr-nelly-ortega","status":"publish","type":"post","link":"https:\/\/www.olcgs.org\/es\/called-by-name-sr-nelly-ortega\/","title":{"rendered":"Llamada por su Nombre: El Camino de la Hna. Nelly Ortega hacia un Compromiso para Toda la Vida"},"content":{"rendered":"<p><em>Mientras se prepara para hacer su compromiso perpetuo con la misi\u00f3n de las Hermanas de Nuestra Se\u00f1ora de la Caridad del Buen Pastor, <strong>la Hna. Nelly Ortega<\/strong>, de Honduras, comparte con nosotros algo de su camino vocacional. <\/em><\/p>\n<p>Bueno, mi vocaci\u00f3n nace despu\u00e9s de una fuerte experiencia y cercan\u00eda con Dios.<\/p>\n<p>Nac\u00ed en un hogar de padres muy cat\u00f3licos en la Aldea Germania al sur de la capital. Desde que tuve uso de raz\u00f3n, en la aldea donde crec\u00ed, mi abuela materna era la que nos acompa\u00f1aba y formaba en la catequesis para prepararnos en los sacramentos.<\/p>\n<p>En mi casa somos 11 hermanos: 7 varones y 4 mujeres, yo soy la menor. Mi abuelita prepar\u00f3 a mis 10 hermanos para su primera comuni\u00f3n y confirmaci\u00f3n. Es muy curioso que yo, por ser la menor, me consent\u00edan mucho y a m\u00ed muy poco me gustaba asistir a la formaci\u00f3n con mi abuela, porque ella era muy exigente.<\/p>\n<p>Pas\u00f3 el tiempo y en 1990, cuando ten\u00eda 10 a\u00f1os, las Hermanas de Nuestra Se\u00f1ora de la Caridad del Buen Pastor, que ten\u00edan sus apostolados en las c\u00e1rceles, dejaron las c\u00e1rceles y se trasladaron a la aldea donde yo viv\u00eda con mis padres y mis hermanos.<\/p>\n<p>Fui aprendiendo a conocer a estas mujeres maravillosas.  Su <strong>trabajo con los ni\u00f1os, j\u00f3venes y mujeres<\/strong> fue llamando mi atenci\u00f3n. Comenc\u00e9 a visitarlas con mis primas y vecinas de mi misma edad y ah\u00ed s\u00ed, las hermanas me prepararon para mi Primera Comuni\u00f3n y luego para mi Confirmaci\u00f3n.<\/p>\n<p>Nos ense\u00f1aban a rezar, cantar (form\u00e9 parte del coro de ni\u00f1os), reposter\u00eda (aprend\u00ed a hacer pan, queques, manualidades). Fue una de las etapas m\u00e1s hermosas de mi vida. Yo iba a la escuela de la aldea por las ma\u00f1anas y esperaba con ansias las tardes para ir donde las hermanas para aprender muchas cosas nuevas que <strong>fueron preparando mi camino y mi vocaci\u00f3n<\/strong>.<\/p>\n<p>Despu\u00e9s de un tiempo form\u00e9 parte del Grupo juvenil y a mis 18 a\u00f1os sent\u00ed mi primer llamado, pero quise evadir la voz del Se\u00f1or y me dediqu\u00e9 a estudiar en la universidad, trabaj\u00e9 durante\n11 a\u00f1os, fui evangelizadora, ten\u00edamos peque\u00f1os grupos de 5 o 10 familias que visit\u00e1bamos semanalmente para compartir la palabra de Dios y as\u00ed me iba comprometiendo, pero tratando de no ir m\u00e1s all\u00e1 de mi vocaci\u00f3n.<\/p>\n<p><img fetchpriority=\"high\" decoding=\"async\" class=\"alignright wp-image-13024 size-medium\" src=\"https:\/\/www.olcgs.org\/wp-content\/uploads\/2025\/10\/4_ed_inset-235x300.jpg\" alt=\"\" width=\"235\" height=\"300\" srcset=\"https:\/\/www.olcgs.org\/wp-content\/uploads\/2025\/10\/4_ed_inset-235x300.jpg 235w, https:\/\/www.olcgs.org\/wp-content\/uploads\/2025\/10\/4_ed_inset-9x12.jpg 9w, https:\/\/www.olcgs.org\/wp-content\/uploads\/2025\/10\/4_ed_inset.jpg 460w\" sizes=\"(max-width: 235px) 100vw, 235px\" \/>Durante 15 a\u00f1os ingres\u00e9 como Asociada Laica del Buen Pastor, lo que hoy conocemos como Partner en la misi\u00f3n. El Se\u00f1or Jes\u00fas nunca se cans\u00f3 de llamarme; siempre estaba <strong>esa llamita de fuego en mi coraz\u00f3n<\/strong>; ard\u00eda levemente, pero segu\u00eda encendida. Yo me hab\u00eda conformado con lo poco de tiempo que le daba al Se\u00f1or en mi trabajo pastoral con las familias y los ni\u00f1os en la catequesis.<\/p>\n<p>Fue en el a\u00f1o 2015, despu\u00e9s de una Eucarist\u00eda, donde sent\u00ed muy fuerte la voz del Se\u00f1or, a trav\u00e9s de la 1ra Carta de San Pablo a los Corintios 7,34, donde dice que la mujer soltera y joven sin casarse se preocupa por servir al Se\u00f1or y nos dec\u00eda el sacerdote en la pr\u00e9dica que este servicio se da <strong>sirviendo a nuestros\/as hermanos\/as m\u00e1s necesitados<\/strong>En cierta manera yo ya lo hac\u00eda, pero como el Se\u00f1or se vale de todo, sent\u00ed en ese momento que quer\u00eda m\u00e1s de m\u00ed. Ya no solo quer\u00eda que fuera catequista o evangelizadora.<\/p>\n<p>Recuerdo que ese d\u00eda me sent\u00ed muy inquieta; fui a conversar con la hermana que me acompa\u00f1aba espiritualmente. Ella me dijo que discerniera y desde ah\u00ed comenc\u00e9 este camino, el cual ha sido de muchas alegr\u00edas, dificultades, crecimiento personal, cruces, gracias\u2026 donde cada vez reafirmo mi llamado y mi vocaci\u00f3n.<\/p>\n<p>Dios mediante, el pr\u00f3ximo a\u00f1o 2025, si el Se\u00f1or y la Congregaci\u00f3n me lo permiten, estar\u00e9 haciendo<strong>mis Votos Perpetuos de entrega total al Se\u00f1or que me am\u00f3 y llam\u00f3<\/strong>.<\/p>\n<p>&nbsp;<\/p>","protected":false},"excerpt":{"rendered":"<p>As she prepares to make her lifelong commitment to the OLCGS mission, Sr. Nelly Ortega, from Honduras, shares something of her vocation journey with us. My calling was born out of a deep personal encounter and closeness with God. I grew up in a devout Catholic family in Germania, south of Honduras\u2019 capital city. For [&hellip;]<\/p>\n","protected":false},"author":2,"featured_media":13023,"comment_status":"closed","ping_status":"open","sticky":false,"template":"","format":"standard","meta":{"footnotes":""},"categories":[84],"tags":[],"class_list":["post-13022","post","type-post","status-publish","format-standard","has-post-thumbnail","hentry","category-honduras"],"jetpack_featured_media_url":"https:\/\/www.olcgs.org\/wp-content\/uploads\/2025\/10\/1_main.jpg","_links":{"self":[{"href":"https:\/\/www.olcgs.org\/es\/wp-json\/wp\/v2\/posts\/13022","targetHints":{"allow":["GET"]}}],"collection":[{"href":"https:\/\/www.olcgs.org\/es\/wp-json\/wp\/v2\/posts"}],"about":[{"href":"https:\/\/www.olcgs.org\/es\/wp-json\/wp\/v2\/types\/post"}],"author":[{"embeddable":true,"href":"https:\/\/www.olcgs.org\/es\/wp-json\/wp\/v2\/users\/2"}],"replies":[{"embeddable":true,"href":"https:\/\/www.olcgs.org\/es\/wp-json\/wp\/v2\/comments?post=13022"}],"version-history":[{"count":1,"href":"https:\/\/www.olcgs.org\/es\/wp-json\/wp\/v2\/posts\/13022\/revisions"}],"predecessor-version":[{"id":13025,"href":"https:\/\/www.olcgs.org\/es\/wp-json\/wp\/v2\/posts\/13022\/revisions\/13025"}],"wp:featuredmedia":[{"embeddable":true,"href":"https:\/\/www.olcgs.org\/es\/wp-json\/wp\/v2\/media\/13023"}],"wp:attachment":[{"href":"https:\/\/www.olcgs.org\/es\/wp-json\/wp\/v2\/media?parent=13022"}],"wp:term":[{"taxonomy":"category","embeddable":true,"href":"https:\/\/www.olcgs.org\/es\/wp-json\/wp\/v2\/categories?post=13022"},{"taxonomy":"post_tag","embeddable":true,"href":"https:\/\/www.olcgs.org\/es\/wp-json\/wp\/v2\/tags?post=13022"}],"curies":[{"name":"wp","href":"https:\/\/api.w.org\/{rel}","templated":true}]}}