{"id":13053,"date":"2025-10-01T16:46:46","date_gmt":"2025-10-01T14:46:46","guid":{"rendered":"https:\/\/www.olcgs.org\/?p=13053"},"modified":"2025-11-06T16:54:55","modified_gmt":"2025-11-06T15:54:55","slug":"untying-the-knots-in-la-rioja","status":"publish","type":"post","link":"https:\/\/www.olcgs.org\/es\/untying-the-knots-in-la-rioja\/","title":{"rendered":"Desatando los Nudos: Celebrando la Vida Comunitaria en La Rioja"},"content":{"rendered":"<p><em>Por Sergio Carion, Argentina (Provincia Argentina\u2013Uruguay)<\/em><\/p>\n<p>Ubicada en las estribaciones de los Andes, en el noroeste argentino, nuestra comunidad ''<em>Mar\u00eda que Desata los Nudos<\/em>'' en <strong>La Rioja <\/strong>se reuni\u00f3 durante nueve d\u00edas de oraci\u00f3n y servicio a partir del 19 de septiembre, mientras la Parroquia de la Anunciaci\u00f3n del Se\u00f1or celebraba su novena anual.<\/p>\n<p><img fetchpriority=\"high\" decoding=\"async\" class=\"size-medium wp-image-13059 alignright\" src=\"https:\/\/www.olcgs.org\/wp-content\/uploads\/2025\/10\/WhatsApp-Image-2025-09-26-at-00.15.52_sq-300x300.jpg\" alt=\"\" width=\"300\" height=\"300\" srcset=\"https:\/\/www.olcgs.org\/wp-content\/uploads\/2025\/10\/WhatsApp-Image-2025-09-26-at-00.15.52_sq-300x300.jpg 300w, https:\/\/www.olcgs.org\/wp-content\/uploads\/2025\/10\/WhatsApp-Image-2025-09-26-at-00.15.52_sq-150x150.jpg 150w, https:\/\/www.olcgs.org\/wp-content\/uploads\/2025\/10\/WhatsApp-Image-2025-09-26-at-00.15.52_sq-12x12.jpg 12w, https:\/\/www.olcgs.org\/wp-content\/uploads\/2025\/10\/WhatsApp-Image-2025-09-26-at-00.15.52_sq-650x650.jpg 650w, https:\/\/www.olcgs.org\/wp-content\/uploads\/2025\/10\/WhatsApp-Image-2025-09-26-at-00.15.52_sq.jpg 672w\" sizes=\"(max-width: 300px) 100vw, 300px\" \/>Junto con las hermanas y los partners laicas y laicos en la misi\u00f3n, que se unieron a nosotros desde <strong>Corrientes<\/strong> y <strong>Buenos Aires<\/strong>, nos acercamos a las familias de los barrios vecinos.<\/p>\n<p>Casa por casa, llevamos un mensaje claro: la Iglesia los necesita, los espera, los acompa\u00f1a y ora por cada uno. Damos gracias a Dios por cada puerta que se abri\u00f3 para recibir a la Madre y la Palabra. En cada encuentro, compartimos <strong>vida, dolores, alegr\u00edas<\/strong>\u2026 y nos quedamos con la alabanza en los labios, por todo lo que fue revelado a los peque\u00f1os y sencillos.<\/p>\n<p>Un momento especialmente enriquecedor fue el taller de m\u00fasica, donde los ni\u00f1os, con el apoyo de las Hermanas y la colaboraci\u00f3n de sus familias, crearon sus propios instrumentos con <strong>elementos de la zona:<\/strong> semillas, chauchas y otros materiales. \u00c9stos fueron utilizados por los ni\u00f1os en la celebraci\u00f3n de la Primera Comuni\u00f3n, generando una experiencia de expresi\u00f3n, alegr\u00eda y conexi\u00f3n profunda entre ellos.<\/p>\n<p><img decoding=\"async\" class=\"alignleft size-medium wp-image-13057\" src=\"https:\/\/www.olcgs.org\/wp-content\/uploads\/2025\/10\/WhatsApp-Image-2025-09-24-at-21.47.08_ed-222x300.jpg\" alt=\"\" width=\"222\" height=\"300\" srcset=\"https:\/\/www.olcgs.org\/wp-content\/uploads\/2025\/10\/WhatsApp-Image-2025-09-24-at-21.47.08_ed-222x300.jpg 222w, https:\/\/www.olcgs.org\/wp-content\/uploads\/2025\/10\/WhatsApp-Image-2025-09-24-at-21.47.08_ed-757x1024.jpg 757w, https:\/\/www.olcgs.org\/wp-content\/uploads\/2025\/10\/WhatsApp-Image-2025-09-24-at-21.47.08_ed-768x1039.jpg 768w, https:\/\/www.olcgs.org\/wp-content\/uploads\/2025\/10\/WhatsApp-Image-2025-09-24-at-21.47.08_ed-9x12.jpg 9w, https:\/\/www.olcgs.org\/wp-content\/uploads\/2025\/10\/WhatsApp-Image-2025-09-24-at-21.47.08_ed.jpg 971w\" sizes=\"(max-width: 222px) 100vw, 222px\" \/>El 24 de septiembre peregrinamos como comunidad al Monasterio de las Hermanas Contemplativas del Buen Pastor. All\u00ed celebramos la Eucarist\u00eda, presidida por nuestro p\u00e1rroco, el Padre Jorge Vega, con la intenci\u00f3n especial de orar por las vocaciones sacerdotales, religiosas y laicales. Fue un momento de profunda comuni\u00f3n, enriquecido por los testimonios vocacionales de religiosas, laicos, matrimonios. La jornada culmin\u00f3 con una merienda compartida que fortaleci\u00f3 a\u00fan m\u00e1s <strong>nuestros lazos<\/strong>.<\/p>\n<p>El 26 fue un d\u00eda de fiesta: once ni\u00f1os de nuestra comunidad recibieron por primera vez el Cuerpo de Cristo. En la exhortaci\u00f3n final, se invit\u00f3 a los padres a escuchar, acompa\u00f1ar y proteger a sus hijos, reconociendo en ellos el don precioso de la fe.<\/p>\n<p>Nuestra celebraci\u00f3n culmin\u00f3 con una procesi\u00f3n, la Santa Misa y un brindis comunitario, homenajeando a Mar\u00eda, quien escucha nuestras s\u00faplicas y <em>desata los nudos<\/em> que nos impiden llegar al Se\u00f1or. Celebramos el don de la fe que nos sostiene en la esperanza y nos abre a la certeza de una vida nueva.<\/p>\n<p style=\"text-align: center;\"><img decoding=\"async\" class=\"aligncenter wp-image-13225 size-large\" src=\"https:\/\/www.olcgs.org\/wp-content\/uploads\/2025\/10\/WhatsApp-Image-2025-09-24-at-21.39.43_ed-1-1024x576.jpg\" alt=\"\" width=\"800\" height=\"450\" srcset=\"https:\/\/www.olcgs.org\/wp-content\/uploads\/2025\/10\/WhatsApp-Image-2025-09-24-at-21.39.43_ed-1-1024x576.jpg 1024w, https:\/\/www.olcgs.org\/wp-content\/uploads\/2025\/10\/WhatsApp-Image-2025-09-24-at-21.39.43_ed-1-300x169.jpg 300w, https:\/\/www.olcgs.org\/wp-content\/uploads\/2025\/10\/WhatsApp-Image-2025-09-24-at-21.39.43_ed-1-768x432.jpg 768w, https:\/\/www.olcgs.org\/wp-content\/uploads\/2025\/10\/WhatsApp-Image-2025-09-24-at-21.39.43_ed-1-18x10.jpg 18w, https:\/\/www.olcgs.org\/wp-content\/uploads\/2025\/10\/WhatsApp-Image-2025-09-24-at-21.39.43_ed-1.jpg 1472w\" sizes=\"(max-width: 800px) 100vw, 800px\" \/><\/p>\n<p>Este tiempo de novena nos dej\u00f3 huellas profundas: gestos sencillos que se volvieron sagrados, encuentros que renovaron la fe, y v\u00ednculos que <strong>fortalecieron nuestra misi\u00f3n<\/strong>.<\/p>\n<p>Confiamos en que lo vivido no termina aqu\u00ed. La semilla est\u00e1 sembrada, y el deseo de seguir caminando juntos, llevando la Palabra y el consuelo de Mar\u00eda a cada rinc\u00f3n, permanece vivo. Que el pr\u00f3ximo a\u00f1o nos encuentre nuevamente en salida,<strong>con el coraz\u00f3n dispuesto, los pies en movimiento y la certeza de que el Se\u00f1or sigue obrando maravillas entre su pueblo<\/strong>.<\/p>","protected":false},"excerpt":{"rendered":"<p>By Sergio Carion, Argentina (Province of Argentina \u2013 Uruguay) Nestled in the foothills of the Andes in northwestern Argentina, the \u2018Mar\u00eda que Desata los Nudos\u2019 (\u2018Mary Who Unties Knots\u2019) Community in La Rioja gathered for nine days of prayer and service from September 19 as the Parish of the Annunciation of the Lord celebrated its [&hellip;]<\/p>\n","protected":false},"author":2,"featured_media":13056,"comment_status":"closed","ping_status":"open","sticky":false,"template":"","format":"standard","meta":{"footnotes":""},"categories":[74,73],"tags":[],"class_list":["post-13053","post","type-post","status-publish","format-standard","has-post-thumbnail","hentry","category-argentina","category-uruguay"],"jetpack_featured_media_url":"https:\/\/www.olcgs.org\/wp-content\/uploads\/2025\/10\/WhatsApp-Image-2025-09-28-at-13.39.15-2_ed.jpg","_links":{"self":[{"href":"https:\/\/www.olcgs.org\/es\/wp-json\/wp\/v2\/posts\/13053","targetHints":{"allow":["GET"]}}],"collection":[{"href":"https:\/\/www.olcgs.org\/es\/wp-json\/wp\/v2\/posts"}],"about":[{"href":"https:\/\/www.olcgs.org\/es\/wp-json\/wp\/v2\/types\/post"}],"author":[{"embeddable":true,"href":"https:\/\/www.olcgs.org\/es\/wp-json\/wp\/v2\/users\/2"}],"replies":[{"embeddable":true,"href":"https:\/\/www.olcgs.org\/es\/wp-json\/wp\/v2\/comments?post=13053"}],"version-history":[{"count":8,"href":"https:\/\/www.olcgs.org\/es\/wp-json\/wp\/v2\/posts\/13053\/revisions"}],"predecessor-version":[{"id":13226,"href":"https:\/\/www.olcgs.org\/es\/wp-json\/wp\/v2\/posts\/13053\/revisions\/13226"}],"wp:featuredmedia":[{"embeddable":true,"href":"https:\/\/www.olcgs.org\/es\/wp-json\/wp\/v2\/media\/13056"}],"wp:attachment":[{"href":"https:\/\/www.olcgs.org\/es\/wp-json\/wp\/v2\/media?parent=13053"}],"wp:term":[{"taxonomy":"category","embeddable":true,"href":"https:\/\/www.olcgs.org\/es\/wp-json\/wp\/v2\/categories?post=13053"},{"taxonomy":"post_tag","embeddable":true,"href":"https:\/\/www.olcgs.org\/es\/wp-json\/wp\/v2\/tags?post=13053"}],"curies":[{"name":"wp","href":"https:\/\/api.w.org\/{rel}","templated":true}]}}