{"id":13072,"date":"2025-09-14T17:35:39","date_gmt":"2025-09-14T15:35:39","guid":{"rendered":"https:\/\/www.olcgs.org\/?p=13072"},"modified":"2025-10-28T17:44:16","modified_gmt":"2025-10-28T16:44:16","slug":"assembled-in-faith-in-sri-lanka-pakistan","status":"publish","type":"post","link":"https:\/\/www.olcgs.org\/es\/assembled-in-faith-in-sri-lanka-pakistan\/","title":{"rendered":"Reunidas en la Fe: Abrazando el Llamado a Revitalizar la Misi\u00f3n"},"content":{"rendered":"<p><em>Las Hermanas Sobia James y Samina Mukhtar, de Pakist\u00e1n, quienes asistieron al reciente XX Cap\u00edtulo de la Provincia de Sri Lanka\/Pakist\u00e1n (celebrado en Sri Lanka del 3 al 13 de septiembre de 2025), comparten su experiencia. <\/em><\/p>\n<p>Con una mezcla de emoci\u00f3n y nerviosismo, nos sentimos muy agradecidas de asistir al Cap\u00edtulo como delegadas, \u00a1una experiencia totalmente nueva para ambas!<\/p>\n<p>El XX Cap\u00edtulo Provincial fue un camino de fe, reflexi\u00f3n y renovaci\u00f3n. Nos brind\u00f3 la oportunidad de evaluar el progreso de los \u00faltimos seis a\u00f1os y discernir la direcci\u00f3n futura de la Misi\u00f3n del Buen Pastor a la luz de la visi\u00f3n y el esp\u00edritu de la Congregaci\u00f3n.<\/p>\n<p style=\"text-align: center;\"><img fetchpriority=\"high\" decoding=\"async\" class=\"aligncenter wp-image-13076 size-large\" src=\"https:\/\/www.olcgs.org\/wp-content\/uploads\/2025\/09\/WhatsApp-Image-2025-09-04-at-20.46.10_169-1024x577.jpeg\" alt=\"\" width=\"800\" height=\"451\" srcset=\"https:\/\/www.olcgs.org\/wp-content\/uploads\/2025\/09\/WhatsApp-Image-2025-09-04-at-20.46.10_169-1024x577.jpeg 1024w, https:\/\/www.olcgs.org\/wp-content\/uploads\/2025\/09\/WhatsApp-Image-2025-09-04-at-20.46.10_169-300x169.jpeg 300w, https:\/\/www.olcgs.org\/wp-content\/uploads\/2025\/09\/WhatsApp-Image-2025-09-04-at-20.46.10_169-768x433.jpeg 768w, https:\/\/www.olcgs.org\/wp-content\/uploads\/2025\/09\/WhatsApp-Image-2025-09-04-at-20.46.10_169-18x10.jpeg 18w, https:\/\/www.olcgs.org\/wp-content\/uploads\/2025\/09\/WhatsApp-Image-2025-09-04-at-20.46.10_169.jpeg 1074w\" sizes=\"(max-width: 800px) 100vw, 800px\" \/><\/p>\n<p>En la <strong>ceremonia de apertura<\/strong> incluy\u00f3 un poderoso acto simb\u00f3lico: verter agua en una barca, s\u00edmbolo del llamado a <strong>revitalizar la misi\u00f3n<\/strong> misi\u00f3n y zarpar hacia nuevos horizontes. Este momento fue profundamente significativo, marcando el Cap\u00edtulo como un <strong>tiempo de la presencia de Dios<\/strong>.<\/p>\n<p><img decoding=\"async\" class=\"alignright size-medium wp-image-13075\" src=\"https:\/\/www.olcgs.org\/wp-content\/uploads\/2025\/09\/WhatsApp-Image-2025-09-04-at-20.46.02_inset-188x300.jpeg\" alt=\"\" width=\"188\" height=\"300\" srcset=\"https:\/\/www.olcgs.org\/wp-content\/uploads\/2025\/09\/WhatsApp-Image-2025-09-04-at-20.46.02_inset-188x300.jpeg 188w, https:\/\/www.olcgs.org\/wp-content\/uploads\/2025\/09\/WhatsApp-Image-2025-09-04-at-20.46.02_inset-8x12.jpeg 8w, https:\/\/www.olcgs.org\/wp-content\/uploads\/2025\/09\/WhatsApp-Image-2025-09-04-at-20.46.02_inset.jpeg 341w\" sizes=\"(max-width: 188px) 100vw, 188px\" \/>En su discurso de apertura, la l\u00edder Congregacional, la Hermana Joan L\u00f3pez, nos record\u00f3: \u00ab<em>Nuestra identidad es clara: somos Nuestra Se\u00f1ora de la Caridad del Buen Pastor, con una visi\u00f3n que abraza la justicia y nos abre a una cultura verdaderamente universal\u00bb.<\/em> Una cita de Santa Mar\u00eda Eufrasia que comparti\u00f3 se convirti\u00f3 en una gu\u00eda a lo largo del Cap\u00edtulo:<\/p>\n<p style=\"text-align: center;\">''<em>Que vuestro amor sea m\u00e1s fuerte que vuestra debilidad o vuestras dificultades<\/em>.\u201d<\/p>\n<p>Este mensaje nos record\u00f3 todo lo que significa el verdadero pastoreo: tender la mano continuamente a los perdidos, los ca\u00eddos y los d\u00e9biles con compasi\u00f3n inquebrantable.<\/p>\n<p>El Cap\u00edtulo comenz\u00f3 con un <strong>retiro de tres d\u00edas dirigido por la Hermana \u00cd\u00f1igo<\/strong>, que marc\u00f3 un tono profundamente espiritual. Bas\u00e1ndose en la Palabra de Dios, la hermana \u00cd\u00f1igo reflexion\u00f3 sobre el <strong>Esp\u00edritu Pastoral de Jes\u00fas, el Buen Pastor<\/strong>, tal como se revela en el Antiguo y el Nuevo Testamento. Este retiro prepar\u00f3 a los delegados para adentrarse en la profundidad y el significado del proceso capitular.<\/p>\n<p>Las sesiones comenzaron con la presentaci\u00f3n y escucha del informe de progreso de la Provincia durante los \u00faltimos seis a\u00f1os. Presentado por la Hna. Maryanne Perera y el Liderazgo Provincial, este informe invit\u00f3 a reflexionar sobre las contribuciones personales y colectivas al crecimiento de la misi\u00f3n, especialmente en Pakist\u00e1n.<\/p>\n<p>A lo largo del Cap\u00edtulo, todos experimentamos una mezcla de <strong>alegr\u00eda, desaf\u00edo, renovaci\u00f3n y reconciliaci\u00f3n<\/strong>. El proceso foment\u00f3 el di\u00e1logo abierto, la escucha activa y el discernimiento comunitario: las facilitadoras, las <strong>Hermanas Anaya Borbon y Rebecca Kay<\/strong><strong>,<\/strong> guiaron las conversaciones con habilidad y serenidad, asegurando que se mantuviera un esp\u00edritu de respeto y colaboraci\u00f3n.<\/p>\n<p>Experimentamos el esp\u00edritu visionario de nuestro Equipo de Liderazgo Congregacional, que nos acompa\u00f1\u00f3 durante todo el Cap\u00edtulo. Su disponibilidad y gu\u00eda apoyaron a los delegados en cada etapa. La cooperaci\u00f3n entre el <strong>Equipo de Liderazgo Provincial (ELP)<\/strong> y el Equipo de Liderazgo Congregacional (ELC) fue evidente, reflejando un compromiso compartido y un liderazgo visionario inspirado en el esp\u00edritu del Buen Pastor. Damos gracias a Dios por l\u00edderes tan llenos de esp\u00edritu pastoral.<\/p>\n<p>La experiencia del Cap\u00edtulo fue un tiempo de aprendizaje mutuo y enriquecimiento espiritual. Las delegadas compartieron abiertamente, aprendieron unas de otras y profundizaron su comprensi\u00f3n de la misi\u00f3n. Todo el proceso reforz\u00f3 el llamado a ser <strong>mujeres de contemplaci\u00f3n, creatividad y valent\u00eda<\/strong>.<\/p>\n<p style=\"text-align: center;\"><img decoding=\"async\" class=\"aligncenter wp-image-13078 size-large\" src=\"https:\/\/www.olcgs.org\/wp-content\/uploads\/2025\/09\/WhatsApp-Image-2025-09-04-at-20.47.09_inset-1024x357.jpeg\" alt=\"\" width=\"800\" height=\"279\" srcset=\"https:\/\/www.olcgs.org\/wp-content\/uploads\/2025\/09\/WhatsApp-Image-2025-09-04-at-20.47.09_inset-1024x357.jpeg 1024w, https:\/\/www.olcgs.org\/wp-content\/uploads\/2025\/09\/WhatsApp-Image-2025-09-04-at-20.47.09_inset-300x105.jpeg 300w, https:\/\/www.olcgs.org\/wp-content\/uploads\/2025\/09\/WhatsApp-Image-2025-09-04-at-20.47.09_inset-768x268.jpeg 768w, https:\/\/www.olcgs.org\/wp-content\/uploads\/2025\/09\/WhatsApp-Image-2025-09-04-at-20.47.09_inset-18x6.jpeg 18w, https:\/\/www.olcgs.org\/wp-content\/uploads\/2025\/09\/WhatsApp-Image-2025-09-04-at-20.47.09_inset.jpeg 1277w\" sizes=\"(max-width: 800px) 100vw, 800px\" \/><\/p>\n<p>Durante los periodos de deliberaci\u00f3n para la <strong>elecci\u00f3n,<\/strong> las Hermanas fueron sinceras, expresando tanto sus dificultades como sus esperanzas para el futuro. Durante estas deliberaciones, el Sector de Pakist\u00e1n propuso unirse a la nueva <strong>Regi\u00f3n<\/strong>, un paso que se cree que mejorar\u00e1 la eficacia de la misi\u00f3n y la colaboraci\u00f3n.<\/p>\n<p>Esta experiencia fortaleci\u00f3 nuestro sentido de pertenencia y renov\u00f3 nuestro compromiso de vivir la misi\u00f3n del Buen Pastor con mayor celo y visi\u00f3n.<\/p>\n<p>Una reflexi\u00f3n que dej\u00f3 una huella imborrable fue:<\/p>\n<p style=\"text-align: center;\">''<em>\u00bfY si la oscuridad no es de la tumba, sino de la matriz?<\/em>\u00bb<\/p>\n<p>Esto simboliz\u00f3 la esperanza, el renacimiento y la transformaci\u00f3n que surge incluso en tiempos de incertidumbre.<\/p>\n<p>Decir adi\u00f3s a <strong>Sri Lanka<\/strong> fue un momento emotivo y lleno de gracia. Estuvo acompa\u00f1ado de gratitud por los a\u00f1os compartidos de crecimiento y misi\u00f3n, y de esperanza en nuevos comienzos.<\/p>\n<p>El Cap\u00edtulo permanecer\u00e1 como un hito de gracia: una invitaci\u00f3n a crecer, a servir y a avanzar como un solo cuerpo, guiados por el Esp\u00edritu de Jes\u00fas, el Buen Pastor.<\/p>","protected":false},"excerpt":{"rendered":"<p>Sisters Sobia James and Samina Mukhtar from Pakistan, who attended the recent 20th Chapter of the Province of Sri Lanka \/ Pakistan (held in Sri Lanka from 3 \u2013 13 September 2025), share their experience. With mixed emotions of excitement and nervousness, we felt so grateful to attend the Chapter as delegates, something which was [&hellip;]<\/p>\n","protected":false},"author":2,"featured_media":13073,"comment_status":"closed","ping_status":"open","sticky":false,"template":"","format":"standard","meta":{"footnotes":""},"categories":[69,68],"tags":[],"class_list":["post-13072","post","type-post","status-publish","format-standard","has-post-thumbnail","hentry","category-pakistan","category-sri-lanka"],"jetpack_featured_media_url":"https:\/\/www.olcgs.org\/wp-content\/uploads\/2025\/10\/WhatsApp-Image-2025-09-04-at-20.46.16_main.jpeg","_links":{"self":[{"href":"https:\/\/www.olcgs.org\/es\/wp-json\/wp\/v2\/posts\/13072","targetHints":{"allow":["GET"]}}],"collection":[{"href":"https:\/\/www.olcgs.org\/es\/wp-json\/wp\/v2\/posts"}],"about":[{"href":"https:\/\/www.olcgs.org\/es\/wp-json\/wp\/v2\/types\/post"}],"author":[{"embeddable":true,"href":"https:\/\/www.olcgs.org\/es\/wp-json\/wp\/v2\/users\/2"}],"replies":[{"embeddable":true,"href":"https:\/\/www.olcgs.org\/es\/wp-json\/wp\/v2\/comments?post=13072"}],"version-history":[{"count":4,"href":"https:\/\/www.olcgs.org\/es\/wp-json\/wp\/v2\/posts\/13072\/revisions"}],"predecessor-version":[{"id":13080,"href":"https:\/\/www.olcgs.org\/es\/wp-json\/wp\/v2\/posts\/13072\/revisions\/13080"}],"wp:featuredmedia":[{"embeddable":true,"href":"https:\/\/www.olcgs.org\/es\/wp-json\/wp\/v2\/media\/13073"}],"wp:attachment":[{"href":"https:\/\/www.olcgs.org\/es\/wp-json\/wp\/v2\/media?parent=13072"}],"wp:term":[{"taxonomy":"category","embeddable":true,"href":"https:\/\/www.olcgs.org\/es\/wp-json\/wp\/v2\/categories?post=13072"},{"taxonomy":"post_tag","embeddable":true,"href":"https:\/\/www.olcgs.org\/es\/wp-json\/wp\/v2\/tags?post=13072"}],"curies":[{"name":"wp","href":"https:\/\/api.w.org\/{rel}","templated":true}]}}