{"id":13636,"date":"2025-12-04T12:09:29","date_gmt":"2025-12-04T11:09:29","guid":{"rendered":"https:\/\/www.olcgs.org\/?p=13636"},"modified":"2025-12-08T12:19:44","modified_gmt":"2025-12-08T11:19:44","slug":"pope-leo-xivs-historic-visit-to-lebanon","status":"publish","type":"post","link":"https:\/\/www.olcgs.org\/es\/pope-leo-xivs-historic-visit-to-lebanon\/","title":{"rendered":"Visita hist\u00f3rica del Papa Le\u00f3n XIV al L\u00edbano: Una naci\u00f3n renovada con esperanza"},"content":{"rendered":"<p><em>Por Marina Chaaya, Oficial de Comunicaci\u00f3n, Oficina de Desarrollo de Misiones, L\u00edbano<\/em><\/p>\n<p>Del 30 de noviembre al 2 de diciembre de 2025, el L\u00edbano recibi\u00f3 <strong>al Papa Le\u00f3n XIV<\/strong> en una visita hist\u00f3rica que conmovi\u00f3 a la naci\u00f3n con esperanza, gratitud y renovada unidad. Lo que se desarroll\u00f3 durante esos tres d\u00edas fue m\u00e1s que una serie de eventos oficiales: fue un momento de renacimiento espiritual y celebraci\u00f3n nacional en un momento en que el pa\u00eds anhelaba profundamente tranquilidad.<\/p>\n<p>El primer d\u00eda marc\u00f3 un ambiente inolvidable. A su llegada al Aeropuerto Internacional de Beirut, multitudes se congregaron en las calles ondeando banderas libanesas y vaticanas, mientras la Fuerza A\u00e9rea Libanesa acompa\u00f1aba su aterrizaje. A pesar de la intensa lluvia, la ceremonia de bienvenida en el palacio presidencial fue vibrante y alegre: un grupo de dabke de cien personas bail\u00f3 alrededor de la entrada, y un espect\u00e1culo de luces 3D ilumin\u00f3 la fachada del palacio con escenas de la historia, la resiliencia y el renacimiento del L\u00edbano. La mezcla de m\u00fasica, lluvia y emoci\u00f3n reflej\u00f3 el esp\u00edritu del pa\u00eds: herido pero decidido a levantarse de nuevo.<\/p>\n<p>Durante la ceremonia, el presidente Joseph Aoun pronunci\u00f3 un conmovedor mensaje en nombre de todos los libaneses. Con conmovedora convicci\u00f3n, declar\u00f3: <em>\u201cDigan al mundo que no moriremos, ni nos iremos, ni desconfiaremos, ni nos rendiremos\u201d.<\/em> Describi\u00f3 a los Libaneses como <em>\u201chijos de la esperanza, hijos de la Resurrecci\u00f3n\u2026 disc\u00edpulos de Aquel que nos dijo que no temi\u00e9ramos, sino que confi\u00e1ramos en \u00c9l\u201d.<\/em> Sus palabras resonaron profundamente en una poblaci\u00f3n que <strong>luchaba contra las dificultades, pero que se negaba a perder la fe en su Patria<\/strong>.<\/p>\n<p>En su discurso a funcionarios, diplom\u00e1ticos y l\u00edderes religiosos Libaneses, el Papa Le\u00f3n XIV reafirm\u00f3 lo expresado por el presidente. <strong>Elogi\u00f3 la extraordinaria resiliencia del pueblo Liban\u00e9s<\/strong>, afirmando que hay <em>\u201cuna cualidad brillante que distingue a los Libaneses: son un pueblo que no se rinde, sino que, ante las pruebas, siempre sabe c\u00f3mo levantarse con valent\u00eda\u201d.<\/em> Inst\u00f3 a los l\u00edderes a comprometerse con la paz, la justicia y la coexistencia, record\u00e1ndoles que la diversidad del L\u00edbano no es una carga, sino un tesoro.<\/p>\n<p><img decoding=\"async\" class=\"alignleft size-medium wp-image-13639\" src=\"https:\/\/www.olcgs.org\/wp-content\/uploads\/2025\/12\/Pope-Visit-Group-1_ed-150x300.jpeg\" alt=\"\" width=\"150\" height=\"300\" srcset=\"https:\/\/www.olcgs.org\/wp-content\/uploads\/2025\/12\/Pope-Visit-Group-1_ed-150x300.jpeg 150w, https:\/\/www.olcgs.org\/wp-content\/uploads\/2025\/12\/Pope-Visit-Group-1_ed-512x1024.jpeg 512w, https:\/\/www.olcgs.org\/wp-content\/uploads\/2025\/12\/Pope-Visit-Group-1_ed-6x12.jpeg 6w, https:\/\/www.olcgs.org\/wp-content\/uploads\/2025\/12\/Pope-Visit-Group-1_ed.jpeg 554w\" sizes=\"(max-width: 150px) 100vw, 150px\" \/>Los siguientes d\u00edas del Papa estuvieron marcados por momentos profundamente simb\u00f3licos. En el puerto de Beirut, ante el monumento conmemorativo de la explosi\u00f3n de 2020, ofreci\u00f3 una oraci\u00f3n en silencio y se reuni\u00f3 con las familias de las v\u00edctimas, un gesto que consol\u00f3 a muchos que a\u00fan soportaban el dolor de la p\u00e9rdida. En Annaya, rez\u00f3 ante la tumba de San Charbel, donde miles de personas se congregaron a lo largo de las calles, ondeando banderas y portando velas, para darle la bienvenida. Su visita al Hospital Psiqui\u00e1trico de la Cruz subray\u00f3 su mensaje de compasi\u00f3n, dignidad y atenci\u00f3n a los m\u00e1s vulnerables.<\/p>\n<p>Uno de los encuentros m\u00e1s inspiradores tuvo lugar con m\u00e1s de <strong>13.000 j\u00f3venes<\/strong> del L\u00edbano y del extranjero. Presentaron arte, testimonios y oraciones, expresando su deseo de quedarse en el L\u00edbano y reconstruirlo. Anim\u00e1ndolos, el Papa les pidi\u00f3 a los j\u00f3venes que se convirtieran en <em>\"promotores de la paz\"<\/em> y que creyeran en su papel para forjar el futuro del pa\u00eds.<\/p>\n<p style=\"text-align: center;\"><img fetchpriority=\"high\" decoding=\"async\" class=\"aligncenter wp-image-13641 size-large\" src=\"https:\/\/www.olcgs.org\/wp-content\/uploads\/2025\/12\/Pope-Visit-Group-1.3_ed-1024x586.png\" alt=\"\" width=\"800\" height=\"458\" srcset=\"https:\/\/www.olcgs.org\/wp-content\/uploads\/2025\/12\/Pope-Visit-Group-1.3_ed-1024x586.png 1024w, https:\/\/www.olcgs.org\/wp-content\/uploads\/2025\/12\/Pope-Visit-Group-1.3_ed-300x172.png 300w, https:\/\/www.olcgs.org\/wp-content\/uploads\/2025\/12\/Pope-Visit-Group-1.3_ed-768x439.png 768w, https:\/\/www.olcgs.org\/wp-content\/uploads\/2025\/12\/Pope-Visit-Group-1.3_ed-18x10.png 18w, https:\/\/www.olcgs.org\/wp-content\/uploads\/2025\/12\/Pope-Visit-Group-1.3_ed.png 1280w\" sizes=\"(max-width: 800px) 100vw, 800px\" \/><\/p>\n<p>La visita culmin\u00f3 con una emotiva misa en el paseo mar\u00edtimo de Beirut, a la que asistieron decenas de miles de personas. En su homil\u00eda, el Papa invit\u00f3 a la gente a <em>''cultivar la gratitud''<\/em> por su tierra y a ser <em>''constructores, anunciadores y testigos de la paz.''<\/em> Reflexionando sobre el <strong>emblem\u00e1tico cedro del L\u00edbano<\/strong>, inst\u00f3 a todos a aferrarse a <em>la peque\u00f1a rama<\/em> de fe que puede sustentar la esperanza de un <em>''L\u00edbano unido donde prevalezcan la paz y la justicia.''<\/em><\/p>\n<p style=\"text-align: center;\"><img decoding=\"async\" class=\"aligncenter wp-image-13642 size-large\" src=\"https:\/\/www.olcgs.org\/wp-content\/uploads\/2025\/12\/Pope-Visit-Group-1.4_169-1024x576.jpeg\" alt=\"\" width=\"800\" height=\"450\" srcset=\"https:\/\/www.olcgs.org\/wp-content\/uploads\/2025\/12\/Pope-Visit-Group-1.4_169-1024x576.jpeg 1024w, https:\/\/www.olcgs.org\/wp-content\/uploads\/2025\/12\/Pope-Visit-Group-1.4_169-300x169.jpeg 300w, https:\/\/www.olcgs.org\/wp-content\/uploads\/2025\/12\/Pope-Visit-Group-1.4_169-768x432.jpeg 768w, https:\/\/www.olcgs.org\/wp-content\/uploads\/2025\/12\/Pope-Visit-Group-1.4_169-18x10.jpeg 18w, https:\/\/www.olcgs.org\/wp-content\/uploads\/2025\/12\/Pope-Visit-Group-1.4_169.jpeg 1218w\" sizes=\"(max-width: 800px) 100vw, 800px\" \/><\/p>\n<p>Para muchos libaneses \u2014cristianos, musulmanes y personas de todos los or\u00edgenes\u2014, la presencia del Papa fue como una bendici\u00f3n derramada sobre la Naci\u00f3n. Para quienes trabajan en <strong>ministerios sociales, atendiendo a familias desplazadas, pobres y heridos<\/strong>, sus palabras infundieron nueva fuerza y prop\u00f3sito.<\/p>\n<p>Mientras las Hermanas del Buen Pastor contin\u00faan su misi\u00f3n en el L\u00edbano \u2014 <strong>sanando, educando, protegiendo y acompa\u00f1ando a los m\u00e1s afectados por la crisis<\/strong> \u2014 la visita del Papa constituye un renovado llamado a la perseverancia.  Su mensaje nos recuerda que cada acto de compasi\u00f3n, cada ni\u00f1o consolado, cada familia apoyada y cada paso hacia la paz lleva consigo el mismo esp\u00edritu que \u00e9l celebr\u00f3 en el L\u00edbano: el Esp\u00edritu de un pueblo que se niega a rendirse.<\/p>\n<p>Que la esperanza sembrada durante estos d\u00edas benditos inspire nuestra misi\u00f3n del Buen Pastor y sostenga a nuestra naci\u00f3n mientras caminamos juntos hacia un futuro arraigado en la dignidad, la fe y el amor.<\/p>\n<p><a href=\"https:\/\/www.goodshepherdsisters.me\/en\/Accueil\" target=\"_blank\" rel=\"noopener\">Descubre m\u00e1s sobre la misi\u00f3n del Buen Pastor en el L\u00edbano aqu\u00ed<\/a>.<\/p>","protected":false},"excerpt":{"rendered":"<p>By Marina Chaaya, Communication Officer, Mission Development Office, Lebanon From November 30 to December 2, 2025, Lebanon welcomed Pope Leo XIV in a historic visit that touched the nation with hope, gratitude, and renewed unity. What unfolded during those three days was more than a series of official events \u2014 it was a moment of [&hellip;]<\/p>\n","protected":false},"author":2,"featured_media":13638,"comment_status":"closed","ping_status":"open","sticky":false,"template":"","format":"standard","meta":{"footnotes":""},"categories":[52],"tags":[],"class_list":["post-13636","post","type-post","status-publish","format-standard","has-post-thumbnail","hentry","category-lebanon"],"jetpack_featured_media_url":"https:\/\/www.olcgs.org\/wp-content\/uploads\/2025\/12\/Pope-Visit-Group-1.2_main.jpeg","_links":{"self":[{"href":"https:\/\/www.olcgs.org\/es\/wp-json\/wp\/v2\/posts\/13636","targetHints":{"allow":["GET"]}}],"collection":[{"href":"https:\/\/www.olcgs.org\/es\/wp-json\/wp\/v2\/posts"}],"about":[{"href":"https:\/\/www.olcgs.org\/es\/wp-json\/wp\/v2\/types\/post"}],"author":[{"embeddable":true,"href":"https:\/\/www.olcgs.org\/es\/wp-json\/wp\/v2\/users\/2"}],"replies":[{"embeddable":true,"href":"https:\/\/www.olcgs.org\/es\/wp-json\/wp\/v2\/comments?post=13636"}],"version-history":[{"count":4,"href":"https:\/\/www.olcgs.org\/es\/wp-json\/wp\/v2\/posts\/13636\/revisions"}],"predecessor-version":[{"id":13644,"href":"https:\/\/www.olcgs.org\/es\/wp-json\/wp\/v2\/posts\/13636\/revisions\/13644"}],"wp:featuredmedia":[{"embeddable":true,"href":"https:\/\/www.olcgs.org\/es\/wp-json\/wp\/v2\/media\/13638"}],"wp:attachment":[{"href":"https:\/\/www.olcgs.org\/es\/wp-json\/wp\/v2\/media?parent=13636"}],"wp:term":[{"taxonomy":"category","embeddable":true,"href":"https:\/\/www.olcgs.org\/es\/wp-json\/wp\/v2\/categories?post=13636"},{"taxonomy":"post_tag","embeddable":true,"href":"https:\/\/www.olcgs.org\/es\/wp-json\/wp\/v2\/tags?post=13636"}],"curies":[{"name":"wp","href":"https:\/\/api.w.org\/{rel}","templated":true}]}}