{"id":16214,"date":"2026-08-24T14:41:53","date_gmt":"2026-08-24T12:41:53","guid":{"rendered":"https:\/\/www.olcgs.org\/?p=16214"},"modified":"2026-09-03T15:06:42","modified_gmt":"2026-09-03T13:06:42","slug":"sr-sindy-tal-riz-reflects-on-six-years-of-vocation","status":"publish","type":"post","link":"https:\/\/www.olcgs.org\/es\/sr-sindy-tal-riz-reflects-on-six-years-of-vocation\/","title":{"rendered":"Compromiso renovado: la hermana Sindy Tal Riz reflexiona sobre seis a\u00f1os de vocaci\u00f3n y misi\u00f3n"},"content":{"rendered":"<p><em>El pasado 19 de agosto de 2026, la Hna. Sindy Tal Riz, de la Provincia de Centroam\u00e9rica, renov\u00f3 sus votos como Hermana de Nuestra Se\u00f1ora de la Caridad del Buen Pastor. En el marco de este significativo momento de su camino vocacional, y despu\u00e9s de haber vivido su retiro anual, nos comparte su experiencia y su sentir:<\/em><\/p>\n<p>\u201cHace 6 a\u00f1os, el 31 de julio de 2020, en plena pandemia, daba un paso importante en mi vida, el ingreso a Nuestra Se\u00f1ora de la Caridad del Buen Pastor, y puedo decir con gratitud que he vivido este tiempo sostenida en la Gracia de Dios.<\/p>\n<p style=\"text-align: center;\"><img fetchpriority=\"high\" decoding=\"async\" class=\"aligncenter size-full wp-image-16218\" src=\"https:\/\/www.olcgs.org\/wp-content\/uploads\/2026\/08\/1000270499_32.jpg\" alt=\"\" width=\"1004\" height=\"669\" srcset=\"https:\/\/www.olcgs.org\/wp-content\/uploads\/2026\/08\/1000270499_32.jpg 1004w, https:\/\/www.olcgs.org\/wp-content\/uploads\/2026\/08\/1000270499_32-300x200.jpg 300w, https:\/\/www.olcgs.org\/wp-content\/uploads\/2026\/08\/1000270499_32-768x512.jpg 768w, https:\/\/www.olcgs.org\/wp-content\/uploads\/2026\/08\/1000270499_32-18x12.jpg 18w\" sizes=\"(max-width: 1004px) 100vw, 1004px\" \/><\/p>\n<p>Durante estos a\u00f1os, la experiencia vital de mi vocaci\u00f3n se fundamenta en Jes\u00fas Buen Pastor, en \u00c9l <strong>mi vocaci\u00f3n se renueva cada d\u00eda<\/strong> y en cada experiencia vivida. La experiencia de sentirme hija amada y misericordiada, da sentido a mi vida y se alimentan en los espacios de oraci\u00f3n, una oraci\u00f3n encarnada y compartida. He sido testigo del dinamismo del Esp\u00edritu expresado en las comunidades, en cada hermana, en la misi\u00f3n y en la formaci\u00f3n en distintas partes del mundo.<\/p>\n<p><img decoding=\"async\" class=\"alignleft size-medium wp-image-16220\" src=\"https:\/\/www.olcgs.org\/wp-content\/uploads\/2026\/08\/1000270496_sq-300x300.jpg\" alt=\"\" width=\"300\" height=\"300\" srcset=\"https:\/\/www.olcgs.org\/wp-content\/uploads\/2026\/08\/1000270496_sq-300x300.jpg 300w, https:\/\/www.olcgs.org\/wp-content\/uploads\/2026\/08\/1000270496_sq-1024x1024.jpg 1024w, https:\/\/www.olcgs.org\/wp-content\/uploads\/2026\/08\/1000270496_sq-150x150.jpg 150w, https:\/\/www.olcgs.org\/wp-content\/uploads\/2026\/08\/1000270496_sq-768x768.jpg 768w, https:\/\/www.olcgs.org\/wp-content\/uploads\/2026\/08\/1000270496_sq-12x12.jpg 12w, https:\/\/www.olcgs.org\/wp-content\/uploads\/2026\/08\/1000270496_sq-650x650.jpg 650w, https:\/\/www.olcgs.org\/wp-content\/uploads\/2026\/08\/1000270496_sq.jpg 1188w\" sizes=\"(max-width: 300px) 100vw, 300px\" \/>Percibo en m\u00ed muchos cambios durante mi formaci\u00f3n, valoro mucho la forma en que se ha impulsado mi liderazgo, <strong>un liderazgo integral, activo, creativo y responsable<\/strong>. Esto contin\u00faa haciendo eco en mi vida, como herramientas que me ayudan a crecer en madurez.<\/p>\n<p>Reconozco la invitaci\u00f3n del Buen Pastor a crecer y vivir en el amor, un amor que se dona a Jes\u00fas y su Reino, y le descubro en los distintos rostros que en la misi\u00f3n me he encontrado, rostros llenos de ternura, pero tambi\u00e9n <strong>sedientos de amor y justicia<\/strong>.<\/p>\n<p>Mi identidad con la Congregaci\u00f3n se establece en la imagen del Buen Pastor, pero es fortalecida con su <strong>especial preferencia hacia las mujeres y ni\u00f1as<\/strong>es all\u00ed, en donde se entrelazan: la propuesta de Dios y mis preferencias personales, luchando por una vida m\u00e1s \u00edntegra y digna para ellas. He podido constatar como el carisma y misi\u00f3n congregacional nos unen, sin importar en que parte del mundo me encuentre, la experiencia de palpar realidades muy distintas tan necesitadas de Dios, me motivan a llevar la presencia de Jes\u00fas a sus vidas.<\/p>\n<p style=\"text-align: center;\"><img decoding=\"async\" class=\"aligncenter size-full wp-image-16219\" src=\"https:\/\/www.olcgs.org\/wp-content\/uploads\/2026\/08\/1000270498_32.jpg\" alt=\"\" width=\"1014\" height=\"676\" srcset=\"https:\/\/www.olcgs.org\/wp-content\/uploads\/2026\/08\/1000270498_32.jpg 1014w, https:\/\/www.olcgs.org\/wp-content\/uploads\/2026\/08\/1000270498_32-300x200.jpg 300w, https:\/\/www.olcgs.org\/wp-content\/uploads\/2026\/08\/1000270498_32-768x512.jpg 768w, https:\/\/www.olcgs.org\/wp-content\/uploads\/2026\/08\/1000270498_32-18x12.jpg 18w\" sizes=\"(max-width: 1014px) 100vw, 1014px\" \/><\/p>\n<p><strong>Dios habla continuamente<\/strong>y deseo permanecer unida a \u00c9l, para saber escucharle y responderle, con confianza, con amor.\u201d<\/p>","protected":false},"excerpt":{"rendered":"<p>On August 19, 2026, Sr. Sindy Tal Riz, of the Province of Central America, renewed her vows as a sister of Our Lady of Charity of the Good Shepherd. At this significant point in her vocational journey, and following her annual retreat, she shares her experience and reflections. \u201cSix years ago, on July 31, 2020, [&hellip;]<\/p>\n","protected":false},"author":2,"featured_media":16216,"comment_status":"closed","ping_status":"open","sticky":false,"template":"","format":"standard","meta":{"footnotes":"","jetpack_post_was_ever_published":false},"categories":[57],"tags":[],"class_list":["post-16214","post","type-post","status-publish","format-standard","has-post-thumbnail","hentry","category-costa-rica"],"jetpack_featured_media_url":"https:\/\/www.olcgs.org\/wp-content\/uploads\/2026\/08\/1000270420.jpg","_links":{"self":[{"href":"https:\/\/www.olcgs.org\/es\/wp-json\/wp\/v2\/posts\/16214","targetHints":{"allow":["GET"]}}],"collection":[{"href":"https:\/\/www.olcgs.org\/es\/wp-json\/wp\/v2\/posts"}],"about":[{"href":"https:\/\/www.olcgs.org\/es\/wp-json\/wp\/v2\/types\/post"}],"author":[{"embeddable":true,"href":"https:\/\/www.olcgs.org\/es\/wp-json\/wp\/v2\/users\/2"}],"replies":[{"embeddable":true,"href":"https:\/\/www.olcgs.org\/es\/wp-json\/wp\/v2\/comments?post=16214"}],"version-history":[{"count":3,"href":"https:\/\/www.olcgs.org\/es\/wp-json\/wp\/v2\/posts\/16214\/revisions"}],"predecessor-version":[{"id":16221,"href":"https:\/\/www.olcgs.org\/es\/wp-json\/wp\/v2\/posts\/16214\/revisions\/16221"}],"wp:featuredmedia":[{"embeddable":true,"href":"https:\/\/www.olcgs.org\/es\/wp-json\/wp\/v2\/media\/16216"}],"wp:attachment":[{"href":"https:\/\/www.olcgs.org\/es\/wp-json\/wp\/v2\/media?parent=16214"}],"wp:term":[{"taxonomy":"category","embeddable":true,"href":"https:\/\/www.olcgs.org\/es\/wp-json\/wp\/v2\/categories?post=16214"},{"taxonomy":"post_tag","embeddable":true,"href":"https:\/\/www.olcgs.org\/es\/wp-json\/wp\/v2\/tags?post=16214"}],"curies":[{"name":"wp","href":"https:\/\/api.w.org\/{rel}","templated":true}]}}