{"id":9079,"date":"2024-05-07T09:50:34","date_gmt":"2024-05-07T07:50:34","guid":{"rendered":"https:\/\/www.olcgs.org\/?p=9079"},"modified":"2026-02-10T11:38:11","modified_gmt":"2026-02-10T10:38:11","slug":"aguchitas-spirit-lives-on-in-la-florida-peru","status":"publish","type":"post","link":"https:\/\/www.olcgs.org\/es\/aguchitas-spirit-lives-on-in-la-florida-peru\/","title":{"rendered":"El esp\u00edritu de Aguchita sigue vivo en La Florida, Per\u00fa"},"content":{"rendered":"<p><em>Por Hna Karla Bernab\u00e9 Lamadrid, Provincia del Per\u00fa<\/em><\/p>\n<p style=\"text-align: center;\"><strong><em>\"Vive d\u00edas completos, la vida es corta\" <\/em><\/strong>Aguchita<\/p>\n<p>El 7 de mayo de 2024, el segundo aniversario de la beatificaci\u00f3n de nuestra querida Hna Mar\u00eda Agustina Rivas L\u00f3pez, conocida cari\u00f1osamente como 'Aguchita', se celebr\u00f3 durante una alegre ceremonia en la iglesia de La Florida. Per\u00fa.<\/p>\n<p>Experimentamos la unidad de una Iglesia global al dar la bienvenida a hermanas, compa\u00f1eras de misi\u00f3n, sacerdotes y obispos de cuatro continentes, peregrinos del <a href=\"https:\/\/vicariatosanramon.org\/\">Vicariato Apost\u00f3lico de San Ram\u00f3n<\/a> y los <a href=\"https:\/\/www.arzobispadodelima.org\/\">Arquidi\u00f3cesis de Lima<\/a>, y representantes de instituciones locales y comunidades ind\u00edgenas.<\/p>\n<p>Este encuentro entre la Amazon\u00eda y nuestro mundo global fue profundamente significativo.<\/p>\n<p>Durante el evento, reflexionamos sobre el significado de la beatificaci\u00f3n de Aguchita para la Iglesia y nuestra Congregaci\u00f3n. Los peregrinos expresaron su amor y gratitud por Aguchita colocando flores, arrodill\u00e1ndose para orar y dejando peticiones de sanaci\u00f3n y acci\u00f3n de gracias en su tumba. Hablaron de c\u00f3mo sent\u00edan que el esp\u00edritu de Aguchita estaba vivo en el pueblo.<\/p>\n<p>Esto se hizo eco de nuestra experiencia vivida en La Florida, donde seguimos sintiendo que la presencia de Aguchita influye en nuestra vida diaria.<\/p>\n<p>Inspirados por su amor por la ecolog\u00eda, y con el apoyo financiero de la ONG suiza <a href=\"https:\/\/basaid.org\/\">BASAID<\/a>, creamos el proyecto '<a href=\"https:\/\/basaid.org\/wp-content\/uploads\/2024\/02\/basaid_2401.pdf\">Huertos Familiares y Escolares<\/a>' para ni\u00f1os, ni\u00f1as y adolescentes de las instituciones educativas de La Florida y comunidades aleda\u00f1as. El objetivo del proyecto es ense\u00f1ar a los ni\u00f1os a cultivar y cosechar hortalizas a trav\u00e9s de la huerta ecol\u00f3gica para mejorar su nutrici\u00f3n con una dieta equilibrada y concienciarles para que cuiden nuestra Casa Com\u00fan.<\/p>\n<p>Con el apoyo financiero adicional de BASAID, tambi\u00e9n fortalecimos el aprendizaje de ni\u00f1os, ni\u00f1as y adolescentes de la comunidad nativa Escormes que estaban experimentando dificultades escolares a trav\u00e9s del proyecto '<a href=\"https:\/\/basaid.org\/projects\/strengthening-school-learning-in-children-and-adolescents-in-la-florida-peru\/\">Fortaleciendo el Aprendizaje de Ni\u00f1os, Ni\u00f1as y Adolescentes en La Florida'.<\/a>\u2019.<\/p>\n<p>El objetivo del proyecto es proporcionar almuerzos nutritivos a 50 ni\u00f1os, ni\u00f1as y adolescentes y apoyarlos para que mantengan su rendimiento acad\u00e9mico, completen su escolaridad y tengan acceso a oportunidades educativas y econ\u00f3micas para su futura independencia econ\u00f3mica.<\/p>\n<p>Adem\u00e1s, el proyecto busca fomentar conductas y valores positivos en 15 j\u00f3venes en edad escolar y de alto riesgo para prevenir la drogadicci\u00f3n, el alcoholismo, el embarazo adolescente, la trata de personas o cualquier forma de violencia.<\/p>\n<p><img fetchpriority=\"high\" decoding=\"async\" class=\"aligncenter size-large wp-image-9081\" src=\"https:\/\/www.olcgs.org\/wp-content\/uploads\/2024\/05\/Insert-1-1024x574.jpg\" alt=\"\" width=\"800\" height=\"448\" srcset=\"https:\/\/www.olcgs.org\/wp-content\/uploads\/2024\/05\/Insert-1-1024x574.jpg 1024w, https:\/\/www.olcgs.org\/wp-content\/uploads\/2024\/05\/Insert-1-300x168.jpg 300w, https:\/\/www.olcgs.org\/wp-content\/uploads\/2024\/05\/Insert-1-768x431.jpg 768w, https:\/\/www.olcgs.org\/wp-content\/uploads\/2024\/05\/Insert-1-18x10.jpg 18w, https:\/\/www.olcgs.org\/wp-content\/uploads\/2024\/05\/Insert-1.jpg 1464w\" sizes=\"(max-width: 800px) 100vw, 800px\" \/><\/p>\n<p>Con financiaci\u00f3n de Good Shepherd Toronto, administrada a trav\u00e9s de <a href=\"https:\/\/www.gsif.it\/\" target=\"_blank\" rel=\"noopener\">GSIF<\/a>, tambi\u00e9n ofrecemos el proyecto 'Promoviendo la Inclusi\u00f3n Econ\u00f3mica y Financiera en Mujeres Vulnerables en Am\u00e9rica Latina' brinda una atenci\u00f3n integral que incluye talleres de capacitaci\u00f3n, empoderamiento, orientaci\u00f3n psicol\u00f3gica y orientaci\u00f3n en gesti\u00f3n empresarial.<\/p>\n<p>Tambi\u00e9n estamos colaborando con el desarrollo de otro pueblo ind\u00edgena, la comunidad nativa Yanesha, en el \u00e1rea de la educaci\u00f3n y la promoci\u00f3n de la mujer, a trav\u00e9s de la implementaci\u00f3n de talleres productivos, huertos familiares y escolares, gesti\u00f3n para la ampliaci\u00f3n de su escuela y el centro de salud.<\/p>\n<p>El esp\u00edritu de Aguchita est\u00e1 impregnado en cada proyecto que llevamos a cabo en La Florida y nos llena el coraz\u00f3n de alegr\u00eda ser testigo de que su santuario sigue siendo un lugar de peregrinaci\u00f3n, donde los fieles buscan su intercesi\u00f3n y encuentran consuelo y esperanza.<\/p>\n<p>Continuamos trabajando con las autoridades locales para incluir el santuario de Aguchita en las rutas tur\u00edsticas y continuamos promoviendo La Florida como un lugar de peregrinaci\u00f3n. El s\u00e1bado anterior a su fiesta, m\u00e1s de mil j\u00f3venes peregrinos del Vicariato Apost\u00f3lico de San Ram\u00f3n llegaron a La Florida para encontrarse con Jes\u00fas a trav\u00e9s de Aguchita.<\/p>\n<p>El esp\u00edritu de Aguchita sigue vivo entre nosotros en su pueblo de La Florida y en esta maravillosa Amazon\u00eda, inspir\u00e1ndonos constantemente a seguir su legado de amor y servicio.<\/p>","protected":false},"excerpt":{"rendered":"<p>By Sr Karla Bernabe Lamadrid, Province of Peru \u201cLive full days, life is short\u201d Aguchita On May 7, 2024, the second anniversary of the beatification of our beloved Sr Maria Agustina Rivas L\u00f3pez, affectionately known as \u2018Aguchita\u2019, was celebrated during a joyous ceremony in the church at La Florida, Peru. We experienced the unity of [&hellip;]<\/p>\n","protected":false},"author":2,"featured_media":9080,"comment_status":"closed","ping_status":"open","sticky":false,"template":"","format":"standard","meta":{"footnotes":""},"categories":[99,76,45],"tags":[],"class_list":["post-9079","post","type-post","status-publish","format-standard","has-post-thumbnail","hentry","category-girl-child","category-integral-ecology","category-peru"],"jetpack_featured_media_url":"https:\/\/www.olcgs.org\/wp-content\/uploads\/2024\/05\/Main.jpg","_links":{"self":[{"href":"https:\/\/www.olcgs.org\/es\/wp-json\/wp\/v2\/posts\/9079","targetHints":{"allow":["GET"]}}],"collection":[{"href":"https:\/\/www.olcgs.org\/es\/wp-json\/wp\/v2\/posts"}],"about":[{"href":"https:\/\/www.olcgs.org\/es\/wp-json\/wp\/v2\/types\/post"}],"author":[{"embeddable":true,"href":"https:\/\/www.olcgs.org\/es\/wp-json\/wp\/v2\/users\/2"}],"replies":[{"embeddable":true,"href":"https:\/\/www.olcgs.org\/es\/wp-json\/wp\/v2\/comments?post=9079"}],"version-history":[{"count":4,"href":"https:\/\/www.olcgs.org\/es\/wp-json\/wp\/v2\/posts\/9079\/revisions"}],"predecessor-version":[{"id":14014,"href":"https:\/\/www.olcgs.org\/es\/wp-json\/wp\/v2\/posts\/9079\/revisions\/14014"}],"wp:featuredmedia":[{"embeddable":true,"href":"https:\/\/www.olcgs.org\/es\/wp-json\/wp\/v2\/media\/9080"}],"wp:attachment":[{"href":"https:\/\/www.olcgs.org\/es\/wp-json\/wp\/v2\/media?parent=9079"}],"wp:term":[{"taxonomy":"category","embeddable":true,"href":"https:\/\/www.olcgs.org\/es\/wp-json\/wp\/v2\/categories?post=9079"},{"taxonomy":"post_tag","embeddable":true,"href":"https:\/\/www.olcgs.org\/es\/wp-json\/wp\/v2\/tags?post=9079"}],"curies":[{"name":"wp","href":"https:\/\/api.w.org\/{rel}","templated":true}]}}