{"id":9495,"date":"2024-06-09T15:28:24","date_gmt":"2024-06-09T13:28:24","guid":{"rendered":"https:\/\/www.olcgs.org\/?p=9495"},"modified":"2025-06-08T18:19:19","modified_gmt":"2025-06-08T16:19:19","slug":"blessed-maria-droste-a-woman-with-a-mothers-heart","status":"publish","type":"post","link":"https:\/\/www.olcgs.org\/es\/blessed-maria-droste-a-woman-with-a-mothers-heart\/","title":{"rendered":"Beata Mar\u00eda Droste: Una Mujer con Coraz\u00f3n de Madre"},"content":{"rendered":"<p><em>Por Silvia Rocha, Partner en Misi\u00f3n, Portugal (Regi\u00f3n Europa del Sur)<\/em><\/p>\n<p>El 8 de junio de 2024 - <strong>Fiesta de la Beata Mar\u00eda del Divino Coraz\u00f3n<\/strong> la capilla de la casa de Paranhos (Oporto, Portugal), donde vivi\u00f3 y muri\u00f3, fue dedicada al <strong>Sagrado Coraz\u00f3n de Jes\u00fas<\/strong>El acontecimiento tuvo lugar con ocasi\u00f3n del 125<sup>\u00ba<\/sup> aniversario de su muerte y en conmemoraci\u00f3n de la Consagraci\u00f3n del Mundo al Sagrado Coraz\u00f3n de Jes\u00fas, que tuvo lugar el 11 de Junio de 1899.<\/p>\n<p>Para preparar el acontecimiento, el <strong>Centro de Espiritualidad Mar\u00eda Droste<\/strong> organiz\u00f3 un retiro, una novena-oraci\u00f3n de nueve d\u00edas y un triduo-tres d\u00edas, el \u00faltimo de los cuales se retransmiti\u00f3 en directo en el canal de YouTube de la pastoral vocacional de la provincia, al que puede acceder <a href=\"https:\/\/www.youtube.com\/@PastoralJuvenilVocacionalBomPa\/streams\" target=\"_blank\" rel=\"noopener\">aqu\u00ed<\/a>.<\/p>\n<p>En el segundo d\u00eda del triduo se celebr\u00f3 una animada mesa redonda titulada \"<em>La misi\u00f3n de la Hna. Mar\u00eda en la di\u00f3cesis de Oporto, desde una perspectiva femenina\". <\/em><\/p>\n<p>En este evento, la Hna. Filomena Reis dio una charla sobre el \"<em>Carisma y Espiritualidad de las Hermanas de Nuestra Se\u00f1ora de la Caridad del Buen Pastor y la Misi\u00f3n de la Beata Mar\u00eda<\/em>Entre los muchos aspectos tratados, la Hna. Filomena habl\u00f3 sobre el papel de educadora de la Beata Mar\u00eda, qui\u00e9n - <strong>como mujer con coraz\u00f3n de madre<\/strong> - desarroll\u00f3 con valent\u00eda, rescatando de situaciones de miseria al mayor n\u00famero posible de ni\u00f1os y j\u00f3venes para proporcionarles un techo seguro y una educaci\u00f3n adecuada.<\/p>\n<p>La segunda ponente del evento fue la Hna. F\u00e1tima Pires, que present\u00f3 \"<em>El estilo de liderazgo de la Hermana Mar\u00eda<\/em>\". Al inicio de su presentaci\u00f3n, relat\u00f3 las palabras de la Beata Mar\u00eda qui\u00e9n, al ser nombrada l\u00edder de la comunidad en un edificio casi en estado de ruina, dijo: \"<em>\u00a1Me encanta ser mujer, mostrar a los portugueses de lo que es capaz una mujer!<\/em>''.<\/p>\n<p>Haciendo referencia a las caracter\u00edsticas que conformaban la fuerte personalidad de la Beata Mar\u00eda, Hna. F\u00e1tima traz\u00f3 su perfil psicol\u00f3gico. Su <strong>curiosidad<\/strong>, <strong>terquedad<\/strong>, <strong>generosidad<\/strong>, <strong>responsabilidad<\/strong>, <strong>creatividad<\/strong>, <strong>disponibilidad<\/strong>, y la <strong>valent\u00eda<\/strong>, unidas a su <em>gran fe<\/em> en Dios, la capacitaron para superar los retos que planteaba vivir en una casa como aquella, lugar donde vivi\u00f3 y trabaj\u00f3 hasta el \u00faltimo momento de su vida.<\/p>\n<p>Otras ponencias de la tarde versaron sobre \"<em>La dimensi\u00f3n mariana en la vocaci\u00f3n y consagraci\u00f3n de Hna. Mar\u00eda<\/em>\", a cargo de Silvia Rocha, y \"<em>Las diferentes dimensiones de la sensibilidad art\u00edstica de Hna. Mar\u00eda<\/em>\", a cargo de Susana Catarina, que tambi\u00e9n ameniz\u00f3 la velada con un <strong>bello repertorio musical a<\/strong> a cargo de un cuarteto vocal y un organista.<\/p>\n<p>Durante la misa celebrada el mismo d\u00eda de la fiesta, presidida por el Obispo Manuel Linda, consagr\u00f3 el altar de la capilla, colocando en su interior un fragmento de hueso del pie derecho de la Beata Mar\u00eda Droste.<\/p>\n<p>La dedicaci\u00f3n de esta capilla refuerza la misi\u00f3n que la Beata Mar\u00eda inici\u00f3 en la casa, es decir, la difusi\u00f3n del amor misericordioso del Sagrado Coraz\u00f3n de Jes\u00fas, que <strong>acoge<\/strong>, <strong>perdona<\/strong>, y la <strong>eleva<\/strong> a todos los que se dirigen a \u00e9l.<\/p>\n<p>Tambi\u00e9n la refuerza como lugar de peregrinaci\u00f3n para los j\u00f3venes de Oporto, que tienen tal devoci\u00f3n a la Beata Mar\u00eda Droste que la eligieron como patrona para la <a href=\"https:\/\/www.lisboa2023.org\/fr\" target=\"_blank\" rel=\"noopener\">Jornada Mundial de la Juventud<\/a> de Lisboa en 2023.<\/p>","protected":false},"excerpt":{"rendered":"<p>By Silvia Rocha, Partner-in-Mission, Portugal (South Europe Region) On June 8, 2024 \u2013 the Feast of Blessed Maria of the Divine Heart \u2013 the chapel at the house in Paranhos, Porto, Portugal, where she lived and died was dedicated to the Sacred Heart of Jesus. The event took place on the momentous occasion of the [&hellip;]<\/p>\n","protected":false},"author":2,"featured_media":9498,"comment_status":"closed","ping_status":"open","sticky":false,"template":"","format":"standard","meta":{"footnotes":""},"categories":[1],"tags":[],"class_list":["post-9495","post","type-post","status-publish","format-standard","has-post-thumbnail","hentry","category-senza-categoria"],"jetpack_featured_media_url":"https:\/\/www.olcgs.org\/wp-content\/uploads\/2024\/06\/Main-1.jpg","_links":{"self":[{"href":"https:\/\/www.olcgs.org\/es\/wp-json\/wp\/v2\/posts\/9495","targetHints":{"allow":["GET"]}}],"collection":[{"href":"https:\/\/www.olcgs.org\/es\/wp-json\/wp\/v2\/posts"}],"about":[{"href":"https:\/\/www.olcgs.org\/es\/wp-json\/wp\/v2\/types\/post"}],"author":[{"embeddable":true,"href":"https:\/\/www.olcgs.org\/es\/wp-json\/wp\/v2\/users\/2"}],"replies":[{"embeddable":true,"href":"https:\/\/www.olcgs.org\/es\/wp-json\/wp\/v2\/comments?post=9495"}],"version-history":[{"count":3,"href":"https:\/\/www.olcgs.org\/es\/wp-json\/wp\/v2\/posts\/9495\/revisions"}],"predecessor-version":[{"id":9499,"href":"https:\/\/www.olcgs.org\/es\/wp-json\/wp\/v2\/posts\/9495\/revisions\/9499"}],"wp:featuredmedia":[{"embeddable":true,"href":"https:\/\/www.olcgs.org\/es\/wp-json\/wp\/v2\/media\/9498"}],"wp:attachment":[{"href":"https:\/\/www.olcgs.org\/es\/wp-json\/wp\/v2\/media?parent=9495"}],"wp:term":[{"taxonomy":"category","embeddable":true,"href":"https:\/\/www.olcgs.org\/es\/wp-json\/wp\/v2\/categories?post=9495"},{"taxonomy":"post_tag","embeddable":true,"href":"https:\/\/www.olcgs.org\/es\/wp-json\/wp\/v2\/tags?post=9495"}],"curies":[{"name":"wp","href":"https:\/\/api.w.org\/{rel}","templated":true}]}}