{"id":10086,"date":"2024-09-30T14:23:30","date_gmt":"2024-09-30T12:23:30","guid":{"rendered":"https:\/\/www.olcgs.org\/?p=10086"},"modified":"2024-10-02T12:57:03","modified_gmt":"2024-10-02T10:57:03","slug":"walking-with-aguchita-in-peru-a-vocation-of-love","status":"publish","type":"post","link":"https:\/\/www.olcgs.org\/fr\/walking-with-aguchita-in-peru-a-vocation-of-love\/","title":{"rendered":"Marcher avec Aguchita au P\u00e9rou : \u00ab L'amour est notre vocation \u00bb"},"content":{"rendered":"<p><strong><em>Par Sr Karla Bernabe Lamadrid, Province du P\u00e9rou<\/em><\/strong><\/p>\n<p>Le 21 septembre, 750 p\u00e8lerins de San Ram\u00f3n ont particip\u00e9 au p\u00e8lerinage des jeunes intitul\u00e9 : <strong><em>\u00ab Marcher avec Aguchita pour rencontrer J\u00e9sus \u00bb.<\/em><\/strong><\/p>\n<p>Les p\u00e8lerins ont parcouru 7 kilom\u00e8tres \u00e0 partir de quatre points de d\u00e9part diff\u00e9rents, <strong>pri\u00e9, chant\u00e9 et r\u00e9fl\u00e9chi<\/strong> tout en admirant la beaut\u00e9 de l'Amazonie. Ils ont \u00e9t\u00e9 accueillis au sanctuaire par le maire de La Florida, les s\u0153urs et la communaut\u00e9 locale.<\/p>\n<p>La c\u00e9l\u00e9bration eucharistique a \u00e9t\u00e9 pr\u00e9c\u00e9d\u00e9e de chants d\u00e9di\u00e9s \u00e0 sa m\u00e9moire, apr\u00e8s quoi un tableau d'Aguchita et une de ses reliques ont \u00e9t\u00e9 promen\u00e9s dans les rues.<\/p>\n<p><img fetchpriority=\"high\" decoding=\"async\" class=\"alignleft size-medium wp-image-10097\" src=\"https:\/\/www.olcgs.org\/wp-content\/uploads\/2024\/09\/Inset-2-1-226x300.jpg\" alt=\"\" width=\"226\" height=\"300\" srcset=\"https:\/\/www.olcgs.org\/wp-content\/uploads\/2024\/09\/Inset-2-1-226x300.jpg 226w, https:\/\/www.olcgs.org\/wp-content\/uploads\/2024\/09\/Inset-2-1-9x12.jpg 9w, https:\/\/www.olcgs.org\/wp-content\/uploads\/2024\/09\/Inset-2-1.jpg 687w\" sizes=\"(max-width: 226px) 100vw, 226px\" \/><\/p>\n<p>Les jeunes ont anim\u00e9 la procession en repr\u00e9sentant de mani\u00e8re cr\u00e9ative diff\u00e9rentes \u00e9tapes de la vie d'Aguchita ; elle s'est termin\u00e9e au tombeau d'Aguchita, o\u00f9 tous se sont r\u00e9unis dans une pri\u00e8re pour la paix dans le monde.<\/p>\n<p>Du 23 au 25 septembre, <strong>trois jours de pri\u00e8re<\/strong> ont eu lieu avant la f\u00eate d'Aguchita. Chaque jour, une s\u0153ur a donn\u00e9 une r\u00e9flexion spirituelle, accompagn\u00e9e de t\u00e9moignages personnels de personnes qui ont connu Aguchita et qui \u00e9taient pr\u00e9sentes le jour de son martyre.<\/p>\n<p>Pendant ces journ\u00e9es, la communaut\u00e9 s'est engag\u00e9e \u00e0 former une nouvelle communaut\u00e9 de base au sanctuaire, un exemple de la fa\u00e7on dont <strong>l'h\u00e9ritage d'Aguchita perdure et offre un encouragement \u00e0 sa petite communaut\u00e9.<\/strong><\/p>\n<p>Le 26 septembre, la solennit\u00e9 de la bienheureuse Aguchita a \u00e9t\u00e9 c\u00e9l\u00e9br\u00e9e en pr\u00e9sence des s\u0153urs, des partenaires de mission, des dignitaires locaux, de nombreux p\u00e8lerins et des repr\u00e9sentants des trois \u00e9coles locales. La messe a non seulement rendu gr\u00e2ce pour le don total d'Aguchita, mais aussi \u00e0 S\u0153ur Elena Carrillo, qui a c\u00e9l\u00e9br\u00e9 ses <strong>60 ans de vie consacr\u00e9e<\/strong> ce m\u00eame jour.<\/p>\n<p>Puis toutes les personnes pr\u00e9sentes ont particip\u00e9 \u00e0 un \u00ab<em>itin\u00e9raire du martyre \u00bb<\/em> qui s'est arr\u00eat\u00e9 \u00e0 quatre endroits. Le premier : la maison o\u00f9 Aguchita donnait des cours de p\u00e2tisserie aux filles et d'o\u00f9 elle a \u00e9t\u00e9 emmen\u00e9e sur la place ; le deuxi\u00e8me : le lieu de son ex\u00e9cution ; Le troisi\u00e8me : le lieu o\u00f9 elle a \u00e9t\u00e9 pleur\u00e9e avec ses compagnons de martyre et le quatri\u00e8me : son tombeau, o\u00f9 elle repose en paix.<\/p>\n<p>En hommage \u00e0 <strong>son esprit d\u2019amour de la terre<\/strong>, chaque personne pr\u00e9sente a re\u00e7u une plante dans un pot recycl\u00e9, symbolisant l'exemple d'Aguchita en tant que gardienne de l'environnement.<\/p>\n<p><img decoding=\"async\" class=\"alignright wp-image-10096 size-medium\" src=\"https:\/\/www.olcgs.org\/wp-content\/uploads\/2024\/09\/Inset-2-300x184.jpg\" alt=\"\" width=\"300\" height=\"184\" srcset=\"https:\/\/www.olcgs.org\/wp-content\/uploads\/2024\/09\/Inset-2-300x184.jpg 300w, https:\/\/www.olcgs.org\/wp-content\/uploads\/2024\/09\/Inset-2-1024x628.jpg 1024w, https:\/\/www.olcgs.org\/wp-content\/uploads\/2024\/09\/Inset-2-768x471.jpg 768w, https:\/\/www.olcgs.org\/wp-content\/uploads\/2024\/09\/Inset-2-18x12.jpg 18w, https:\/\/www.olcgs.org\/wp-content\/uploads\/2024\/09\/Inset-2.jpg 1188w\" sizes=\"(max-width: 300px) 100vw, 300px\" \/><\/p>\n<p>Le 27 septembre, nous avons comm\u00e9mor\u00e9 le <strong>34<sup>\u00e8me <\/sup>anniversaire du martyre d'Aguchita<\/strong> et des six compagnons qui ont \u00e9t\u00e9 assassin\u00e9s avec elle : Efigenia, Jesusa, Juan, Luis, Herber et Pedro.<\/p>\n<p>\u00c0 l\u2019aurore, les p\u00e8lerins, priant et chantant, se sont rendus au cimeti\u00e8re, d'o\u00f9 ils ont continu\u00e9 leur chemin vers son sanctuaire.<\/p>\n<p>Bien que la douleur persiste dans la m\u00e9moire de ceux qui ont connu et aim\u00e9 Aguchita et les autres femmes et hommes martyris\u00e9s \u00e0 ses c\u00f4t\u00e9s <strong>, c\u2019est l\u2019esp\u00e9rance d'un avenir de paix et de justice pour les pauvres et les oubli\u00e9s qui est la plus forte. <\/strong><\/p>\n<p><em>L'h\u00e9ritage d'Aguchita perdure \u2013 \u00e0 travers son peuple !<\/em><\/p>\n<p>\u00c0 l'occasion de la b\u00e9atification d'Aguchita en 2022, REPAM, un r\u00e9seau de l'\u00c9glise catholique qui promeut les droits et la dignit\u00e9 des personnes vivant en Amazonie, a produit une vid\u00e9o sur elle en partenariat avec Notre-Dame de la Charit\u00e9 du Bon Pasteur. Les versions anglaise et fran\u00e7aise ont \u00e9t\u00e9 produites par le Centre de Spiritualit\u00e9 Congr\u00e9gationnelle d'Angers \u00e0 l'occasion de sa f\u00eate. Regardez la vid\u00e9o ci-dessous.<\/p>\n<p style=\"text-align: center;\"><iframe title=\"vimeo-player\" src=\"https:\/\/player.vimeo.com\/video\/1013265844?h=2e6b764b53\" width=\"640\" height=\"360\" frameborder=\"0\" allowfullscreen=\"allowfullscreen\"><\/iframe><\/p>","protected":false},"excerpt":{"rendered":"<p>By Sr Karla Bernabe, Province of Peru On September 21, 750 pilgrims from San Ram\u00f3n participated in the Youth Pilgrimage &#8220;Walking with Aguchita to meet Jesus.&#8221; The pilgrims traveled 7 kilometers from four different starting points, praying, singing, and reflecting while admiring the beauty of the Amazon. They were welcomed into the shrine by the [&hellip;]<\/p>\n","protected":false},"author":2,"featured_media":10087,"comment_status":"closed","ping_status":"open","sticky":false,"template":"","format":"standard","meta":{"footnotes":""},"categories":[15],"tags":[],"class_list":["post-10086","post","type-post","status-publish","format-standard","has-post-thumbnail","hentry","category-spirituality"],"jetpack_featured_media_url":"https:\/\/www.olcgs.org\/wp-content\/uploads\/2024\/09\/IMG-20240928-WA0013-3_169.jpg","_links":{"self":[{"href":"https:\/\/www.olcgs.org\/fr\/wp-json\/wp\/v2\/posts\/10086","targetHints":{"allow":["GET"]}}],"collection":[{"href":"https:\/\/www.olcgs.org\/fr\/wp-json\/wp\/v2\/posts"}],"about":[{"href":"https:\/\/www.olcgs.org\/fr\/wp-json\/wp\/v2\/types\/post"}],"author":[{"embeddable":true,"href":"https:\/\/www.olcgs.org\/fr\/wp-json\/wp\/v2\/users\/2"}],"replies":[{"embeddable":true,"href":"https:\/\/www.olcgs.org\/fr\/wp-json\/wp\/v2\/comments?post=10086"}],"version-history":[{"count":5,"href":"https:\/\/www.olcgs.org\/fr\/wp-json\/wp\/v2\/posts\/10086\/revisions"}],"predecessor-version":[{"id":10116,"href":"https:\/\/www.olcgs.org\/fr\/wp-json\/wp\/v2\/posts\/10086\/revisions\/10116"}],"wp:featuredmedia":[{"embeddable":true,"href":"https:\/\/www.olcgs.org\/fr\/wp-json\/wp\/v2\/media\/10087"}],"wp:attachment":[{"href":"https:\/\/www.olcgs.org\/fr\/wp-json\/wp\/v2\/media?parent=10086"}],"wp:term":[{"taxonomy":"category","embeddable":true,"href":"https:\/\/www.olcgs.org\/fr\/wp-json\/wp\/v2\/categories?post=10086"},{"taxonomy":"post_tag","embeddable":true,"href":"https:\/\/www.olcgs.org\/fr\/wp-json\/wp\/v2\/tags?post=10086"}],"curies":[{"name":"wp","href":"https:\/\/api.w.org\/{rel}","templated":true}]}}