{"id":10602,"date":"2025-01-26T01:29:27","date_gmt":"2025-01-26T00:29:27","guid":{"rendered":"https:\/\/www.olcgs.org\/?p=10602"},"modified":"2025-01-30T17:41:30","modified_gmt":"2025-01-30T16:41:30","slug":"the-cry-of-the-earth-our-commitment-to-laudato-si","status":"publish","type":"post","link":"https:\/\/www.olcgs.org\/fr\/the-cry-of-the-earth-our-commitment-to-laudato-si\/","title":{"rendered":"Le cri de la Terre : notre engagement envers Laudato Si\u2019"},"content":{"rendered":"<p><em>Par Liam Michael Quinn, Responsable des communications de la Congr\u00e9gation<\/em><\/p>\n<p>&nbsp;<\/p>\n<p>Aujourd\u2019hui (26 janvier), nous c\u00e9l\u00e9brons la deuxi\u00e8me <a href=\"https:\/\/www.un.org\/en\/observances\/clean-energy-day\">Journ\u00e9e internationale de l\u2019\u00e9nergie propre<\/a>, et nous revoyons certaines des actions entreprises en tant que Congr\u00e9gation en '<a href=\"https:\/\/plate-formedactionlaudatosi.org\/\"><em>R\u00e9ponse au cri de la Terre<\/em><\/a>.' Cet objectif de Laudato Si\u2019 propose des actions qui incluent <strong>l\u2019adoption d\u2019\u00e9nergies renouvelables et de mesures d\u2019autosuffisance \u00e9nerg\u00e9tique<\/strong>.<\/p>\n<p>Ces actions sont en accord avec la position r\u00e9solue de la <strong>Congr\u00e9gation de faire face aux cons\u00e9quences catastrophiques de la destruction de notre plan\u00e8te<\/strong> caus\u00e9e par la cupidit\u00e9 et l\u2019apathie. Notre engagement envers la <a href=\"https:\/\/plate-formedactionlaudatosi.org\/\">Plateforme d\u2019action Laudato Si\u2019<\/a> marque notre volont\u00e9 d\u2019int\u00e9grer chacun des sept objectifs de Laudato Si\u2019 dans notre vie, notre mission et nos services.<\/p>\n<p>Peu de temps apr\u00e8s la publication de l\u2019encyclique  du Pape Fran\u00e7ois <a href=\"https:\/\/www.vatican.va\/content\/francesco\/en\/encyclicals\/documents\/papa-francesco_20150524_enciclica-laudato-si.html\">Laudato Si\u2019<\/a>, une <strong>solaire<\/strong><strong> syst\u00e8me d\u2019\u00e9nergie<\/strong> solaire a \u00e9t\u00e9 install\u00e9 sur le toit de la <a href=\"https:\/\/www.facebook.com\/hashtag\/generalate?__eep__=6&amp;__cft__%5b0%5d=AZUFmK0oiriWsAdeF4P-Ko-6k8lBk4f7PBrzQgsPuv4aWTU1y5Y9Kny5fP-tx5EQxBptmVt0KoStdFmxPmRXRrVmPrBHcYVH-65tTHkbU8zF37PP-wgbQFV_dwg3do1nK-my7UmQ6wZw2OuitgCCFjtSq7Z7jpWHq2FhuboEqmh-9wa3rfawymDsPkA1Y3xgvO3u9O8_oZRP2VgVJf3mqV7T&amp;__tn__=*NK-R\">Maison g\u00e9n\u00e9ralice<\/a> \u00e0 Rome. Depuis qu\u2019il est devenu pleinement op\u00e9rationnel en 2019, la consommation annuelle d\u2019\u00e9lectricit\u00e9 et d\u2019\u00e9nergie a \u00e9t\u00e9 r\u00e9duite de moiti\u00e9 en moyenne. De plus, le nouveau syst\u00e8me a permis d\u2019\u00e9viter l\u2019\u00e9mission d\u2019environ 70 tonnes de CO2 dans l\u2019atmosph\u00e8re terrestre chaque ann\u00e9e.<\/p>\n<p>Aux Philippines, nos s\u0153urs ont fait leurs premiers pas vers la conversion \u00e9cologique d\u00e8s 2009 en rempla\u00e7ant l\u2019\u00e9clairage de leur jardin communautaire \u00e0 Quezon City par <strong>des lampadaires solaires<\/strong>. L\u2019ann\u00e9e suivante, elles ont remplac\u00e9 chaque chauffe-eau \u00e9lectrique du couvent par <strong>des r\u00e9servoirs d\u2019eau solaires<\/strong>.<\/p>\n<p>En 2017, des lampadaires solaires ont \u00e9t\u00e9 install\u00e9s dans leur ferme Laudato Si\u2019 de 2,8 hectares et des <strong>panneaux solaires<\/strong> au <a href=\"https:\/\/www.facebook.com\/goodshepherdbaguio.mmtc\">La Fondation \u2018Mountain Maid Training and Development'<\/a> \u00e0 Baguio. En moyenne, ces actions ont vu les factures d\u2019\u00e9lectricit\u00e9 chuter d\u2019un tiers.<em>Notre parcours des combustibles fossiles vers une \u00e9nergie propre alternative est en cours, et nous avons encore un long chemin \u00e0 parcourir<\/em>,'' d\u00e9clare S\u0153ur Mary Guadalupe Bautista. Un cheminement renouvel\u00e9 par engagement lors de leur dernier Chapitre provincial de 2021, en rendant obligatoire l'utilisation d'\u00e9nergies renouvelables aux Philippines et au Japon.<\/p>\n<p>Des mesures ont \u00e9galement \u00e9t\u00e9 prises (2023) en R\u00e9publique d\u00e9mocratique du Congo pour int\u00e9grer des solutions \u00e9nerg\u00e9tiques propres dans nos services lorsque Bon Pasteur Kolwezi, avec le soutien de la <a href=\"https:\/\/www.gsif.it\/\">Fondation internationale du Bon Pasteur<\/a>, a install\u00e9 des panneaux solaires sur le toit du Provincialat pour fournir l'\u00e9lectricit\u00e9 essentielle au <a href=\"https:\/\/congo.gsif.it\/bon-pasteur-centre\/\">Centre Bon Pasteur<\/a>. D'autres panneaux solaires et lampes solaires ont \u00e9t\u00e9 install\u00e9s \u00e0 la de 45 hectares <strong>Maisha Farm<\/strong>, pour fournir une \u00e9nergie rentable au projet d'entreprise sociale ChaKuishi dans l'agriculture et la pisciculture.<\/p>\n<p>Au d\u00e9but de 2025, une lettre conjointe a \u00e9t\u00e9 remise au pape Fran\u00e7ois - sign\u00e9e par Notre-Dame de Charit\u00e9 du Bon Pasteur et plus de 80 autres congr\u00e9gations et organisations - demandant que le Jour de la Cr\u00e9ation, c\u00e9l\u00e9br\u00e9 le 1er septembre, soit \u00e9lev\u00e9 au rang de f\u00eate liturgique. Cela repr\u00e9sente une r\u00e9ponse proph\u00e9tique aux  ''<em>signes des temps<\/em>,'' compl\u00e9tant les appels de Laudato Si' et <a href=\"https:\/\/www.vatican.va\/content\/francesco\/en\/apost_exhortations\/documents\/20231004-laudate-deum.html\">Laudate Deum<\/a>.<\/p>\n<p>Plus tard cette ann\u00e9e, nous partagerons le plan de la Plateforme d\u2019action de la Congr\u00e9gation Laudato Si\u2019 et d\u2019autres ressources pour encourager toutes les s\u0153urs et partenaires de mission \u00e0 prendre davantage conscience de nos responsabilit\u00e9s pour entendre le cri de la Terre et r\u00e9pondre \u00e0 son appel.<\/p>\n<p>Par Laudato Si\u2019, le pape Fran\u00e7ois nous invite \u00e0 nous engager sur le long chemin du renouveau pour prendre soin de la Terre. Notre appel \u00e0 l\u2019action de la Congr\u00e9gation pour une <a href=\"https:\/\/www.olcgs.org\/wp-content\/uploads\/2025\/10\/2022-01-13-Cong-Chap-Direction-Statement-Calls-to-Action-fr.pdf\"><strong>Culture universelle de la justice<\/strong><\/a> nous \u00e9claire sur ce chemin. Il nous fournit un cadre souple et orient\u00e9 vers l\u2019action <strong>pour donner les moyens et les contacts n\u00e9cessaires \u00e0 nos communaut\u00e9s \u00e0 l\u2019\u00e9chelle mondiale<\/strong> afin d\u2019agir dans l\u2019esprit de Laudato Si\u2019 et de r\u00e9pondre aux cris de la terre.<\/p>\n<p><em>Il s\u2019agit d\u2019un appel urgent pour que chacun d\u2019entre nous agisse avec courage et proph\u00e9tie !<\/em><\/p>","protected":false},"excerpt":{"rendered":"<p>By Liam Michael Quinn, Congregational Communications Manager, Rome, Italy &nbsp; Today (Jan 26), as we celebrate the second International Day of Clean Energy, we acknowledge some of the actions that we have taken as a Congregation in \u2018Response to the Cry of the Earth.\u2019 This Laudato Si&#8217; Goal proposes actions that include the adoption of [&hellip;]<\/p>\n","protected":false},"author":2,"featured_media":10604,"comment_status":"closed","ping_status":"open","sticky":false,"template":"","format":"standard","meta":{"footnotes":""},"categories":[29],"tags":[],"class_list":["post-10602","post","type-post","status-publish","format-standard","has-post-thumbnail","hentry","category-gsijp"],"jetpack_featured_media_url":"https:\/\/www.olcgs.org\/wp-content\/uploads\/2025\/01\/Main-e1737480476984.png","_links":{"self":[{"href":"https:\/\/www.olcgs.org\/fr\/wp-json\/wp\/v2\/posts\/10602","targetHints":{"allow":["GET"]}}],"collection":[{"href":"https:\/\/www.olcgs.org\/fr\/wp-json\/wp\/v2\/posts"}],"about":[{"href":"https:\/\/www.olcgs.org\/fr\/wp-json\/wp\/v2\/types\/post"}],"author":[{"embeddable":true,"href":"https:\/\/www.olcgs.org\/fr\/wp-json\/wp\/v2\/users\/2"}],"replies":[{"embeddable":true,"href":"https:\/\/www.olcgs.org\/fr\/wp-json\/wp\/v2\/comments?post=10602"}],"version-history":[{"count":3,"href":"https:\/\/www.olcgs.org\/fr\/wp-json\/wp\/v2\/posts\/10602\/revisions"}],"predecessor-version":[{"id":10657,"href":"https:\/\/www.olcgs.org\/fr\/wp-json\/wp\/v2\/posts\/10602\/revisions\/10657"}],"wp:featuredmedia":[{"embeddable":true,"href":"https:\/\/www.olcgs.org\/fr\/wp-json\/wp\/v2\/media\/10604"}],"wp:attachment":[{"href":"https:\/\/www.olcgs.org\/fr\/wp-json\/wp\/v2\/media?parent=10602"}],"wp:term":[{"taxonomy":"category","embeddable":true,"href":"https:\/\/www.olcgs.org\/fr\/wp-json\/wp\/v2\/categories?post=10602"},{"taxonomy":"post_tag","embeddable":true,"href":"https:\/\/www.olcgs.org\/fr\/wp-json\/wp\/v2\/tags?post=10602"}],"curies":[{"name":"wp","href":"https:\/\/api.w.org\/{rel}","templated":true}]}}