{"id":11060,"date":"2025-03-23T17:27:07","date_gmt":"2025-03-23T16:27:07","guid":{"rendered":"https:\/\/www.olcgs.org\/?p=11060"},"modified":"2026-02-10T11:40:45","modified_gmt":"2026-02-10T10:40:45","slug":"3rd-sunday-of-lent-reflection","status":"publish","type":"post","link":"https:\/\/www.olcgs.org\/fr\/3rd-sunday-of-lent-reflection\/","title":{"rendered":"Troisi\u00e8me dimanche de Car\u00eame - R\u00e9flexion : Le soin de la Cr\u00e9ation est ins\u00e9parable de la Justice"},"content":{"rendered":"<p>Alors que nous poursuivons notre chemin \u00e0 travers cette p\u00e9riode de Car\u00eame, nous sommes appel\u00e9s \u00e0 r\u00e9fl\u00e9chir sur notre relation avec la cr\u00e9ation et \u00e0 renouveler notre engagement envers les principes de justice, de paix et de soin de la cr\u00e9ation. Le pape Fran\u00e7ois nous invite \u00e0 une <strong>conversion \u00e9cologique <\/strong>: <strong>une transformation du c\u0153ur<\/strong> qui reconna\u00eet l\u2019interconnexion de toute vie et nous met au d\u00e9fi de prendre soin de notre maison commune.<\/p>\n<p>\u00c0 <a href=\"https:\/\/www.vatican.va\/content\/francesco\/fr\/encyclicals\/documents\/papa-francesco_20150524_enciclica-laudato-si.html\"><em>Laudato Si\u2019<\/em><\/a> (2015), le pape exhorte \u00e0 agir pour lutter contre le changement climatique, prot\u00e9ger la biodiversit\u00e9 et r\u00e9pondre aux in\u00e9galit\u00e9s sociales. Il souligne que la d\u00e9gradation de l\u2019environnement touche de mani\u00e8re disproportionn\u00e9e les personnes vivant dans la pauvret\u00e9 et encourage une transition vers un <strong>d\u00e9veloppement durable<\/strong>.<\/p>\n<p>Notre-Dame de Charit\u00e9 du Bon Pasteur adopte <a href=\"https:\/\/www.olcgs.org\/wp-content\/uploads\/2025\/10\/2018-06-08-Position-Papers-fr-1.pdf\"><strong>une position claire sur l\u2019\u00e9cologie int\u00e9grale<\/strong><\/a>, nous rappelant que nous faisons partie d\u2019une communaut\u00e9 terrestre plus vaste et que nous sommes appel\u00e9s \u00e0 vivre en harmonie avec toutes les formes de vie. Notre engagement nous pousse \u00e0 b\u00e2tir une soci\u00e9t\u00e9 mondiale durable, fond\u00e9e sur <strong>le respect de la nature, des droits humains et de la justice \u00e9conomique<\/strong>. Cette mission, renforc\u00e9e dans notre <a href=\"https:\/\/www.olcgs.org\/wp-content\/uploads\/2025\/10\/2022-01-13-Cong-Chap-Direction-Statement-Calls-to-Action-fr.pdf\"><strong>Appel \u00e0 l\u2019action pour une culture universelle de la justice<\/strong><\/a> , est non seulement en accord avec notre foi, mais \u00e9galement essentielle \u00e0 la survie de notre plan\u00e8te.<\/p>\n<p><strong>Un appel \u00e0 l'action<\/strong><\/p>\n<p>En ce Car\u00eame, cherchons \u00e0 mieux comprendre l\u2019interconnexion entre les enjeux environnementaux, sociaux et \u00e9conomiques. De nombreuses populations parmi <strong>les plus vuln\u00e9rables du monde<\/strong> sont les premi\u00e8res \u00e0 souffrir des cons\u00e9quences de la d\u00e9gradation \u00e9cologique. Prenons, par exemple, les efforts inlassables des <strong>femmes dans les communaut\u00e9s rurales <\/strong>\u2013 souvent gardiennes de l\u2019environnement \u2013 qui sont particuli\u00e8rement affect\u00e9es par le changement climatique et la raret\u00e9 des ressources.<\/p>\n<p>La justice exige que nous <strong>donnions du pouvoir \u00e0 ces voix<\/strong>, en agissant pour d\u00e9fendre des politiques qui prot\u00e8gent notre plan\u00e8te, encouragent des pratiques de commerce \u00e9quitable et remettent en question les syst\u00e8mes qui perp\u00e9tuent la d\u00e9gradation environnementale.<\/p>\n<p>En tant que signataire de <a href=\"https:\/\/plate-formedactionlaudatosi.org\/\">La plateforme d\u2019action Laudato Si\u2019<\/a>, la Congr\u00e9gation s\u2019engage \u00e0 lutter contre <strong>l\u2019injustice et la souffrance caus\u00e9es par l\u2019exploitation environnementale<\/strong>\u00c0 un niveau personnel, r\u00e9fl\u00e9chis \u00e0 ce que tu peux faire pour te joindre \u00e0 d\u2019autres dans des actions de solidarit\u00e9 significatives. M\u00eame de petits changements dans ton mode de vie \u2013 r\u00e9duire les d\u00e9chets, \u00e9conomiser les ressources ou choisir des produits \u00e9cologiques \u2013 peuvent avoir un effet d\u2019entra\u00eenement.<\/p>\n<p><em>Que feras-tu aujourd\u2019hui pour honorer la cr\u00e9ation de Dieu \u00e0 travers tes actions ?<\/em><\/p>","protected":false},"excerpt":{"rendered":"<p>As we continue to journey through this period of Lent, we are called to reflect on our relationship with creation and renew our commitment to the principles of justice, peace, and care for creation. Pope Francis calls us to an ecological conversion \u2014 a transformation of the heart that recognizes the interconnectedness of all life [&hellip;]<\/p>\n","protected":false},"author":2,"featured_media":11062,"comment_status":"closed","ping_status":"open","sticky":false,"template":"","format":"standard","meta":{"footnotes":""},"categories":[29,76],"tags":[],"class_list":["post-11060","post","type-post","status-publish","format-standard","has-post-thumbnail","hentry","category-gsijp","category-integral-ecology"],"jetpack_featured_media_url":"https:\/\/www.olcgs.org\/wp-content\/uploads\/2025\/03\/Screenshot-2025-03-23-173916.png","_links":{"self":[{"href":"https:\/\/www.olcgs.org\/fr\/wp-json\/wp\/v2\/posts\/11060","targetHints":{"allow":["GET"]}}],"collection":[{"href":"https:\/\/www.olcgs.org\/fr\/wp-json\/wp\/v2\/posts"}],"about":[{"href":"https:\/\/www.olcgs.org\/fr\/wp-json\/wp\/v2\/types\/post"}],"author":[{"embeddable":true,"href":"https:\/\/www.olcgs.org\/fr\/wp-json\/wp\/v2\/users\/2"}],"replies":[{"embeddable":true,"href":"https:\/\/www.olcgs.org\/fr\/wp-json\/wp\/v2\/comments?post=11060"}],"version-history":[{"count":1,"href":"https:\/\/www.olcgs.org\/fr\/wp-json\/wp\/v2\/posts\/11060\/revisions"}],"predecessor-version":[{"id":11061,"href":"https:\/\/www.olcgs.org\/fr\/wp-json\/wp\/v2\/posts\/11060\/revisions\/11061"}],"wp:featuredmedia":[{"embeddable":true,"href":"https:\/\/www.olcgs.org\/fr\/wp-json\/wp\/v2\/media\/11062"}],"wp:attachment":[{"href":"https:\/\/www.olcgs.org\/fr\/wp-json\/wp\/v2\/media?parent=11060"}],"wp:term":[{"taxonomy":"category","embeddable":true,"href":"https:\/\/www.olcgs.org\/fr\/wp-json\/wp\/v2\/categories?post=11060"},{"taxonomy":"post_tag","embeddable":true,"href":"https:\/\/www.olcgs.org\/fr\/wp-json\/wp\/v2\/tags?post=11060"}],"curies":[{"name":"wp","href":"https:\/\/api.w.org\/{rel}","templated":true}]}}