{"id":11167,"date":"2025-04-06T19:11:15","date_gmt":"2025-04-06T17:11:15","guid":{"rendered":"https:\/\/www.olcgs.org\/?p=11167"},"modified":"2025-04-06T19:15:04","modified_gmt":"2025-04-06T17:15:04","slug":"5th-sunday-of-lent-reflection","status":"publish","type":"post","link":"https:\/\/www.olcgs.org\/fr\/5th-sunday-of-lent-reflection\/","title":{"rendered":"Cinqui\u00e8me dimanche de Car\u00eame \u2013 R\u00e9flexion : De la charit\u00e9 \u00e0 la justice \u00e9conomique"},"content":{"rendered":"<p>La charit\u00e9, l\u2019un des trois piliers du Car\u00eame, va bien au-del\u00e0 du simple fait de donner \u00e0 ceux qui sont dans le besoin : c\u2019est une expression puissante de solidarit\u00e9 et de compassion, qui nous invite \u00e0 reconna\u00eetre la dignit\u00e9 de chaque \u00eatre humain et \u00e0 r\u00e9pondre \u00e0 <strong>l\u2019injustice \u00e9conomique avec une g\u00e9n\u00e9rosit\u00e9 intentionnelle<\/strong>.<\/p>\n<p>Le pape Fran\u00e7ois nous rappelle souvent qu\u2019au c\u0153ur de notre humanit\u00e9 partag\u00e9e se trouve l\u2019appel \u00e0 la justice \u00e9conomique. Ce n\u2019est pas seulement un id\u00e9al noble, mais un d\u00e9fi concret : une mani\u00e8re de nous <strong>tenir aux c\u00f4t\u00e9s des plus pauvres et des plus vuln\u00e9rables de notre soci\u00e9t\u00e9<\/strong>. \u00c0 travers des initiatives telles que <em><a href=\"https:\/\/www.humandevelopment.va\/fr\/news\/2024\/istituita-la-fondazione-the-economy-of-francesco.html\">L'\u00e9conomie de Fran\u00e7ois<\/a><\/em> et ses prises de position contre les syst\u00e8mes injustes dans <em><a href=\"https:\/\/www.vatican.va\/content\/francesco\/fr\/apost_exhortations\/documents\/papa-francesco_esortazione-ap_20131124_evangelii-gaudium.html\">Evangelii Gaudium<\/a><\/em> et <em><a href=\"https:\/\/www.vatican.va\/content\/francesco\/fr\/encyclicals\/documents\/papa-francesco_20201003_enciclica-fratelli-tutti.html\">Fratelli Tutti<\/a>,<\/em> , le pape attire notre attention sur les in\u00e9galit\u00e9s flagrantes perp\u00e9tu\u00e9es par <strong>un capitalisme d\u00e9brid\u00e9, l\u2019avidit\u00e9, et des syst\u00e8mes qui privil\u00e9gient les profits aux d\u00e9pens des personnes<\/strong>.<\/p>\n<p>La Congr\u00e9gation de Notre-Dame de Charit\u00e9 du Bon Pasteur reconna\u00eet cet appel et l\u2019int\u00e8gre dans sa mission. Ancr\u00e9es dans notre <strong><a href=\"https:\/\/www.olcgs.org\/wp-content\/uploads\/2025\/10\/2022-01-13-Cong-Chap-Direction-Statement-Calls-to-Action-fr.pdf\">D\u00e9claration de position sur la justice \u00e9conomique<\/a><\/strong>, nous r\u00e9pondons aux besoins des plus exclues\u2014les femmes et les filles pi\u00e9g\u00e9es dans la pauvret\u00e9\u2014de mani\u00e8re concr\u00e8te et transformatrice. En offrant <strong>un acc\u00e8s \u00e0 l'\u00e9ducation et en enseignant aux femmes et aux filles comment utiliser et d\u00e9velopper leurs comp\u00e9tences<\/strong>, nous avons vu des transformations qui rayonnent des individus vers les familles et les communaut\u00e9s enti\u00e8res.<\/p>\n<p><strong>Un appel \u00e0 l'action<\/strong><\/p>\n<p>La justice \u00e9conomique devient r\u00e9elle par <strong>chaque acte de solidarit\u00e9<\/strong>, petit ou grand. Mais ne pense pas que ton simple acte de charit\u00e9 ce Car\u00eame est d\u00e9j\u00e0 une r\u00e9ponse \u00e0 notre appel \u00e0 la justice \u00e9conomique. Le pape Fran\u00e7ois affirme : <em>\u00ab Il ne suffit pas d\u2019apporter une aide temporaire ; il faut \u0153uvrer \u00e0 la transformation. \u00bb<\/em><\/p>\n<p><strong>La justice \u00e9conomique ne consiste pas uniquement en la charit\u00e9<\/strong>; il s\u2019agit de rendre \u00e0 chacun ce qui lui est d\u00fb et de cr\u00e9er des syst\u00e8mes qui \u00ab<em>servent les personnes, et non les profits<\/em>\u00bb. C\u2019est un appel \u00e0 l\u2019action pour nous tous, en particulier pour aborder les causes syst\u00e9miques de la pauvret\u00e9 mondiale.<\/p>\n<p>En ce temps de Car\u00eame \u2013 et au-del\u00e0 \u2013 soutiens <a href=\"https:\/\/www.fairtrade.net\/maxhavelaarfrance-fr.html\">des initiatives de commerce \u00e9quitable Fairtrade<\/a> et des entreprises \u00e9thiques, et change ton comportement pour <strong>d\u00e9fier les syst\u00e8mes qui perp\u00e9tuent l\u2019injustice \u00e9conomique<\/strong>.<\/p>","protected":false},"excerpt":{"rendered":"<p>Charity, one of the three pillars of Lent, goes beyond simply giving to those in need\u2014it\u2019s a powerful expression of solidarity and compassion that invites us to recognize the dignity of every human being and respond to economic injustice with intentional generosity. Pope Francis frequently reminds us that at the heart of our shared humanity [&hellip;]<\/p>\n","protected":false},"author":2,"featured_media":11168,"comment_status":"closed","ping_status":"open","sticky":false,"template":"","format":"standard","meta":{"footnotes":""},"categories":[65],"tags":[],"class_list":["post-11167","post","type-post","status-publish","format-standard","has-post-thumbnail","hentry","category-economic-justice"],"jetpack_featured_media_url":"https:\/\/www.olcgs.org\/wp-content\/uploads\/2025\/04\/Screenshot-2025-04-06-190940-e1743959545468.png","_links":{"self":[{"href":"https:\/\/www.olcgs.org\/fr\/wp-json\/wp\/v2\/posts\/11167","targetHints":{"allow":["GET"]}}],"collection":[{"href":"https:\/\/www.olcgs.org\/fr\/wp-json\/wp\/v2\/posts"}],"about":[{"href":"https:\/\/www.olcgs.org\/fr\/wp-json\/wp\/v2\/types\/post"}],"author":[{"embeddable":true,"href":"https:\/\/www.olcgs.org\/fr\/wp-json\/wp\/v2\/users\/2"}],"replies":[{"embeddable":true,"href":"https:\/\/www.olcgs.org\/fr\/wp-json\/wp\/v2\/comments?post=11167"}],"version-history":[{"count":2,"href":"https:\/\/www.olcgs.org\/fr\/wp-json\/wp\/v2\/posts\/11167\/revisions"}],"predecessor-version":[{"id":11170,"href":"https:\/\/www.olcgs.org\/fr\/wp-json\/wp\/v2\/posts\/11167\/revisions\/11170"}],"wp:featuredmedia":[{"embeddable":true,"href":"https:\/\/www.olcgs.org\/fr\/wp-json\/wp\/v2\/media\/11168"}],"wp:attachment":[{"href":"https:\/\/www.olcgs.org\/fr\/wp-json\/wp\/v2\/media?parent=11167"}],"wp:term":[{"taxonomy":"category","embeddable":true,"href":"https:\/\/www.olcgs.org\/fr\/wp-json\/wp\/v2\/categories?post=11167"},{"taxonomy":"post_tag","embeddable":true,"href":"https:\/\/www.olcgs.org\/fr\/wp-json\/wp\/v2\/tags?post=11167"}],"curies":[{"name":"wp","href":"https:\/\/api.w.org\/{rel}","templated":true}]}}