{"id":11351,"date":"2025-05-16T10:31:39","date_gmt":"2025-05-16T08:31:39","guid":{"rendered":"https:\/\/www.olcgs.org\/?p=11351"},"modified":"2026-04-27T12:28:20","modified_gmt":"2026-04-27T10:28:20","slug":"contemplative-reflections-universal-culture-of-justice","status":"publish","type":"post","link":"https:\/\/www.olcgs.org\/fr\/contemplative-reflections-universal-culture-of-justice\/","title":{"rendered":"R\u00e9flexions contemplatives : La culture universelle de la justice dans la vie contemplative"},"content":{"rendered":"<p data-start=\"103\" data-end=\"153\">Cinq <strong>Sessions Zoominar du bicentenaire <\/strong>auront lieu en 2025. Lors de chacune d\u2019elles, un intervenant invit\u00e9 partagera sa perspective sur la<i> dimension contemplative<\/i> de notre vie et mission de Bon Pasteur. \u00c0 la suite du webinaire le 30 avril, au cours duquel la Responsable de Congr\u00e9gation <strong>Sr. Joan Marie Lopez <\/strong>a partag\u00e9 sa r\u00e9flexion sur la <strong>Culture universelle de la justice<\/strong>, quatre s\u0153urs contemplatives livrent ci-dessous leurs t\u00e9moignages personnels sur ce th\u00e8me.<\/p>\n<p data-start=\"103\" data-end=\"153\"><strong>Par S\u0153ur Apolonia Espinal Ancasi du P\u00e9rou (Province du P\u00e9rou)<\/strong><\/p>\n<div style=\"padding: 56.25% 0 0 0; position: relative;\"><iframe style=\"position: absolute; top: 0; left: 0; width: 100%; height: 100%;\" title=\"Sr. Apolonia Espinal Ancasi, Contemplative Sisters of the Good Shepherd - Peru\" src=\"https:\/\/player.vimeo.com\/video\/1084650201?badge=0&amp;autopause=0&amp;player_id=0&amp;app_id=58479\" frameborder=\"0\"><\/iframe><\/div>\n<p><script src=\"https:\/\/player.vimeo.com\/api\/player.js\"><\/script><\/p>\n<p class=\"\" data-start=\"103\" data-end=\"153\"><strong data-start=\"1547\" data-end=\"1611\">Par S\u0153ur Maria Jos\u00e9 Ernesto de Lima, Br\u00e9sil (Province du Sud-Est de l'Am\u00e9rique latine)<\/strong><\/p>\n<blockquote data-start=\"155\" data-end=\"265\">\n<p class=\"\" style=\"padding-left: 40px;\" data-start=\"157\" data-end=\"265\"><em data-start=\"157\" data-end=\"253\">E ce que le Seigneur r\u00e9clame de toi : C'est que tu pratiques la justice, Que tu aimes la mis\u00e9ricorde, Et que tu marches humblement avec ton Dieu.<\/em> - Mich\u00e9e 6:8<\/p>\n<\/blockquote>\n<p class=\"\" style=\"padding-left: 40px;\" data-start=\"267\" data-end=\"564\">S\u0153ur Joan nous a savamment pr\u00e9sent\u00e9 sa r\u00e9flexion, en paraphrasant les paroles du proph\u00e8te - marcher humblement vers la r\u00e9alit\u00e9 qui nous entoure. Elle a dit : \"<em data-start=\"414\" data-end=\"472\">la justice commence du moment o\u00f9 nous parvenons \u00e0 voir les besoins des autres''.<\/em> En effet, la culture universelle de la justice nous appelle \u00e0 <strong>cette attention au soin, au z\u00e8le et \u00e0 la sauvegarde<\/strong>.<\/p>\n<p style=\"padding-left: 40px;\">J'aimerais partager ici mon exp\u00e9rience de la perception des besoins d'une s\u0153ur de ma communaut\u00e9 qui \u00e9tait en train de d\u00e9velopper la maladie d'Alzheimer. Au d\u00e9but, elle ne se rendait pas compte de la gravit\u00e9 de la situation et n'acceptait pas d'\u00eatre soign\u00e9e. Je lui ai donc propos\u00e9 de me charger de cette mission. Comme elle n'acceptait pas, j'ai commenc\u00e9 \u00e0 l'accompagner de mani\u00e8re subtile ; elle avait des moments de lucidit\u00e9.<\/p>\n<p style=\"padding-left: 40px;\">Ce ne fut pas un moment facile. J'ai continu\u00e9 \u00e0 prier, \u00e0 demander de la lumi\u00e8re. Petit \u00e0 petit j'ai gagn\u00e9 sa confiance. Elle s'est laiss\u00e9e soigner, elle est devenue plus calme, son comportement a chang\u00e9. Jusqu'au jour o\u00f9, dans la cour de r\u00e9cr\u00e9ation, elle m'a dit en souriant : \u00ab<em>S\u0153ur Maria Jos\u00e9 est mon aide-soignante<\/em>\u00bb. Je fus heureuse d`entendre cela.<\/p>\n<p style=\"padding-left: 40px;\">Depuis lors, la situation s'est aggrav\u00e9e. Aujourd'hui encore, je m'occupe d'elle tous les jours et j'essaie de faire de mon mieux pour qu'elle se sente bien, m\u00eame si je ne comprends rien et que je ne connais personne. <strong>L'important, c'est l'amour que je suis capable de lui donner<\/strong>.<\/p>\n<p class=\"\" style=\"padding-left: 40px;\" data-start=\"1463\" data-end=\"1545\"><em>Dieu soit lou\u00e9 pour les occasions qu'il nous donne de vivre la justice et l'amour!<\/em><\/p>\n<p>&nbsp;<\/p>\n<p><strong>Por las hermanas Carol Seigel y Sonia Reyes de <\/strong><strong>New York, USA (Province de New York \/ Toronto)\u00a0<\/strong><\/p>\n<p style=\"text-align: left; padding-left: 40px;\">La r\u00e9flexion de Sr Joan a parl\u00e9 si clairement \u00e0 nos c\u0153urs et \u00e0 nos esprits. \u00ab<em>Donne-nous un c\u0153ur enflamm\u00e9, d\u00e9fie la vision de notre vie<\/em>\u00bb, elle semblait faire \u00e9cho \u00e0 ce que disait la pri\u00e8re.<\/p>\n<p style=\"text-align: left; padding-left: 40px;\">Selon elle, la <strong>Culture universelle de la justice<\/strong> est une invitation \u00e0 une <strong>conversion profonde<\/strong>. Une transformation qui se produit sans bruit ni fanfare et qui peut m\u00eame se produire tous les jours.<\/p>\n<p style=\"text-align: left; padding-left: 40px;\">C'est l'occasion d'un changement dans notre fa\u00e7on d'\u00eatre afin que nous puissions \u00e9couter \u00e0 nouveau.<\/p>\n<p style=\"text-align: left; padding-left: 40px;\">Marcher humblement implique davantage de mouvements descendants <strong>- passer de la d\u00e9fensive \u00e0 l'ouverture, de la p\u00e9nurie \u00e0 l'abondance, de la complaisance \u00e0 la remise en question par de nouvelles possibilit\u00e9s<\/strong>\u2026.<\/p>\n<p style=\"text-align: left; padding-left: 40px;\">Voir avec de nouveaux yeux, voir avec compassion, choisir de ne pas se d\u00e9rober.<\/p>\n<p style=\"text-align: left; padding-left: 40px;\">La justice commence quand on choisit de voir et de permettre \u00e0 l'Esprit de nous pousser \u00e0 agir et \u00e0 honorer le Sacr\u00e9 dans chaque personne.<\/p>\n<p>&nbsp;<\/p>","protected":false},"excerpt":{"rendered":"<p>Five Bicentenary Jubilee Zoominar Sessions are being held in 2025, during each of which a guest speaker will share their perspective on the contemplative dimension of our Good Shepherd life and mission. Following the Zoominar on April 30, in which Congregational Leader Sr. Joan Marie Lopez offered her insight on the Universal Culture of Justice, [&hellip;]<\/p>\n","protected":false},"author":2,"featured_media":11363,"comment_status":"closed","ping_status":"open","sticky":false,"template":"","format":"standard","meta":{"footnotes":""},"categories":[50,21,51,45],"tags":[],"class_list":["post-11351","post","type-post","status-publish","format-standard","has-post-thumbnail","hentry","category-bicentenary-jubilee","category-contemplative","category-north-america","category-peru"],"jetpack_featured_media_url":"https:\/\/www.olcgs.org\/wp-content\/uploads\/2025\/05\/Screenshot-2025-05-16-160439.png","_links":{"self":[{"href":"https:\/\/www.olcgs.org\/fr\/wp-json\/wp\/v2\/posts\/11351","targetHints":{"allow":["GET"]}}],"collection":[{"href":"https:\/\/www.olcgs.org\/fr\/wp-json\/wp\/v2\/posts"}],"about":[{"href":"https:\/\/www.olcgs.org\/fr\/wp-json\/wp\/v2\/types\/post"}],"author":[{"embeddable":true,"href":"https:\/\/www.olcgs.org\/fr\/wp-json\/wp\/v2\/users\/2"}],"replies":[{"embeddable":true,"href":"https:\/\/www.olcgs.org\/fr\/wp-json\/wp\/v2\/comments?post=11351"}],"version-history":[{"count":13,"href":"https:\/\/www.olcgs.org\/fr\/wp-json\/wp\/v2\/posts\/11351\/revisions"}],"predecessor-version":[{"id":14412,"href":"https:\/\/www.olcgs.org\/fr\/wp-json\/wp\/v2\/posts\/11351\/revisions\/14412"}],"wp:featuredmedia":[{"embeddable":true,"href":"https:\/\/www.olcgs.org\/fr\/wp-json\/wp\/v2\/media\/11363"}],"wp:attachment":[{"href":"https:\/\/www.olcgs.org\/fr\/wp-json\/wp\/v2\/media?parent=11351"}],"wp:term":[{"taxonomy":"category","embeddable":true,"href":"https:\/\/www.olcgs.org\/fr\/wp-json\/wp\/v2\/categories?post=11351"},{"taxonomy":"post_tag","embeddable":true,"href":"https:\/\/www.olcgs.org\/fr\/wp-json\/wp\/v2\/tags?post=11351"}],"curies":[{"name":"wp","href":"https:\/\/api.w.org\/{rel}","templated":true}]}}