{"id":11373,"date":"2025-05-20T10:15:13","date_gmt":"2025-05-20T08:15:13","guid":{"rendered":"https:\/\/www.olcgs.org\/?p=11373"},"modified":"2025-05-30T17:49:58","modified_gmt":"2025-05-30T15:49:58","slug":"a-journey-of-faith-sr-hedwig-joehl","status":"publish","type":"post","link":"https:\/\/www.olcgs.org\/fr\/a-journey-of-faith-sr-hedwig-joehl\/","title":{"rendered":"Un chemin de foi : S\u0153ur Hedwig Joehl r\u00e9fl\u00e9chit sur la trame sacr\u00e9e de la vie"},"content":{"rendered":"<p>Par <em>Par Sr. Hedwig Joehl, Suisse (Province Autriche\/Suisse\/Rep. Tch\u00e8que)<\/em><\/p>\n<p style=\"text-align: center;\"><strong><em>\u00ab L\u2019ob\u00e9issance est une qu\u00eate commune de la volont\u00e9 de Dieu. C\u2019est diff\u00e9rent de la simple ob\u00e9issance \u00e0 un sup\u00e9rieur.\u00bb (S\u0153ur Hedwig Joehl)\u00a0 <\/em>(S\u0153ur Hedwig Joehl)<\/strong><\/p>\n<p>D\u00e9couvrir et comprendre le dessein de Dieu pour moi a \u00e9t\u00e9 \u00e0 la fois une le\u00e7on <strong>d\u2019humilit\u00e9 et une source de force<\/strong>. Ce chemin est fa\u00e7onn\u00e9 non seulement par ma relation personnelle avec Dieu, mais aussi par mes interactions avec les autres : les vies que je touche et celles qui, \u00e0 leur tour, touchent la mienne. Gr\u00e2ce \u00e0 des exp\u00e9riences de connexion profonde, d\u2019humanit\u00e9 partag\u00e9e et de respect mutuel, j\u2019en suis venue \u00e0 consid\u00e9rer mon chemin comme une partie d\u2019une trame <strong>sacr\u00e9e plus vaste,<\/strong> qui englobe des personnes de toutes confessions et croyances, ou agnostiques. C\u2019est sur ce chemin que j\u2019ai pris conscience de la belle v\u00e9rit\u00e9 universelle d\u2019une mission commune : prot\u00e9ger, ne pas nuire et prendre soin de l\u2019humanit\u00e9.<\/p>\n<p>Un moment important de ma foi et de ma d\u00e9termination s'est produit lorsque j'ai d\u00fb prendre une d\u00e9cision importante concernant mon lieu de r\u00e9sidence, apr\u00e8s avoir quitt\u00e9 Gen\u00e8ve en 2016. Ma premi\u00e8re r\u00e9action a \u00e9t\u00e9 d'affirmer avec assurance : ''<em>Je peux vivre n'importe o\u00f9<\/em>.'' Cependant, en r\u00e9fl\u00e9chissant profond\u00e9ment dans la pri\u00e8re et en recherchant la volont\u00e9 divine, cette d\u00e9cision a eu plus d'importance que je ne le pensais. Il devenait \u00e9vident qu'il ne s'agissait pas seulement d'une question de g\u00e9ographie, mais de vivre intentionnellement selon la volont\u00e9 de Dieu. Apr\u00e8s m\u00fbre <strong>r\u00e9flexion et discernement spirituel<\/strong>, je me suis install\u00e9e \u00e0 Saint-Gall, en Suisse. J'y ai trouv\u00e9 non seulement un environnement nourrissant pour mon \u00e2me, mais aussi des occasions de servir par l'engagement communautaire et le lien.<\/p>\n<p>Ce processus m'a permis de tirer une le\u00e7on profonde : l'ob\u00e9issance \u00e0 la volont\u00e9 de Dieu n'est pas un abandon passif, mais une recherche active et mutuelle d'alignement avec le dessein divin. C'est dans cette ob\u00e9issance partag\u00e9e que se construit la confiance et que l'accomplissement de l'appel devient clair.<\/p>\n<p><strong>Comprendre par la connexion<\/strong><\/p>\n<p><img fetchpriority=\"high\" decoding=\"async\" class=\"alignleft size-full wp-image-11669\" src=\"https:\/\/www.olcgs.org\/wp-content\/uploads\/2025\/05\/Sr.-Hedwig-1.jpg\" alt=\"\" width=\"185\" height=\"320\" srcset=\"https:\/\/www.olcgs.org\/wp-content\/uploads\/2025\/05\/Sr.-Hedwig-1.jpg 185w, https:\/\/www.olcgs.org\/wp-content\/uploads\/2025\/05\/Sr.-Hedwig-1-173x300.jpg 173w, https:\/\/www.olcgs.org\/wp-content\/uploads\/2025\/05\/Sr.-Hedwig-1-7x12.jpg 7w\" sizes=\"(max-width: 185px) 100vw, 185px\" \/>Tout au long de ma vie professionnelle, j'ai \u00e9t\u00e9 t\u00e9moin de la puissance de la connexion ancr\u00e9e dans la foi et la compassion. Une relation particuli\u00e8rement poignante a \u00e9t\u00e9 celle que j'ai eue avec une femme musulmane syrienne, rencontr\u00e9e par l'interm\u00e9diaire de son mari, mon coiffeur. Son visage s'est illumin\u00e9 lorsque je lui ai tendu la main, signe d'amiti\u00e9 dont elle avait tant besoin dans un pays inconnu. Malgr\u00e9 la barri\u00e8re de la langue, nous avons nou\u00e9 une relation fond\u00e9e sur<strong> la confiance, le respect mutuel et le partage d'exp\u00e9riences <\/strong>issues de diff\u00e9rentes croyances. Des moments comme tenir son nouveau-n\u00e9 dans mes bras \u2013 signe de sa confiance et de sa foi \u2013 m'ont rappel\u00e9 la profondeur de l'humanit\u00e9 qui nous unit tous, quelles que soient notre religion ou notre culture.<\/p>\n<p>D\u00e9couvrir sa foi, ses pratiques uniques et sa vie de famille m'a \u00e9galement ouvert les yeux sur les nuances de la spiritualit\u00e9 au quotidien. Finalement, cette relation est devenue le reflet de la fa\u00e7on dont une vie de foi authentique peut combler les divisions et cr\u00e9er des espaces sacr\u00e9s de compr\u00e9hension.<\/p>\n<p>Une exp\u00e9rience similaire s'est produite lors de l'animation d'un programme de partage de la foi. Des personnes engag\u00e9es dans une pri\u00e8re personnelle profonde et la Parole de Dieu ont connu une croissance remarquable dans leur cheminement de foi. Ces s\u00e9ances ne portaient pas seulement sur la connaissance des \u00c9critures, mais sur la mise en pratique de ces enseignements au quotidien. Observer cette transformation a confirm\u00e9 pour moi le concept de la foi en action, o\u00f9 la Parole devient vie.<\/p>\n<p><strong>Notre cheminement commun en Dieu<\/strong><\/p>\n<p>Il existe une profonde interconnexion dans nos cheminements spirituels, notamment en ce qui concerne le souci des autres et le respect de la dignit\u00e9 humaine. En participant \u00e0 des cercles de partage biblique, \u00e0 des retraites interconfessionnelles et \u00e0 mon travail de protection, j'ai constat\u00e9 l'universalit\u00e9 des principes de non-malveillance, de compassion et d'\u00e9l\u00e9vation. Se r\u00e9unir avec des personnes qui abordent la spiritualit\u00e9 \u00e0 travers des r\u00e9cits diff\u00e9rents r\u00e9v\u00e8le toujours une v\u00e9rit\u00e9 commune :<strong>refl\u00e9ter l'amour et la justice de Dieu dans le monde<\/strong>.<\/p>\n<p>\u00c0 la fin du Ramadan cette ann\u00e9e, j'ai \u00e9t\u00e9 t\u00e9moin de cette compr\u00e9hension commune du but de la vie en \u00e9changeant avec des musulmans de ma communaut\u00e9. Leur engagement envers le je\u00fbne et la pri\u00e8re, parall\u00e8lement \u00e0 mon amour de la m\u00e9ditation et des \u00c9critures, a soulign\u00e9 l'universalit\u00e9 de la discipline spirituelle. Ces moments de r\u00e9flexion mutuelle m'ont rappel\u00e9 que la protection ne se limite pas \u00e0 la protection du bien-\u00eatre physique ; elle inclut \u00e9galement le soin du c\u0153ur, de l'esprit et de l'\u00e2me, ainsi que le respect de la dignit\u00e9 inh\u00e9rente \u00e0 chaque vie humaine. Le\u00e7ons de foi et d'action.<\/p>\n<p><strong>Le\u00e7ons de foi et d'action<\/strong><\/p>\n<p>Ces exp\u00e9riences m'ont appris que la foi n'est pas passive, mais appelle \u00e0 une ob\u00e9issance active \u2013 \u00e0 un engagement envers la volont\u00e9 de Dieu par le discernement et l'action intentionnelle. J'ai d\u00e9couvert qu'une <strong>v\u00e9ritable connexion peut transcender les fronti\u00e8res linguistiques, culturelles et religieuses<\/strong>, fond\u00e9e sur des valeurs communes comme la confiance et l'amour. J'ai \u00e9galement compris qu'au-del\u00e0 des diff\u00e9rentes confessions, il existe une mission commune : prot\u00e9ger la dignit\u00e9 humaine et prendre soin des plus vuln\u00e9rables. Plus important encore, j'ai compris que la croissance spirituelle s'\u00e9panouit au sein d'une communaut\u00e9, o\u00f9 la foi partag\u00e9e approfondit notre compr\u00e9hension de la Parole de Dieu et inspire une transformation durable.<\/p>\n<p><strong>Vivre notre vocation ensemble<\/strong><\/p>\n<p>En fin de compte, mes r\u00e9flexions renforcent la conviction que nos cheminements, bien que personnels, sont profond\u00e9ment li\u00e9s par une histoire sup\u00e9rieure \u00e9crite par Dieu. Chaque interaction, chaque relation et chaque choix guid\u00e9s par la foi offrent une occasion sacr\u00e9e de grandir et de s'\u00e9lever mutuellement. Que ce soit en \u0153uvrant dans le cadre de programmes de protection ou en tissant des liens avec une personne au-del\u00e0 des fronti\u00e8res religieuses, mon objectif est clair : marcher sans crainte dans la foi et la compassion, \u00e0 l'instar de <strong>Jean-Baptiste<\/strong> tout en aidant les autres dans leur cheminement spirituel et personnel.<\/p>\n<p>Mon esp\u00e9rance \u2013 et ce \u00e0 quoi je vous invite - aborder votre cheminement de foi comme une vocation \u00e0 cr\u00e9er des communaut\u00e9s o\u00f9 chaque \u00eatre humain se sent vu, valoris\u00e9 et aim\u00e9. Ensemble, nos chemins personnels peuvent tisser une histoire collective qui illumine la pr\u00e9sence de Dieu dans notre mission commune de prendre soin de l'humanit\u00e9.<\/p>\n<p>&nbsp;<\/p>","protected":false},"excerpt":{"rendered":"<p>By Sr. Hedwig Joehl, Switzerland (Province of Austria\/Switzerland\/Czech Republic) &#8220;Obedience is a shared pursuit of God&#8217;s will. That&#8217;s different than simply obeying a superior.&#8221;\u00a0 (Sr. Hedwig Joehl) Finding and understanding God\u2019s purpose for me has been both humbling and empowering. It is a path not just shaped by my personal relationship with God, but also [&hellip;]<\/p>\n","protected":false},"author":2,"featured_media":11409,"comment_status":"closed","ping_status":"open","sticky":false,"template":"","format":"standard","meta":{"footnotes":""},"categories":[79],"tags":[],"class_list":["post-11373","post","type-post","status-publish","format-standard","has-post-thumbnail","hentry","category-switzerland"],"jetpack_featured_media_url":"https:\/\/www.olcgs.org\/wp-content\/uploads\/2025\/05\/Hedwig-2.jpg","_links":{"self":[{"href":"https:\/\/www.olcgs.org\/fr\/wp-json\/wp\/v2\/posts\/11373","targetHints":{"allow":["GET"]}}],"collection":[{"href":"https:\/\/www.olcgs.org\/fr\/wp-json\/wp\/v2\/posts"}],"about":[{"href":"https:\/\/www.olcgs.org\/fr\/wp-json\/wp\/v2\/types\/post"}],"author":[{"embeddable":true,"href":"https:\/\/www.olcgs.org\/fr\/wp-json\/wp\/v2\/users\/2"}],"replies":[{"embeddable":true,"href":"https:\/\/www.olcgs.org\/fr\/wp-json\/wp\/v2\/comments?post=11373"}],"version-history":[{"count":2,"href":"https:\/\/www.olcgs.org\/fr\/wp-json\/wp\/v2\/posts\/11373\/revisions"}],"predecessor-version":[{"id":11670,"href":"https:\/\/www.olcgs.org\/fr\/wp-json\/wp\/v2\/posts\/11373\/revisions\/11670"}],"wp:featuredmedia":[{"embeddable":true,"href":"https:\/\/www.olcgs.org\/fr\/wp-json\/wp\/v2\/media\/11409"}],"wp:attachment":[{"href":"https:\/\/www.olcgs.org\/fr\/wp-json\/wp\/v2\/media?parent=11373"}],"wp:term":[{"taxonomy":"category","embeddable":true,"href":"https:\/\/www.olcgs.org\/fr\/wp-json\/wp\/v2\/categories?post=11373"},{"taxonomy":"post_tag","embeddable":true,"href":"https:\/\/www.olcgs.org\/fr\/wp-json\/wp\/v2\/tags?post=11373"}],"curies":[{"name":"wp","href":"https:\/\/api.w.org\/{rel}","templated":true}]}}