{"id":12251,"date":"2025-07-11T10:35:46","date_gmt":"2025-07-11T08:35:46","guid":{"rendered":"https:\/\/www.olcgs.org\/?p=12251"},"modified":"2025-07-29T10:56:53","modified_gmt":"2025-07-29T08:56:53","slug":"grace-and-renewal-argentina-and-uruguay","status":"publish","type":"post","link":"https:\/\/www.olcgs.org\/fr\/grace-and-renewal-argentina-and-uruguay\/","title":{"rendered":"Gr\u00e2ce et renouveau : \nVisite des responsables de la congr\u00e9gation dans la Province d'Argentine et d'Uruguay"},"content":{"rendered":"<p>Du 25 juin au 5 juillet 2025, une grande b\u00e9n\u00e9diction pour la province d'Argentine-Uruguay : la visite de membres de l'Equipe de Direction de la Congr\u00e9gation, leur pr\u00e9sence a \u00e9t\u00e9 un v\u00e9ritable don de Dieu pour nos communaut\u00e9s.<\/p>\n<p>Nous avons fait l'exp\u00e9rience de la profonde compassion et de la tendresse de J\u00e9sus, le Bon Pasteur, gr\u00e2ce \u00e0 des contacts \u00e9troits avec S\u0153ur Joan Marie Lopez, notre Responsable de Congr\u00e9gation, et les membres de son Conseil : S\u0153urs Mirjam Beike, Erika Sanchez, Yolanda Borbon et Edith Olaguer. Au cours de ces journ\u00e9es, nous avons partag\u00e9 <strong>des dialogues pleins de richesse, des moments de formation et de renouveau, et de joyeuses c\u00e9l\u00e9brations de pri\u00e8re.<\/strong>.<\/p>\n<p>Elles ont visit\u00e9 des villes d'Argentine comme Buenos Aires, La Rioja et C\u00f3rdoba, o\u00f9 elles ont rencontr\u00e9 des s\u0153urs de toute la Province, ainsi qu'\u00e0 Montevideo en Uruguay. Chaque rencontre a \u00e9t\u00e9 une exp\u00e9rience enrichissante qui a <strong>renouvel\u00e9 l'engagement et renforc\u00e9 l'esprit de chacun<\/strong>. Nous sommes sinc\u00e8rement reconnaissantes \u00e0 nos ch\u00e8res s\u0153urs pour leur d\u00e9vouement envers chaque communaut\u00e9 qu'elles ont visit\u00e9e.<\/p>\n<p><img fetchpriority=\"high\" decoding=\"async\" class=\"aligncenter size-large wp-image-12256\" src=\"https:\/\/www.olcgs.org\/wp-content\/uploads\/2025\/07\/La-Rioja-5_ed-1-1024x540.jpeg\" alt=\"\" width=\"800\" height=\"422\" srcset=\"https:\/\/www.olcgs.org\/wp-content\/uploads\/2025\/07\/La-Rioja-5_ed-1-1024x540.jpeg 1024w, https:\/\/www.olcgs.org\/wp-content\/uploads\/2025\/07\/La-Rioja-5_ed-1-300x158.jpeg 300w, https:\/\/www.olcgs.org\/wp-content\/uploads\/2025\/07\/La-Rioja-5_ed-1-768x405.jpeg 768w, https:\/\/www.olcgs.org\/wp-content\/uploads\/2025\/07\/La-Rioja-5_ed-1-18x9.jpeg 18w, https:\/\/www.olcgs.org\/wp-content\/uploads\/2025\/07\/La-Rioja-5_ed-1.jpeg 1351w\" sizes=\"(max-width: 800px) 100vw, 800px\" \/><\/p>\n<p>Le s\u00e9jour des s\u0153urs Joan, Mirjam et Edith dans notre communaut\u00e9 contemplative de La Rioja a \u00e9t\u00e9 un moment particuli\u00e8rement \u00e9mouvant. Pendant deux jours, nous avons partag\u00e9 une communion fraternelle, d\u00e9couvrant la pr\u00e9sence de Dieu dans nos vies de mani\u00e8re profonde et significative. Chaque s\u0153ur a pu ouvrir son c\u0153ur et r\u00e9fl\u00e9chir aux d\u00e9fis actuels de la vie contemplative. Nous nous sommes senties <strong>\u00e9cout\u00e9es, accueillies et renforc\u00e9es<\/strong> dans notre r\u00e9alit\u00e9 communautaire.<\/p>\n<p>La pr\u00e9sence de nos Responsables de Congr\u00e9gation parmi nous a \u00e9t\u00e9 une joie profonde ; nous nous sommes senties <strong>accompagn\u00e9es, inspir\u00e9es et soutenues dans notre foi<\/strong>. Nous sommes convaincues qu'avec la gr\u00e2ce de Dieu, nous pourrons mettre en pratique leurs paroles et leurs recommandations, toujours guid\u00e9es par l'Esprit Saint. Continuons \u00e0 soutenir leur leadership transformateur par nos pri\u00e8res.<\/p>\n<p>La c\u00e9l\u00e9bration eucharistique avec <strong>les partenaires contemplatifs en mission<\/strong> a \u00e9t\u00e9 un moment de communion privil\u00e9gi\u00e9. Ils ont exprim\u00e9, avec simplicit\u00e9 et profondeur, comment ils vivent la dimension contemplative au quotidien, enrichissant ainsi cette rencontre spirituelle.<\/p>\n<p><img decoding=\"async\" class=\"aligncenter size-large wp-image-12258\" src=\"https:\/\/www.olcgs.org\/wp-content\/uploads\/2025\/07\/Buenos-Aires-5_ed-1-1024x614.jpeg\" alt=\"\" width=\"800\" height=\"480\" srcset=\"https:\/\/www.olcgs.org\/wp-content\/uploads\/2025\/07\/Buenos-Aires-5_ed-1-1024x614.jpeg 1024w, https:\/\/www.olcgs.org\/wp-content\/uploads\/2025\/07\/Buenos-Aires-5_ed-1-300x180.jpeg 300w, https:\/\/www.olcgs.org\/wp-content\/uploads\/2025\/07\/Buenos-Aires-5_ed-1-768x461.jpeg 768w, https:\/\/www.olcgs.org\/wp-content\/uploads\/2025\/07\/Buenos-Aires-5_ed-1-18x12.jpeg 18w, https:\/\/www.olcgs.org\/wp-content\/uploads\/2025\/07\/Buenos-Aires-5_ed-1.jpeg 1339w\" sizes=\"(max-width: 800px) 100vw, 800px\" \/><\/p>\n<p>Les s\u0153urs et les partenaires en mission d'Argentine et d'Uruguay ont profond\u00e9ment appr\u00e9ci\u00e9 le temps, la sagesse et les exp\u00e9riences de vie partag\u00e9s par les responsables de Congr\u00e9gation, qui ont d\u00e9montr\u00e9 leur engagement inlassable pour rester fid\u00e8les \u00e0 la mission du Bon Pasteur qui leur a \u00e9t\u00e9 confi\u00e9e.<\/p>\n<p>Continuons \u00e0 avancer ensemble, dans la pri\u00e8re, avec <strong>une esp\u00e9rance renouvel\u00e9e et un c\u0153ur ouvert<\/strong>pour refl\u00e9ter l'amour compatissant de Dieu dans chaque recoin de l'Argentine et de l'Uruguay.<\/p>\n<p>&nbsp;<\/p>\n<p><em>Suivez la province d'Argentine et d'Uruguay <\/em><a href=\"https:\/\/www.facebook.com\/buenpastor.arguru\/\" target=\"_blank\" rel=\"noopener\"><em>Facebook page<\/em><\/a><em> et <\/em><a href=\"https:\/\/www.instagram.com\/buenpastor.arguru\" target=\"_blank\" rel=\"noopener\"><em>Instagram profile<\/em><\/a><em>.<\/em><\/p>","protected":false},"excerpt":{"rendered":"<p>From June 25 to July 5, 2025, the Province of Argentina-Uruguay had the great blessing of receiving a visit from members of the Congregational Leadership Team \u2013 the presence of whom was a true gift from God for our communities. We experienced the deep compassion and tenderness of Jesus the Good Shepherd through close contact [&hellip;]<\/p>\n","protected":false},"author":2,"featured_media":12254,"comment_status":"closed","ping_status":"open","sticky":false,"template":"","format":"standard","meta":{"footnotes":""},"categories":[74,73],"tags":[],"class_list":["post-12251","post","type-post","status-publish","format-standard","has-post-thumbnail","hentry","category-argentina","category-uruguay"],"jetpack_featured_media_url":"https:\/\/www.olcgs.org\/wp-content\/uploads\/2025\/07\/Cordoba-6_ed.jpeg","_links":{"self":[{"href":"https:\/\/www.olcgs.org\/fr\/wp-json\/wp\/v2\/posts\/12251","targetHints":{"allow":["GET"]}}],"collection":[{"href":"https:\/\/www.olcgs.org\/fr\/wp-json\/wp\/v2\/posts"}],"about":[{"href":"https:\/\/www.olcgs.org\/fr\/wp-json\/wp\/v2\/types\/post"}],"author":[{"embeddable":true,"href":"https:\/\/www.olcgs.org\/fr\/wp-json\/wp\/v2\/users\/2"}],"replies":[{"embeddable":true,"href":"https:\/\/www.olcgs.org\/fr\/wp-json\/wp\/v2\/comments?post=12251"}],"version-history":[{"count":4,"href":"https:\/\/www.olcgs.org\/fr\/wp-json\/wp\/v2\/posts\/12251\/revisions"}],"predecessor-version":[{"id":12260,"href":"https:\/\/www.olcgs.org\/fr\/wp-json\/wp\/v2\/posts\/12251\/revisions\/12260"}],"wp:featuredmedia":[{"embeddable":true,"href":"https:\/\/www.olcgs.org\/fr\/wp-json\/wp\/v2\/media\/12254"}],"wp:attachment":[{"href":"https:\/\/www.olcgs.org\/fr\/wp-json\/wp\/v2\/media?parent=12251"}],"wp:term":[{"taxonomy":"category","embeddable":true,"href":"https:\/\/www.olcgs.org\/fr\/wp-json\/wp\/v2\/categories?post=12251"},{"taxonomy":"post_tag","embeddable":true,"href":"https:\/\/www.olcgs.org\/fr\/wp-json\/wp\/v2\/tags?post=12251"}],"curies":[{"name":"wp","href":"https:\/\/api.w.org\/{rel}","templated":true}]}}