{"id":12449,"date":"2025-08-02T16:21:17","date_gmt":"2025-08-02T14:21:17","guid":{"rendered":"https:\/\/www.olcgs.org\/?p=12449"},"modified":"2025-09-01T12:45:13","modified_gmt":"2025-09-01T10:45:13","slug":"called-to-love-reflections-after-final-vows","status":"publish","type":"post","link":"https:\/\/www.olcgs.org\/fr\/called-to-love-reflections-after-final-vows\/","title":{"rendered":"Appel\u00e9es \u00e0 Aimer : R\u00e9flexions apr\u00e8s les V\u0153ux Perp\u00e9tuels"},"content":{"rendered":"<p><em><strong>Le 2 ao\u00fbt 2025,<\/strong> Quatre s\u0153urs ont prononc\u00e9 leurs v\u0153ux d\u00e9finitifs \u00e0 Madagascar, marquant non pas la fin du voyage, mais <strong>le d\u00e9but d'un engagement plus profond et durable envers la mission du Bon Pasteur<\/strong>. <\/em><em>Ils partagent ici les moments qui ont marqu\u00e9 leur parcours, les joies qui les ont soutenus et l'amour qui continue de les faire avancer.<\/em><\/p>\n<h4 style=\"text-align: left;\"><strong>Un chemin de foi au-del\u00e0 des fronti\u00e8res\u00a0<\/strong> (<em>S\u0153ur Esther Soanome Razanamalala, RGS)<\/em><\/h4>\n<p>En cette septi\u00e8me ann\u00e9e en tant que S\u0153ur NDC du Bon Pasteur, je repense \u00e0 un parcours rempli de gr\u00e2ces inattendues. Apr\u00e8s ma formation professionnelle, j\u2019ai \u00e9t\u00e9 envoy\u00e9e pour une <strong>ann\u00e9e de formation internationale en France<\/strong>. Au d\u00e9but, j\u2019\u00e9tais d\u00e9pass\u00e9e : vivre dans un nouveau pays, m\u2019adapter \u00e0 de nouvelles coutumes, apprendre une nouvelle langue. Mais \u00e0 travers tout cela, j\u2019ai d\u00e9couvert la beaut\u00e9 de me laisser guider par le plan de Dieu.<\/p>\n<p>Ce qui a particuli\u00e8rement nourri ma foi, ce furent les visites aux lieux <strong>lieux sacr\u00e9s li\u00e9s \u00e0 nos fondateurs \u2013 Caen, Noirmoutier, et la Maison-M\u00e8re \u00e0 Angers<\/strong>. Marcher l\u00e0 o\u00f9 ils ont march\u00e9 a renouvel\u00e9 mon sens de la mission et mon d\u00e9sir de suivre J\u00e9sus, le Bon Pasteur, avec encore plus de conviction.<\/p>\n<p>Mon service aupr\u00e8s des personnes \u00e2g\u00e9es et des personnes en situation de handicap a aussi \u00e9t\u00e9 transformateur. Leur r\u00e9silience et leur douceur m\u2019ont appris \u00e0 incarner l\u2019amour du Christ dans de petits gestes concrets \u2013 \u00e0 travers l\u2019\u00e9coute, la pr\u00e9sence et la compassion.<\/p>\n<p>Ce qui maintient vivant mon z\u00e8le, c\u2019est de savoir que <strong>J\u00e9sus m\u2019a appel\u00e9e par mon nom pour L\u2019aimer et Le servir<\/strong> J\u2019ai librement choisi de Le suivre chaque jour, dans la joie comme dans la croix <em>Sa gr\u00e2ce me porte, et sa mission donne un sens \u00e0 ma vie.<\/em><\/p>\n<h4 style=\"text-align: left;\"><strong>\u00ab\u202fLa Mis\u00e9ricorde comme lumi\u00e8re sur mon chemin\u202f\u00bb <\/strong><em>(S\u0153ur Bienvenue Randriamananantsoa, RGS)<\/em><\/h4>\n<p>Apr\u00e8s six ans de vie religieuse, je peux dire que <strong>ma plus grande d\u00e9couverte est la profondeur de la mis\u00e9ricorde de Dieu<\/strong>. Elle m\u2019a port\u00e9e \u00e0 travers des adieux douloureux, des \u00e9preuves personnelles, et des \u00e9tapes de croissance. La mis\u00e9ricorde de Dieu s\u2019est manifest\u00e9e \u00e0 moi \u00e0 travers la patience de ma communaut\u00e9, le courage de chercher la r\u00e9conciliation, et la force de me relever apr\u00e8s l\u2019\u00e9chec.<\/p>\n<p>Ce chemin de <strong>transformation int\u00e9rieure<\/strong> n\u2019a pas toujours \u00e9t\u00e9 facile. Quitter ma maison, ma famille, et ce qui m\u2019\u00e9tait familier a \u00e9t\u00e9 douloureux. Pourtant, c\u2019est justement dans ces moments-l\u00e0 que j\u2019ai rencontr\u00e9 l\u2019amour fid\u00e8le du Christ. J\u2019ai appris que la fid\u00e9lit\u00e9 ne r\u00e9side pas dans la perfection, mais dans la confiance<strong>\u2013 la confiance en Celui qui m\u2019a appel\u00e9e<\/strong>.<\/p>\n<p>C\u2019est ma relation avec J\u00e9sus qui me fait avancer. Dans la pri\u00e8re, les sacrements, le silence, je reviens \u00e0 Lui encore et encore. Sa pr\u00e9sence renouvelle mes forces et me donne du courage quand je suis fatigu\u00e9e. Je ne marche pas par mes propres forces. <em>Je marche avec sa gr\u00e2ce. Et cette \u201cgr\u00e2ce me suffit<\/em>.<\/p>\n<h4 style=\"text-align: left;\"><strong>\u00ab\u202fTrouver J\u00e9sus chez les plus petits\u202f\u00bb<\/strong><em> (S\u0153ur Judith Voahary Nandrianina, RGS)<\/em><\/h4>\n<p>L\u2019un des chapitres les plus marquants de mes huit ann\u00e9es de formation fut les deux ann\u00e9es pass\u00e9es au <strong>Centre Fihavanana<\/strong>, aupr\u00e8s <strong>d\u2019enfants et de jeunes filles vuln\u00e9rables<\/strong>. C\u2019\u00e9tait un lieu o\u00f9 la joie et la souffrance coexistaient. Ces jeunes vies \u2013<strong>souvent marqu\u00e9es par de grandes difficult\u00e9s<\/strong>\u2013 rayonnaient d\u2019une joie qui me touchait profond\u00e9ment. J\u2019\u00e9tais honor\u00e9e d\u2019\u00eatre parmi elles.<\/p>\n<p>Servir au Centre m\u2019a permis de mettre en pratique tout ce que j\u2019avais appris, sur le plan spirituel comme professionnel. J\u2019ai utilis\u00e9 mes talents et ma formation non seulement pour enseigner ou soutenir, mais pour aimer. J\u2019ai mieux <em>\u00e0 <\/em><strong>compris ce que signifie \u00eatre une S\u0153ur NDC du Bon Pasteur<\/strong>: <em>reconna\u00eetre le Christ dans les pauvres et les souffrants, et Le servir avec z\u00e8le et tendresse.<\/em><\/p>\n<p>Aujourd\u2019hui, alors que je prononce mes v\u0153ux perp\u00e9tuels, mon c\u0153ur d\u00e9borde de gratitude. Je suis \u00e9merveill\u00e9e par la gr\u00e2ce re\u00e7ue tout au long de ce parcours. Je remercie Dieu de m\u2019avoir appel\u00e9e, et la Congr\u00e9gation de m\u2019avoir accueillie. <em>Ma mission devient maintenant une offrande permanente \u2013 un \u202f\u201doui Joyeux\u201d pour marcher aux c\u00f4t\u00e9s des plus vuln\u00e9rables de la soci\u00e9t\u00e9<\/em>.<\/p>\n<h4 style=\"text-align: left;\"><em>\u00a0<\/em><strong>\u00ab\u202fLa force dans la communaut\u00e9 et la gr\u00e2ce\u202f\u00bb <\/strong><em>(S\u0153ur Lydia Lalaina, RGS)<\/em><\/h4>\n<p style=\"text-align: left;\">Au cours de mes sept ann\u00e9es de vie consacr\u00e9e, j\u2019ai profond\u00e9ment d\u00e9couvert <strong>la puissance soutenante de l\u2019amour de Dieu<\/strong>. Cet Amour m\u2019a appel\u00e9e \u00e0 servir les marginalis\u00e9s et \u00e0 \u00eatre t\u00e9moin de la mis\u00e9ricorde du Christ partout o\u00f9 je suis envoy\u00e9e. M\u00eame dans les moments difficiles, j\u2019ai trouv\u00e9 la joie \u2013 non dans les circonstances, mais dans la pr\u00e9sence de J\u00e9sus.<\/p>\n<p><strong>La pri\u00e8re<\/strong> reste au <strong>c\u0153ur de mon cheminement<\/strong>. C\u2019est dans le silence, devant le Seigneur, que j\u2019entends le plus clairement sa Voix. Son Amour est ce qui nourrit mon \u00e9nergie et ma passion. Quand je me sens d\u00e9pass\u00e9e, je retourne \u00e0 ce puits de gr\u00e2ce o\u00f9 je retrouve la force.<\/p>\n<p><strong>La vie communautaire<\/strong> a aussi \u00e9t\u00e9 une <strong>grande \u00e9cole de croissance<\/strong>. Vivre, prier, et servir avec d\u2019autres s\u0153urs m\u2019ont appris l\u2019humilit\u00e9, la patience, et la joie dans une mission partag\u00e9e. C\u2019est dans ces lieux de dialogue et de soutien mutuel que je sens Dieu vivant au milieu de nous.<\/p>\n<p>Ma formation continue chaque jour par l\u2019engagement, le don de soi, et le d\u00e9sir de cro\u00eetre personnellement et spirituellement. <em>. J\u2019avance avec une confiance totale en Dieu \u2013 dans la pers\u00e9v\u00e9rance, l\u2019esp\u00e9rance, et un amour profond pour ceux et celles vers lesquels je suis envoy\u00e9e.<\/em><\/p>\n<p><em>\u00a0<\/em><strong>Une mission commune d\u2019Esp\u00e9rance<\/strong><\/p>\n<p><em>M\u00eame si chacune de leurs histoires est unique, elles partagent une mission commune : \u00eatre des femmes d\u2019esp\u00e9rance dans un monde assoiff\u00e9 de gu\u00e9rison et de compassion. Elles ont dit \u00ab\u202foui\u202f\u00bb \u00e0 une vie de pri\u00e8re, de service et d\u2019amour. Elles ont choisi de marcher avec le Christ, le Bon Pasteur, qui cherche les \u00e9gar\u00e9s, console les c\u0153urs bris\u00e9s, et ne se lasse jamais d\u2019aimer.<\/em><\/p>","protected":false},"excerpt":{"rendered":"<p>On August 2, 2025, four sisters made their final vows in Madagascar, marking not the end of the journey, but the beginning of a deeper, lifelong commitment to the Good Shepherd mission. Here they share the moments that defined their journey, the joys that sustained them, and the love that continues to call them forward. [&hellip;]<\/p>\n","protected":false},"author":5,"featured_media":12511,"comment_status":"closed","ping_status":"open","sticky":false,"template":"","format":"standard","meta":{"footnotes":""},"categories":[33,98],"tags":[],"class_list":["post-12449","post","type-post","status-publish","format-standard","has-post-thumbnail","hentry","category-les-isles","category-madagascar"],"jetpack_featured_media_url":"https:\/\/www.olcgs.org\/wp-content\/uploads\/2025\/08\/WhatsApp-Image-2025-08-06-at-10.06.23_e87dd5f7_ed.jpg","_links":{"self":[{"href":"https:\/\/www.olcgs.org\/fr\/wp-json\/wp\/v2\/posts\/12449","targetHints":{"allow":["GET"]}}],"collection":[{"href":"https:\/\/www.olcgs.org\/fr\/wp-json\/wp\/v2\/posts"}],"about":[{"href":"https:\/\/www.olcgs.org\/fr\/wp-json\/wp\/v2\/types\/post"}],"author":[{"embeddable":true,"href":"https:\/\/www.olcgs.org\/fr\/wp-json\/wp\/v2\/users\/5"}],"replies":[{"embeddable":true,"href":"https:\/\/www.olcgs.org\/fr\/wp-json\/wp\/v2\/comments?post=12449"}],"version-history":[{"count":8,"href":"https:\/\/www.olcgs.org\/fr\/wp-json\/wp\/v2\/posts\/12449\/revisions"}],"predecessor-version":[{"id":12607,"href":"https:\/\/www.olcgs.org\/fr\/wp-json\/wp\/v2\/posts\/12449\/revisions\/12607"}],"wp:featuredmedia":[{"embeddable":true,"href":"https:\/\/www.olcgs.org\/fr\/wp-json\/wp\/v2\/media\/12511"}],"wp:attachment":[{"href":"https:\/\/www.olcgs.org\/fr\/wp-json\/wp\/v2\/media?parent=12449"}],"wp:term":[{"taxonomy":"category","embeddable":true,"href":"https:\/\/www.olcgs.org\/fr\/wp-json\/wp\/v2\/categories?post=12449"},{"taxonomy":"post_tag","embeddable":true,"href":"https:\/\/www.olcgs.org\/fr\/wp-json\/wp\/v2\/tags?post=12449"}],"curies":[{"name":"wp","href":"https:\/\/api.w.org\/{rel}","templated":true}]}}