{"id":12477,"date":"2025-08-04T15:56:50","date_gmt":"2025-08-04T13:56:50","guid":{"rendered":"https:\/\/www.olcgs.org\/?p=12477"},"modified":"2025-09-01T13:13:48","modified_gmt":"2025-09-01T11:13:48","slug":"grace-and-encounter-jubilee-of-youth-2025","status":"publish","type":"post","link":"https:\/\/www.olcgs.org\/fr\/grace-and-encounter-jubilee-of-youth-2025\/","title":{"rendered":"Gr\u00e2ce et rencontre : r\u00e9flexions sur le Jubil\u00e9 des jeunes \u00e0 Rome"},"content":{"rendered":"<p class=\"translation-block\">S\u0153ur Emilia Daniel Martins du Mozambique et S\u0153ur Ana Donana Xavier d'Angola, actuellement \u00e0 Rome pour leur stage avec GSIF, ont assist\u00e9 r\u00e9cemment au Jubil\u00e9 de la Jeunesse (28 juillet au 3 ao\u00fbt 2025). Ici, elles partagent comment le Jubil\u00e9 n'\u00e9tait pas seulement un \u00e9v\u00e9nement, mais un appel \u00e0 vivre avec une foi plus profonde, une plus grande ouverture et joie.<\/p>\n<h4 style=\"text-align: left;\"><strong>Une P\u00e8lerine d'Esp\u00e9rance : D\u00e9couvrir Dieu dans la joie de la jeunesse <\/strong><\/h4>\n<p style=\"text-align: left;\"><em>(Sr. Emilia Daniel Martins)<\/em><\/p>\n<p>En repensant au Jubil\u00e9 de la Jeunesse, mon c\u0153ur reste empli <strong>de joie et de gratitude<\/strong>. L'un des moments les plus inoubliables a \u00e9t\u00e9 de me retrouver parmi des <strong>milliers de jeunes<\/strong>, unis dans la pri\u00e8re, le chant et la c\u00e9l\u00e9bration. Dans cette mer de voix, je me sentais petite, et pourtant profond\u00e9ment connect\u00e9e \u00e0 quelque chose de bien plus grand : une <strong>\u00c9glise vivante, vibrante et pleine d'espoir<\/strong>.<\/p>\n<p>Cette exp\u00e9rience m'a ouvert les yeux sur la <strong>profonde spiritualit\u00e9 des jeunes d'aujourd'hui<\/strong>. J'ai \u00e9t\u00e9 t\u00e9moin de leur aspiration \u00e0 <strong>l'authenticit\u00e9<\/strong>, \u00e0 la <strong>de joie<\/strong>et \u00e0 une <strong>foi v\u00e9ritablement v\u00e9cue<\/strong>. Leurs questions, leur courage et leur esp\u00e9rance in\u00e9branlable m'ont rappel\u00e9 que <strong>Dieu continue d'appeler et d'inspirer<\/strong> suscitant de jeunes proph\u00e8tes d'amour et de v\u00e9rit\u00e9, m\u00eame en ces temps incertains.<\/p>\n<p>Cette exp\u00e9rience m'a \u00e9galement fait grandir personnellement. J'ai pris conscience que mes <strong>questions et mes r\u00eaves<\/strong> comptent et m\u00e9ritent d'\u00eatre partag\u00e9s. Malgr\u00e9 nos nombreuses diff\u00e9rences de langue et de culture, nous \u00e9tions unis par le m\u00eame d\u00e9sir : a <strong>rencontrer le Christ<\/strong> et <strong>apporter son amour au monde<\/strong>.<\/p>\n<p>Ce n'\u00e9tait pas seulement un \u00e9v\u00e9nement d'une semaine. C'\u00e9tait un <strong>appel \u00e0 vivre diff\u00e9remment<\/strong>. Je suis repartie avec un d\u00e9sir renouvel\u00e9 d'apporter plus de joie au quotidien, d'\u00eatre plus attentive aux autres et de contribuer \u00e0 cr\u00e9er des <strong>espaces o\u00f9 les jeunes se sentent vus, valoris\u00e9s et aim\u00e9s.<\/strong>.<\/p>\n<p>Bien s\u00fbr, il y a eu des d\u00e9fis : des moments de fatigue, d'incompr\u00e9hension et m\u00eame d\u2019\u00e9puisement. Mais ces moments sont devenus des opportunit\u00e9s : grandir <strong>en patience<\/strong>, <strong>en humilit\u00e9<\/strong>, y <strong>en confiance dans le temps de Dieu<\/strong>. Ces le\u00e7ons resteront grav\u00e9es dans ma m\u00e9moire, notamment dans ma future mission aupr\u00e8s des jeunes.<\/p>\n<p>Je n'ai pas quitt\u00e9 le Jubil\u00e9 simplement comme une participante, mais en <strong>p\u00e8lerin d'esp\u00e9rance<\/strong>. Ce fut un temps de gr\u00e2ce et de renouveau, un rappel que <strong>Dieu marche avec nous<\/strong> et que <strong>l'avenir de l'\u00c9glise brille<\/strong> dans le c\u0153ur de ses jeunes. Je reviens de ce voyage avec le sentiment d'\u00eatre <strong>appel\u00e9e<\/strong> <strong>\u00e0 <\/strong><strong>poursuivre mon chemin avec joie, courage et foi<\/strong>.<\/p>\n<h4 style=\"text-align: left;\"><strong>Une vocation partag\u00e9e : T\u00e9moigner de l'\u00c9glise vivante dans la jeunesse <\/strong><\/h4>\n<p style=\"text-align: left;\"><em>(Sr. Ana Donana Xavier)<\/em><\/p>\n<p>Participer au <strong>Jubil\u00e9 de la Jeunesse<\/strong> a \u00e9t\u00e9 pour moi une exp\u00e9rience profond\u00e9ment \u00e9mouvante et pleine de gr\u00e2ce. En tant que jeune consacr\u00e9e, j'ai \u00e9t\u00e9 profond\u00e9ment touch\u00e9e par l'\u00e9nergie et la foi des nombreux jeunes du monde entier que j'ai rencontr\u00e9s. <em>. Leur pr\u00e9sence joyeuse refl\u00e9tait v\u00e9ritablement le visage vivant de l'\u00c9glise.<\/em><\/p>\n<p>L'un des <strong>moments les plus marquants<\/strong> a \u00e9t\u00e9 la rencontre sur la vie consacr\u00e9e. Partager l\u2019histoire de ma vocation avec les jeunes m'a rappel\u00e9 combien ils ont soif de t\u00e9moignages de foi sinc\u00e8res et personnels. Leur ouverture, leurs questions et m\u00eame leur demande de prendre une photo avec moi m'ont fait r\u00e9aliser combien ils appr\u00e9cient la pr\u00e9sence de personnes consacr\u00e9es parmi eux.<\/p>\n<p>\u00catre entour\u00e9e de <strong>123,000 <\/strong>jeunes d'Espagne, qui se sont joints aux milliers de jeunes du monde entier pour la c\u00e9l\u00e9bration du Jubil\u00e9, a raviv\u00e9 en moi un profond sentiment d'esp\u00e9rance pour l'avenir de l'\u00c9glise. Le Jubil\u00e9 a \u00e9t\u00e9 plus qu'une c\u00e9l\u00e9bration :<strong>c'\u00e9tait un moment de ressourcement personnel<\/strong>personnel, o\u00f9 je me suis rappel\u00e9 que ma vocation prend tout son sens lorsqu'elle est partag\u00e9e avec les autres.<\/p>\n<p>Cette exp\u00e9rience a confirm\u00e9 la beaut\u00e9 et la pertinence de la vie consacr\u00e9e et a approfondi mon d\u00e9sir de continuer \u00e0 marcher avec les jeunes, <strong>en t\u00e9moignant de l\u2019amour de Dieu<\/strong> <strong>avec joie, courage et foi.<\/strong><\/p>","protected":false},"excerpt":{"rendered":"<p>Sister Emilia Daniel Martins from Mozambique and Sister Ana Donana Xavier from Angola, who are in Rome for their internship with GSIF, attended the recent Jubilee of Youth (July 28 to August 3, 2025). Here, they share how the Jubilee was not just an event, but a call to live with deeper faith, openness, and [&hellip;]<\/p>\n","protected":false},"author":5,"featured_media":12609,"comment_status":"closed","ping_status":"open","sticky":false,"template":"","format":"standard","meta":{"footnotes":""},"categories":[88,89],"tags":[],"class_list":["post-12477","post","type-post","status-publish","format-standard","has-post-thumbnail","hentry","category-angola","category-mozambique"],"jetpack_featured_media_url":"https:\/\/www.olcgs.org\/wp-content\/uploads\/2025\/08\/IMG-20250819-WA0061_main.jpg","_links":{"self":[{"href":"https:\/\/www.olcgs.org\/fr\/wp-json\/wp\/v2\/posts\/12477","targetHints":{"allow":["GET"]}}],"collection":[{"href":"https:\/\/www.olcgs.org\/fr\/wp-json\/wp\/v2\/posts"}],"about":[{"href":"https:\/\/www.olcgs.org\/fr\/wp-json\/wp\/v2\/types\/post"}],"author":[{"embeddable":true,"href":"https:\/\/www.olcgs.org\/fr\/wp-json\/wp\/v2\/users\/5"}],"replies":[{"embeddable":true,"href":"https:\/\/www.olcgs.org\/fr\/wp-json\/wp\/v2\/comments?post=12477"}],"version-history":[{"count":11,"href":"https:\/\/www.olcgs.org\/fr\/wp-json\/wp\/v2\/posts\/12477\/revisions"}],"predecessor-version":[{"id":12613,"href":"https:\/\/www.olcgs.org\/fr\/wp-json\/wp\/v2\/posts\/12477\/revisions\/12613"}],"wp:featuredmedia":[{"embeddable":true,"href":"https:\/\/www.olcgs.org\/fr\/wp-json\/wp\/v2\/media\/12609"}],"wp:attachment":[{"href":"https:\/\/www.olcgs.org\/fr\/wp-json\/wp\/v2\/media?parent=12477"}],"wp:term":[{"taxonomy":"category","embeddable":true,"href":"https:\/\/www.olcgs.org\/fr\/wp-json\/wp\/v2\/categories?post=12477"},{"taxonomy":"post_tag","embeddable":true,"href":"https:\/\/www.olcgs.org\/fr\/wp-json\/wp\/v2\/tags?post=12477"}],"curies":[{"name":"wp","href":"https:\/\/api.w.org\/{rel}","templated":true}]}}