{"id":12637,"date":"2025-08-03T16:58:03","date_gmt":"2025-08-03T14:58:03","guid":{"rendered":"https:\/\/www.olcgs.org\/?p=12637"},"modified":"2025-09-17T16:35:42","modified_gmt":"2025-09-17T14:35:42","slug":"called-to-serve-sister-joselyn-alvarado-soto","status":"publish","type":"post","link":"https:\/\/www.olcgs.org\/fr\/called-to-serve-sister-joselyn-alvarado-soto\/","title":{"rendered":"Appel\u00e9e \u00e0 servir : la mission au-del\u00e0 des fronti\u00e8res de S\u0153ur Joselyn Alvarado Soto"},"content":{"rendered":"<p><em>Le 2 ao\u00fbt 2025, nous avons c\u00e9l\u00e9br\u00e9 <strong>la profession perp\u00e9tuelle de S\u0153ur Joselyn Alvarado Soto<\/strong>, originaire du Costa Rica. Inspir\u00e9e par l\u2019Esprit et l\u2019amour du Bon Pasteur, elle a consacr\u00e9 sa vie \u00e0 Dieu dans la Congr\u00e9gation de Notre-Dame de Charit\u00e9 du Bon Pasteur. Son engagement est un exemple de la transformation de l\u2019amour et t\u00e9moigne que Dieu continue d\u2019appeler et que nos s\u0153urs continuent d\u2019y r\u00e9pondre. S\u0153ur Joselyn partage ici l\u2019histoire de sa vocation.<\/em><\/p>\n<p>Il y a des moments dans la vie o\u00f9 il est n\u00e9cessaire de s\u2019arr\u00eater et de regarder en arri\u00e8re, non pas avec nostalgie, mais avec gratitude. S\u2019arr\u00eater, respirer profond\u00e9ment et simplement rendre gr\u00e2ce. Aujourd\u2019hui, apr\u00e8s avoir enti\u00e8rement donn\u00e9 ma vie \u00e0 Dieu par mes v\u0153ux perp\u00e9tuels, je me trouve dans un moment de profonde contemplation, <strong>\u00e9levant un c\u0153ur reconnaissant vers J\u00e9sus, le Bon Pasteur<\/strong> qui a guid\u00e9 avec amour et fid\u00e9lit\u00e9 chaque \u00e9tape de mon cheminement.<\/p>\n<p>Le temps a pass\u00e9, et je ne suis certainement plus la m\u00eame jeune femme qu\u2019autrefois. Celle qui, d'un regard incertain, cherchait un sens plus profond \u00e0 sa vie. \u00c0 cette \u00e9poque, je ne me demandais peut-\u00eatre m\u00eame pas ce que Dieu attendait de moi, et encore moins ce que je d\u00e9sirais moi-m\u00eame. Mais aujourd'hui, je sais que rien n'arrive par hasard. Ce n'est pas le destin qui m'a conduite dans cette Congr\u00e9gation, mais un appel plein d'amour qui m'a men\u00e9e <strong>l\u00e0 o\u00f9 j'ai \u00e9t\u00e9 accueillie avec tendresse<\/strong>, dans la chaleur d'un foyer\u2026 et l\u00e0, sans m\u00eame m'en rendre compte, j'ai rencontr\u00e9 le Bon Pasteur.<\/p>\n<p><img fetchpriority=\"high\" decoding=\"async\" class=\"aligncenter size-large wp-image-12749\" src=\"https:\/\/www.olcgs.org\/wp-content\/uploads\/2025\/08\/JOSELYN-4_169-1024x576.jpg\" alt=\"\" width=\"800\" height=\"450\" srcset=\"https:\/\/www.olcgs.org\/wp-content\/uploads\/2025\/08\/JOSELYN-4_169-1024x576.jpg 1024w, https:\/\/www.olcgs.org\/wp-content\/uploads\/2025\/08\/JOSELYN-4_169-300x169.jpg 300w, https:\/\/www.olcgs.org\/wp-content\/uploads\/2025\/08\/JOSELYN-4_169-768x432.jpg 768w, https:\/\/www.olcgs.org\/wp-content\/uploads\/2025\/08\/JOSELYN-4_169-1536x864.jpg 1536w, https:\/\/www.olcgs.org\/wp-content\/uploads\/2025\/08\/JOSELYN-4_169-18x10.jpg 18w, https:\/\/www.olcgs.org\/wp-content\/uploads\/2025\/08\/JOSELYN-4_169.jpg 1600w\" sizes=\"(max-width: 800px) 100vw, 800px\" \/><\/p>\n<p>Je me souviens qu'au bout de quelques mois, une question inattendue a brouill\u00e9 ma vie : \u00ab<em>Et tu ne veux pas \u00eatre religieuse ?<\/em>'' Ma r\u00e9ponse a \u00e9t\u00e9 un ''<em>non<\/em>.'' cat\u00e9gorique. Je ne me voyais pas ; je ne m'en sentais pas capable. Il me semblait impossible de m'imaginer dans cette vocation. Mais ces questions d\u00e9rangeantes revenaient sans cesse, jusqu'\u00e0 ce qu'elles cessent de me perturber et commencent \u00e0 prendre sens. Avec un c\u0153ur disponible, plus \u00e0 l'\u00e9coute, <strong>j'ai os\u00e9 dire \u00e0 Dieu<\/strong>: ''<em>Pourquoi pas ?<\/em>'' Je sentais que Dieu m'appelait, m\u00eame si je ne savais pas o\u00f9. Je percevais seulement l'invitation \u00e0 conna\u00eetre, aimer et suivre Dieu\u2026 sans comprendre comment.<\/p>\n<p><img decoding=\"async\" class=\"alignright size-medium wp-image-12639\" src=\"https:\/\/www.olcgs.org\/wp-content\/uploads\/2025\/09\/Picture3_inset-218x300.png\" alt=\"\" width=\"218\" height=\"300\" srcset=\"https:\/\/www.olcgs.org\/wp-content\/uploads\/2025\/09\/Picture3_inset-218x300.png 218w, https:\/\/www.olcgs.org\/wp-content\/uploads\/2025\/09\/Picture3_inset-9x12.png 9w, https:\/\/www.olcgs.org\/wp-content\/uploads\/2025\/09\/Picture3_inset.png 472w\" sizes=\"(max-width: 218px) 100vw, 218px\" \/>La vie religieuse commen\u00e7ait \u00e0 me para\u00eetre non seulement possible, mais profond\u00e9ment belle. Non pas pour les apparences, mais parce qu'elle me parlait <strong>d'une vie de d\u00e9vouement, de service, de communaut\u00e9, de d\u00e9passement de soi<\/strong>soi. Ce fut une p\u00e9riode de lutte int\u00e9rieure : je ne le voulais pas, mais quelque chose m'attirait profond\u00e9ment. Je ne me sentais pas pr\u00eate, mais je voulais essayer. La peur me paralysait, mais <strong>quelque chose br\u00fblait en moi<\/strong>.<\/p>\n<p>Au milieu <strong>d'une p\u00e9riode de d\u00e9sert et de s\u00e9cheresse<\/strong>, mes propres r\u00e9sistances m'ont submerg\u00e9e. Mais ce feu int\u00e9rieur ne s'est pas \u00e9teint. Il m'a fait sentir que je n'\u00e9tais pas seule. Petit \u00e0 petit, j'ai donn\u00e9 \u00e0 Dieu la possibilit\u00e9 de guider ma vie, et avec cela, la paix a commenc\u00e9 \u00e0 s'installer. Parler de mes sentiments aux bonnes personnes m'a fait me sentir accompagn\u00e9e. La peur n'avait plus le dernier mot. J'ai alors su avec certitude que Dieu m'appelait\u2026 et j'ai voulu y r\u00e9pondre.<\/p>\n<p>Apr\u00e8s un temps de recherche, je me suis souvenue de cette premi\u00e8re rencontre avec le Bon Pasteur, de ce moment o\u00f9 je me suis sentie profond\u00e9ment accueillie. Et je me suis dit : c\u2019est ici que le Seigneur m\u2019a captiv\u00e9e, c\u2019est ici que je veux demeurer.<\/p>\n<p>J\u2019ai commenc\u00e9 \u00e0 cheminer avec cette Congr\u00e9gation, \u00e0 d\u00e9couvrir qui \u00e9tait J\u00e9sus Bon Pasteur pour moi, et en m\u00eame temps, \u00e0 me rencontrer moi-m\u00eame. Le chemin n\u2019a pas \u00e9t\u00e9 facile. Souvent, je me suis sentie mal \u00e0 l\u2019aise,<strong> le c\u0153ur rempli de questions<\/strong>. Mais deux certitudes ont soutenu mon cheminement jusqu\u2019\u00e0 aujourd\u2019hui : la gr\u00e2ce de Dieu m\u2019a toujours suffi et il \u00e9tait essentiel de vivre ce processus avec sinc\u00e9rit\u00e9 et mis\u00e9ricorde envers moi-m\u00eame.<\/p>\n<p>Aujourd\u2019hui, je peux dire que j\u2019ai v\u00e9cu mon cheminement vocationnel avec <strong>enthousiasme, v\u00e9rit\u00e9 et joie<\/strong>. En me donnant g\u00e9n\u00e9reusement, je d\u00e9couvre comment l\u2019amour inconditionnel de Dieu se r\u00e9v\u00e8le dans ma vie. La mission du Bon Pasteur m\u2019a captiv\u00e9e, car en chaque personne que j\u2019accompagne \u2013 et surtout en tant de femmes \u2013 je reconnais la pr\u00e9sence vivante <strong>du Bon Pasteur qui guide, gu\u00e9rit et r\u00e9conforte<\/strong>.<\/p>\n<p>Appartenir \u00e0 une Congr\u00e9gation internationale m'a permis de vivre profond\u00e9ment mon identit\u00e9 de missionnaire. <strong>De d\u00e9passer les fronti\u00e8res<\/strong>, non seulement g\u00e9ographiques, mais aussi int\u00e9rieures. La vie religieuse m'a constamment invit\u00e9e \u00e0 sortir de moi-m\u00eame, \u00e0 offrir la part la plus authentique, la plus belle de ce que je d\u00e9couvre au plus profond de moi-m\u00eame.<\/p>\n<p>Je ne peux pas dire que tout ait \u00e9t\u00e9 facile. La vie pr\u00e9sente sans cesse de nouveaux d\u00e9fis. <strong>Mais sur mon chemin<\/strong>, je n'ai jamais \u00e9t\u00e9 seule. Dieu a \u00e9t\u00e9 avec moi, et j'ai rencontr\u00e9 des visages et des histoires qui ont touch\u00e9 mon c\u0153ur. Aujourd'hui, leurs noms sont ind\u00e9l\u00e9biles dans mon histoire\u2026 <em>une histoire \u00e9crite sur les traces du Bon Pasteur<\/em>.<\/p>","protected":false},"excerpt":{"rendered":"<p>On August 2, 2025, we celebrated the perpetual profession of Sister Joselyn Alvarado Soto, from Costa Rica, who, inspired by the Spirit and the love of the Good Shepherd, consecrated her entire life to God in the Congregation of Our Lady of Charity of the Good Shepherd. Her commitment is an example of how love [&hellip;]<\/p>\n","protected":false},"author":2,"featured_media":12638,"comment_status":"closed","ping_status":"open","sticky":false,"template":"","format":"standard","meta":{"footnotes":""},"categories":[57],"tags":[],"class_list":["post-12637","post","type-post","status-publish","format-standard","has-post-thumbnail","hentry","category-costa-rica"],"jetpack_featured_media_url":"https:\/\/www.olcgs.org\/wp-content\/uploads\/2025\/09\/Picture2_main.png","_links":{"self":[{"href":"https:\/\/www.olcgs.org\/fr\/wp-json\/wp\/v2\/posts\/12637","targetHints":{"allow":["GET"]}}],"collection":[{"href":"https:\/\/www.olcgs.org\/fr\/wp-json\/wp\/v2\/posts"}],"about":[{"href":"https:\/\/www.olcgs.org\/fr\/wp-json\/wp\/v2\/types\/post"}],"author":[{"embeddable":true,"href":"https:\/\/www.olcgs.org\/fr\/wp-json\/wp\/v2\/users\/2"}],"replies":[{"embeddable":true,"href":"https:\/\/www.olcgs.org\/fr\/wp-json\/wp\/v2\/comments?post=12637"}],"version-history":[{"count":3,"href":"https:\/\/www.olcgs.org\/fr\/wp-json\/wp\/v2\/posts\/12637\/revisions"}],"predecessor-version":[{"id":12750,"href":"https:\/\/www.olcgs.org\/fr\/wp-json\/wp\/v2\/posts\/12637\/revisions\/12750"}],"wp:featuredmedia":[{"embeddable":true,"href":"https:\/\/www.olcgs.org\/fr\/wp-json\/wp\/v2\/media\/12638"}],"wp:attachment":[{"href":"https:\/\/www.olcgs.org\/fr\/wp-json\/wp\/v2\/media?parent=12637"}],"wp:term":[{"taxonomy":"category","embeddable":true,"href":"https:\/\/www.olcgs.org\/fr\/wp-json\/wp\/v2\/categories?post=12637"},{"taxonomy":"post_tag","embeddable":true,"href":"https:\/\/www.olcgs.org\/fr\/wp-json\/wp\/v2\/tags?post=12637"}],"curies":[{"name":"wp","href":"https:\/\/api.w.org\/{rel}","templated":true}]}}