{"id":12656,"date":"2025-09-01T09:29:13","date_gmt":"2025-09-01T07:29:13","guid":{"rendered":"https:\/\/www.olcgs.org\/?p=12656"},"modified":"2025-09-08T09:41:44","modified_gmt":"2025-09-08T07:41:44","slug":"myanmar-sector-gathering-2025","status":"publish","type":"post","link":"https:\/\/www.olcgs.org\/fr\/myanmar-sector-gathering-2025\/","title":{"rendered":"Accueillir la transformation : R\u00e9union du secteur du Myanmar pour la restructuration"},"content":{"rendered":"<p><em>Par S\u0153ur Jennifer Kyaw, Myanmar (Province d'Asie de l'Est)<\/em><\/p>\n<p>Le Bon Pasteur Asie-Pacifique se pr\u00e9pare \u00e0 de <strong>nouvelles structures de gouvernance<\/strong> dans la r\u00e9gion, et les s\u0153urs du Myanmar se sont r\u00e9unies en tant que secteur \u00e0 Yangon du 22 au 24 ao\u00fbt 2025. Cet \u00e9v\u00e9nement de trois jours a marqu\u00e9 un tournant dans notre transformation en cours : il honore notre riche h\u00e9ritage tout en s'engageant avec audace vers l'avenir.<\/p>\n<p><img fetchpriority=\"high\" decoding=\"async\" class=\"alignright size-medium wp-image-12659\" src=\"https:\/\/www.olcgs.org\/wp-content\/uploads\/2025\/09\/myanmar4_sq-1-300x300.jpg\" alt=\"\" width=\"300\" height=\"300\" srcset=\"https:\/\/www.olcgs.org\/wp-content\/uploads\/2025\/09\/myanmar4_sq-1-300x300.jpg 300w, https:\/\/www.olcgs.org\/wp-content\/uploads\/2025\/09\/myanmar4_sq-1-1024x1024.jpg 1024w, https:\/\/www.olcgs.org\/wp-content\/uploads\/2025\/09\/myanmar4_sq-1-150x150.jpg 150w, https:\/\/www.olcgs.org\/wp-content\/uploads\/2025\/09\/myanmar4_sq-1-768x768.jpg 768w, https:\/\/www.olcgs.org\/wp-content\/uploads\/2025\/09\/myanmar4_sq-1-1536x1536.jpg 1536w, https:\/\/www.olcgs.org\/wp-content\/uploads\/2025\/09\/myanmar4_sq-1-2048x2048.jpg 2048w, https:\/\/www.olcgs.org\/wp-content\/uploads\/2025\/09\/myanmar4_sq-1-12x12.jpg 12w, https:\/\/www.olcgs.org\/wp-content\/uploads\/2025\/09\/myanmar4_sq-1-650x650.jpg 650w, https:\/\/www.olcgs.org\/wp-content\/uploads\/2025\/09\/myanmar4_sq-1-1300x1300.jpg 1300w\" sizes=\"(max-width: 300px) 100vw, 300px\" \/>45 s\u0153urs venues de tout le pays y ont particip\u00e9, cr\u00e9ant une atmosph\u00e8re de joie, de fraternit\u00e9 et de profonde communion. Ce rassemblement a offert un espace sacr\u00e9 o\u00f9 chaque s\u0153ur a activement partag\u00e9 les discussions, apportant sa voix et sa sagesse \u00e0 notre discernement collectif.<\/p>\n<p>Nos journ\u00e9es ont \u00e9t\u00e9 rythm\u00e9es par des moments de pri\u00e8re, de r\u00e9flexion et de dialogue, nous permettant d'\u00eatre \u00e0 l'\u00e9coute les unes des autres et d'\u00e9couter l'Esprit agir parmi nous. Chaque communaut\u00e9 a pr\u00e9sent\u00e9 son parcours de mise en \u0153uvre de la mission, soulignant les d\u00e9fis rencontr\u00e9s, les r\u00e9ponses cr\u00e9atives apport\u00e9es, ainsi que ses espoirs et ses projets d'avenir. Ce partage est devenu une source d'inspiration, rappelant \u00e0 chacun <strong>la force que procure le cheminement commun dans la foi et la mission<\/strong>.<\/p>\n<p><strong>Poursuivre notre h\u00e9ritage de service<\/strong><\/p>\n<p>\u00c0 l'approche <strong>du 160<sup>e<\/sup> anniversaire de notre fondation au Myanmar<\/strong> le 8 f\u00e9vrier 2026, ce rassemblement a rev\u00eatu une importance particuli\u00e8re. Ce moment refl\u00e8te notre z\u00e8le inlassable \u00e0 maintenir la mission vivante, \u00e0 travers les c\u00e9l\u00e9brations et les d\u00e9fis.<\/p>\n<p>Tout au long de ces pr\u00e8s de 160 ans, nos s\u0153urs et partenaires de mission au Myanmar sont rest\u00e9s engag\u00e9s dans l'\u00e9ducation, la formation professionnelle, les soins de sant\u00e9 et le soutien aux femmes et aux enfants vuln\u00e9rables. Nos missions s'\u00e9tendent de Yangon \u00e0 Mandalay, de l'\u00c9tat Kachin \u00e0 la fronti\u00e8re entre la Tha\u00eflande et le Myanmar, au service des personnes menac\u00e9es de Traite, offrant un abri aux m\u00e8res c\u00e9libataires, g\u00e9rant des garderies pour les enfants touch\u00e9s par le VIH et animant des apostolats dans les prisons \u2013 tout cela se poursuit malgr\u00e9 les d\u00e9fis sociaux auxquels notre pays est actuellement confront\u00e9. Ces programmes illustrent <strong>notre engagement \u00e0 cr\u00e9er des voies de sortie de la pauvret\u00e9 et de la vuln\u00e9rabilit\u00e9<\/strong>, m\u00eame en p\u00e9riode d'incertitude et de troubles.<\/p>\n<p><strong>Adopter une nouvelle gouvernance pour renforcer la mission<\/strong><\/p>\n<p>L'un des principaux r\u00e9sultats de cette rencontre a \u00e9t\u00e9 l'identification des priorit\u00e9s pour les ann\u00e9es \u00e0 venir, \u00e0 l'heure o\u00f9 nous adoptons cette nouvelle structure de gouvernance. Ces priorit\u00e9s refl\u00e8tent notre discernement collectif et notre d\u00e9sir de r\u00e9pondre fid\u00e8lement aux besoins des personnes que nous servons, en particulier les plus vuln\u00e9rables.<\/p>\n<p>Au-del\u00e0 des discussions et des projets, cette rencontre a surtout \u00e9t\u00e9 <strong>une exp\u00e9rience humaine et spirituelle enrichissante<\/strong>. Un moment de partage, de communion fraternelle, de recr\u00e9er des liens d'unit\u00e9 et de c\u00e9l\u00e9bration du don d'appartenir \u00e0 une mission commune. Nombreuses sont celles qui ont d\u00e9crit ces journ\u00e9es ensemble comme une source d'\u00e9nergie renouvel\u00e9e et d'encouragement. La joie d'\u00eatre ensemble a donn\u00e9 espoir en l'avenir, renfor\u00e7ant la d\u00e9termination des s\u0153urs \u00e0 poursuivre leur mission avec amour, courage et foi.<\/p>\n<p>Nous nous pr\u00e9parons \u00e0 c\u00e9l\u00e9brer notre 160e anniversaire, et nous perp\u00e9tuons <strong>le z\u00e8le de nos s\u0153urs fondatrices<\/strong>, le courage de celles qui ont refond\u00e9 notre pr\u00e9sence en 1973 et l'espoir de <strong>nouvelles vocations<\/strong> \u00e0 l'horizon, suite \u00e0 notre programme \u00ab<em>Venez et voyez<\/em>\u00bb organis\u00e9 en avril 2025, qui a accueilli 29 jeunes femmes pour d\u00e9couvrir la vie religieuse avec nous.<\/p>\n<p>Le rassemblement du secteur du Myanmar n'\u00e9tait pas seulement une rencontre, mais aussi une c\u00e9l\u00e9bration de la vie, de la mission et de la fraternit\u00e9 \u2013 un t\u00e9moignage que, ensemble, notre cheminement est rempli d'esp\u00e9rance et de promesses.<\/p>\n<p>&nbsp;<\/p>","protected":false},"excerpt":{"rendered":"<p>By Sr. Jennifer Kyaw, Myanmar (Province of East Asia) As Good Shepherd Asia Pacific prepares for new governance structures within the region, sisters in Myanmar came together to gather as a sector in Yangon from August 22 to 24, 2025. This three-day event represented a pivotal moment in our ongoing transformation\u2014one that honors our rich [&hellip;]<\/p>\n","protected":false},"author":2,"featured_media":12657,"comment_status":"closed","ping_status":"open","sticky":false,"template":"","format":"standard","meta":{"footnotes":""},"categories":[61],"tags":[],"class_list":["post-12656","post","type-post","status-publish","format-standard","has-post-thumbnail","hentry","category-myanmar"],"jetpack_featured_media_url":"https:\/\/www.olcgs.org\/wp-content\/uploads\/2025\/09\/myanmar_main-scaled.jpg","_links":{"self":[{"href":"https:\/\/www.olcgs.org\/fr\/wp-json\/wp\/v2\/posts\/12656","targetHints":{"allow":["GET"]}}],"collection":[{"href":"https:\/\/www.olcgs.org\/fr\/wp-json\/wp\/v2\/posts"}],"about":[{"href":"https:\/\/www.olcgs.org\/fr\/wp-json\/wp\/v2\/types\/post"}],"author":[{"embeddable":true,"href":"https:\/\/www.olcgs.org\/fr\/wp-json\/wp\/v2\/users\/2"}],"replies":[{"embeddable":true,"href":"https:\/\/www.olcgs.org\/fr\/wp-json\/wp\/v2\/comments?post=12656"}],"version-history":[{"count":1,"href":"https:\/\/www.olcgs.org\/fr\/wp-json\/wp\/v2\/posts\/12656\/revisions"}],"predecessor-version":[{"id":12660,"href":"https:\/\/www.olcgs.org\/fr\/wp-json\/wp\/v2\/posts\/12656\/revisions\/12660"}],"wp:featuredmedia":[{"embeddable":true,"href":"https:\/\/www.olcgs.org\/fr\/wp-json\/wp\/v2\/media\/12657"}],"wp:attachment":[{"href":"https:\/\/www.olcgs.org\/fr\/wp-json\/wp\/v2\/media?parent=12656"}],"wp:term":[{"taxonomy":"category","embeddable":true,"href":"https:\/\/www.olcgs.org\/fr\/wp-json\/wp\/v2\/categories?post=12656"},{"taxonomy":"post_tag","embeddable":true,"href":"https:\/\/www.olcgs.org\/fr\/wp-json\/wp\/v2\/tags?post=12656"}],"curies":[{"name":"wp","href":"https:\/\/api.w.org\/{rel}","templated":true}]}}