{"id":12923,"date":"2025-09-06T12:49:09","date_gmt":"2025-09-06T10:49:09","guid":{"rendered":"https:\/\/www.olcgs.org\/?p=12923"},"modified":"2025-10-10T10:08:46","modified_gmt":"2025-10-10T08:08:46","slug":"san-juan-eudes-school-ecuador","status":"publish","type":"post","link":"https:\/\/www.olcgs.org\/fr\/san-juan-eudes-school-ecuador\/","title":{"rendered":"Saint Jean Eudes : Un nouveau chapitre prometteur pour les enfants en \u00c9quateur"},"content":{"rendered":"<p><em>Par Jessica Mu\u00f1oz, Commission de communication, \u00c9quateur (Province d'\u00c9quateur)<\/em><\/p>\n<p>Le 3 septembre, le Centre de soutien scolaire Saint Jean Eudes, une \u0153uvre de la Congr\u00e9gation de Notre-Dame de Charit\u00e9 du Bon Pasteur situ\u00e9e dans la province d'Esmeraldas en \u00c9quateur, a rouvert ses portes apr\u00e8s <strong>d'importants travaux de r\u00e9novation <\/strong>gr\u00e2ce au soutien de l'organisation caritative ta\u00efwanaise <strong>TX Foundation<\/strong> (TzuXing \u2013 \u6148\u884c\u57fa\u91d1\u6703) .<\/p>\n<p><img fetchpriority=\"high\" decoding=\"async\" class=\"aligncenter wp-image-12932 size-large\" src=\"https:\/\/www.olcgs.org\/wp-content\/uploads\/2025\/09\/IMG_9027_ed-1024x679.jpg\" alt=\"\" width=\"800\" height=\"530\" srcset=\"https:\/\/www.olcgs.org\/wp-content\/uploads\/2025\/09\/IMG_9027_ed-1024x679.jpg 1024w, https:\/\/www.olcgs.org\/wp-content\/uploads\/2025\/09\/IMG_9027_ed-300x199.jpg 300w, https:\/\/www.olcgs.org\/wp-content\/uploads\/2025\/09\/IMG_9027_ed-768x509.jpg 768w, https:\/\/www.olcgs.org\/wp-content\/uploads\/2025\/09\/IMG_9027_ed-1536x1019.jpg 1536w, https:\/\/www.olcgs.org\/wp-content\/uploads\/2025\/09\/IMG_9027_ed-2048x1358.jpg 2048w, https:\/\/www.olcgs.org\/wp-content\/uploads\/2025\/09\/IMG_9027_ed-18x12.jpg 18w\" sizes=\"(max-width: 800px) 100vw, 800px\" \/><\/p>\n<p>Cette r\u00e9ouverture a r\u00e9uni enfants, familles, \u00e9ducateurs, b\u00e9n\u00e9voles, s\u0153urs et partenaires de mission, marquant <strong>Une ann\u00e9e scolaire pleine de joie et d'espoir  au d\u00e9but d'une nouvelle<\/strong> ann\u00e9e.<\/p>\n<p>Les installations ont \u00e9t\u00e9 modernis\u00e9es pour offrir des espaces plus fonctionnels et stimulants \u2013 des salles de classe aux biblioth\u00e8ques en passant par les espaces de loisirs<strong>favorisant la cr\u00e9ativit\u00e9, l'apprentissage actif et la collaboration<\/strong> entre les \u00e9l\u00e8ves.<\/p>\n<p>Cet \u00e9v\u00e9nement s'est d\u00e9roul\u00e9 \u00e0 un moment privil\u00e9gi\u00e9 : nous nous r\u00e9jouissons de c\u00e9l\u00e9brer la <strong>Journ\u00e9e internationale de la petite fille<\/strong> , le 11 octobre 2025, r\u00e9affirmant ainsi l'engagement de la Congr\u00e9gation \u00e0 promouvoir les droits des filles et des gar\u00e7ons et le d\u00e9veloppement int\u00e9gral de chaque \u00e9l\u00e8ve.<\/p>\n<p style=\"text-align: center;\"><img decoding=\"async\" class=\"wp-image-12936 size-large aligncenter\" src=\"https:\/\/www.olcgs.org\/wp-content\/uploads\/2025\/09\/IMG_8990_169-1024x576.jpg\" alt=\"\" width=\"800\" height=\"450\" srcset=\"https:\/\/www.olcgs.org\/wp-content\/uploads\/2025\/09\/IMG_8990_169-1024x576.jpg 1024w, https:\/\/www.olcgs.org\/wp-content\/uploads\/2025\/09\/IMG_8990_169-300x169.jpg 300w, https:\/\/www.olcgs.org\/wp-content\/uploads\/2025\/09\/IMG_8990_169-768x432.jpg 768w, https:\/\/www.olcgs.org\/wp-content\/uploads\/2025\/09\/IMG_8990_169-1536x864.jpg 1536w, https:\/\/www.olcgs.org\/wp-content\/uploads\/2025\/09\/IMG_8990_169-2048x1152.jpg 2048w, https:\/\/www.olcgs.org\/wp-content\/uploads\/2025\/09\/IMG_8990_169-18x10.jpg 18w\" sizes=\"(max-width: 800px) 100vw, 800px\" \/><\/p>\n<p>&nbsp;<\/p>\n<p>Lors de la c\u00e9r\u00e9monie, S\u0153ur N\u00e9lida, coordinatrice du Centre, a exprim\u00e9 avec \u00e9motion :<\/p>\n<p style=\"padding-left: 40px;\">''<em>Aujourd'hui, notre \u00e9cole est r\u00e9nov\u00e9e, belle et rayonnante, pleine de vie et de lumi\u00e8re. Tout cela inspire notre d\u00e9vouement et la mission que nous menons aupr\u00e8s des enfants et de leurs familles dans notre ch\u00e8re province d'Esmeraldas, peut-\u00eatre l'un des endroits les plus oubli\u00e9s d'\u00c9quateur, mais pas pour ceux d'entre nous qui croient que chaque \u00eatre humain peut \u00eatre un acteur de changement et de transformation. Aujourd'hui, nous renouvelons \u00e9galement nos pri\u00e8res, notre affection et notre gratitude \u00e9ternelle \u00e0 la Fondation TX de Ta\u00efwan, ainsi que notre engagement au service et \u00e0 l'amour du prochain envers les b\u00e9n\u00e9ficiaires de la mission<\/em>\u00bb.<\/p>\n<p><img decoding=\"async\" class=\"wp-image-12926 size-medium alignright\" src=\"https:\/\/www.olcgs.org\/wp-content\/uploads\/2025\/09\/IMG_8725-300x200.jpg\" alt=\"\" width=\"300\" height=\"200\" srcset=\"https:\/\/www.olcgs.org\/wp-content\/uploads\/2025\/09\/IMG_8725-300x200.jpg 300w, https:\/\/www.olcgs.org\/wp-content\/uploads\/2025\/09\/IMG_8725-1024x683.jpg 1024w, https:\/\/www.olcgs.org\/wp-content\/uploads\/2025\/09\/IMG_8725-768x512.jpg 768w, https:\/\/www.olcgs.org\/wp-content\/uploads\/2025\/09\/IMG_8725-1536x1024.jpg 1536w, https:\/\/www.olcgs.org\/wp-content\/uploads\/2025\/09\/IMG_8725-2048x1365.jpg 2048w, https:\/\/www.olcgs.org\/wp-content\/uploads\/2025\/09\/IMG_8725-18x12.jpg 18w\" sizes=\"(max-width: 300px) 100vw, 300px\" \/>Lors de la r\u00e9ouverture, une plaque comm\u00e9morative a \u00e9t\u00e9 d\u00e9voil\u00e9e et un certificat a \u00e9t\u00e9 remis en l'honneur du Dr Cheng-Ta Hsieh, re\u00e7u avec gratitude par Freda Miriklis au nom de la fondation.<\/p>\n<p>Cependant, les v\u00e9ritables stars de la journ\u00e9e ont \u00e9t\u00e9 nos gar\u00e7ons et nos filles, qui ont pr\u00e9sent\u00e9 un spectacle culturel mettant en valeur la richesse d'Esmeraldas, avec <strong>des danses traditionnelles et des costumes color\u00e9s<\/strong> color\u00e9s qui ont empli de joie la c\u00e9r\u00e9monie. Ce spectacle a permis aux participants d'appr\u00e9cier l'identit\u00e9 culturelle de la r\u00e9gion et la cr\u00e9ativit\u00e9 des enfants, renfor\u00e7ant ainsi leur sentiment d'appartenance et la fiert\u00e9 de leurs racines.<\/p>\n<p>De plus, certains \u00e9l\u00e8ves ont partag\u00e9 leurs impressions sur le Centre. Andrea, par exemple, a exprim\u00e9 sa gratitude et son enthousiasme pour les espaces r\u00e9nov\u00e9s et le soutien qu'elle a re\u00e7u :<\/p>\n<p style=\"padding-left: 40px;\">''<em>Je suis tr\u00e8s reconnaissante envers la Fondation TX de Ta\u00efwan et les S\u0153urs du Bon Pasteur de m'avoir donn\u00e9 l'occasion d'apprendre et de m'\u00e9panouir. \u00c0 chaque fois que nous arrivons au Centre, nous sommes accueillis avec affection, ce qui nous motive \u00e0 donner le meilleur de nous-m\u00eames<\/em>. \u00bb<\/p>\n<p><img loading=\"lazy\" decoding=\"async\" class=\"size-medium wp-image-12939 alignleft\" src=\"https:\/\/www.olcgs.org\/wp-content\/uploads\/2025\/09\/IMG_8600_sq-300x300.jpg\" alt=\"\" width=\"300\" height=\"300\" srcset=\"https:\/\/www.olcgs.org\/wp-content\/uploads\/2025\/09\/IMG_8600_sq-300x300.jpg 300w, https:\/\/www.olcgs.org\/wp-content\/uploads\/2025\/09\/IMG_8600_sq-1024x1024.jpg 1024w, https:\/\/www.olcgs.org\/wp-content\/uploads\/2025\/09\/IMG_8600_sq-150x150.jpg 150w, https:\/\/www.olcgs.org\/wp-content\/uploads\/2025\/09\/IMG_8600_sq-768x768.jpg 768w, https:\/\/www.olcgs.org\/wp-content\/uploads\/2025\/09\/IMG_8600_sq-1536x1536.jpg 1536w, https:\/\/www.olcgs.org\/wp-content\/uploads\/2025\/09\/IMG_8600_sq-2048x2048.jpg 2048w, https:\/\/www.olcgs.org\/wp-content\/uploads\/2025\/09\/IMG_8600_sq-12x12.jpg 12w, https:\/\/www.olcgs.org\/wp-content\/uploads\/2025\/09\/IMG_8600_sq-650x650.jpg 650w, https:\/\/www.olcgs.org\/wp-content\/uploads\/2025\/09\/IMG_8600_sq-1300x1300.jpg 1300w\" sizes=\"(max-width: 300px) 100vw, 300px\" \/>Gr\u00e2ce au soutien de la Fondation TX, ce projet a permis de garantir un environnement s\u00fbr et stimulant o\u00f9 les enfants peuvent s'\u00e9panouir pleinement, tant sur le plan scolaire, humain que spirituel. La collaboration internationale, alli\u00e9e \u00e0 l'engagement local, d\u00e9montre comment <strong>l'union des c\u0153urs peut transformer des vies et des communaut\u00e9s<\/strong>.<\/p>\n<p>Le Centre de soutien scolaire Saint Jean Eudes de la Congr\u00e9gation, en \u00c9quateur, est un exemple vivant de de l'impact du d\u00e9vouement, de la <strong>solidarit\u00e9 et d'une mission commune<\/strong> sur la vie des enfants, leur offrant un espace o\u00f9 leurs r\u00eaves et leurs talents peuvent s'\u00e9panouir.<\/p>\n<p>Ce lieu non seulement \u00e9duque, mais <strong>cultive \u00e9galement les valeurs humaines et spirituelles<\/strong>, renfor\u00e7ant l\u2019esp\u00e9rance et montrant qu'ensemble, nous pouvons construire un avenir plus juste et plus prometteur.<\/p>","protected":false},"excerpt":{"rendered":"<p>By Jessica Mu\u00f1oz, Communication Commission, Ecuador (Province of Ecuador) On September 3, the San Juan Eudes School Support Center, a direct ministry of the Congregation of Our Lady of Charity of the Good Shepherd and located in the province of Esmeraldas in Ecuador, reopened its doors after major renovations thanks to the support of the [&hellip;]<\/p>\n","protected":false},"author":2,"featured_media":12929,"comment_status":"closed","ping_status":"open","sticky":false,"template":"","format":"standard","meta":{"footnotes":""},"categories":[106,99],"tags":[],"class_list":["post-12923","post","type-post","status-publish","format-standard","has-post-thumbnail","hentry","category-ecuador","category-girl-child"],"jetpack_featured_media_url":"https:\/\/www.olcgs.org\/wp-content\/uploads\/2025\/09\/IMG_8926_main-scaled.jpg","_links":{"self":[{"href":"https:\/\/www.olcgs.org\/fr\/wp-json\/wp\/v2\/posts\/12923","targetHints":{"allow":["GET"]}}],"collection":[{"href":"https:\/\/www.olcgs.org\/fr\/wp-json\/wp\/v2\/posts"}],"about":[{"href":"https:\/\/www.olcgs.org\/fr\/wp-json\/wp\/v2\/types\/post"}],"author":[{"embeddable":true,"href":"https:\/\/www.olcgs.org\/fr\/wp-json\/wp\/v2\/users\/2"}],"replies":[{"embeddable":true,"href":"https:\/\/www.olcgs.org\/fr\/wp-json\/wp\/v2\/comments?post=12923"}],"version-history":[{"count":11,"href":"https:\/\/www.olcgs.org\/fr\/wp-json\/wp\/v2\/posts\/12923\/revisions"}],"predecessor-version":[{"id":12940,"href":"https:\/\/www.olcgs.org\/fr\/wp-json\/wp\/v2\/posts\/12923\/revisions\/12940"}],"wp:featuredmedia":[{"embeddable":true,"href":"https:\/\/www.olcgs.org\/fr\/wp-json\/wp\/v2\/media\/12929"}],"wp:attachment":[{"href":"https:\/\/www.olcgs.org\/fr\/wp-json\/wp\/v2\/media?parent=12923"}],"wp:term":[{"taxonomy":"category","embeddable":true,"href":"https:\/\/www.olcgs.org\/fr\/wp-json\/wp\/v2\/categories?post=12923"},{"taxonomy":"post_tag","embeddable":true,"href":"https:\/\/www.olcgs.org\/fr\/wp-json\/wp\/v2\/tags?post=12923"}],"curies":[{"name":"wp","href":"https:\/\/api.w.org\/{rel}","templated":true}]}}