{"id":13022,"date":"2025-10-07T12:38:30","date_gmt":"2025-10-07T10:38:30","guid":{"rendered":"https:\/\/www.olcgs.org\/?p=13022"},"modified":"2025-10-25T12:39:36","modified_gmt":"2025-10-25T10:39:36","slug":"called-by-name-sr-nelly-ortega","status":"publish","type":"post","link":"https:\/\/www.olcgs.org\/fr\/called-by-name-sr-nelly-ortega\/","title":{"rendered":"Appel\u00e9e par son nom : Le parcours de s\u0153ur Nelly Ortega vers un engagement \u00e0 vie"},"content":{"rendered":"<p><em>Alors qu'elle s'appr\u00eate \u00e0 s'engager pour la vie dans la mission de NDCBP, s\u0153ur Nelly Ortega, originaire du Honduras, partage avec nous un pan de son cheminement vocationnel. <strong>Sr. Nelly Ortega<\/strong>, from Honduras, shares something of her vocation journey with us. <\/em><\/p>\n<p>Ma vocation est n\u00e9e d'une rencontre personnelle profonde et d'une grande proximit\u00e9 avec Dieu.<\/p>\n<p>J'ai grandi dans une famille catholique fervente \u00e0 Germania, au sud de la capitale du Honduras. Aussi loin que je me souvienne, ma grand-m\u00e8re maternelle nous a guid\u00e9s dans le cat\u00e9chisme en vue des sacrements.<\/p>\n<p>Dans notre famille, nous sommes onze enfants : sept gar\u00e7ons et quatre filles. Je suis la benjamine. Ma grand-m\u00e8re a pr\u00e9par\u00e9 mes dix fr\u00e8res et s\u0153urs \u00e0 leur premi\u00e8re communion et \u00e0 leur confirmation. \u00c9tant la plus jeune, j'\u00e9tais assez g\u00e2t\u00e9e et, pour \u00eatre honn\u00eate, je n'aimais pas vraiment aller au cat\u00e9chisme avec ma grand-m\u00e8re car elle \u00e9tait tr\u00e8s stricte.<\/p>\n<p>Le temps passa et, en 1990, alors que j'avais dix ans, les S\u0153urs de Notre-Dame de la Charit\u00e9 du Bon Pasteur \u2013 qui avaient auparavant \u0153uvr\u00e9 aupr\u00e8s des d\u00e9tenus \u2013 s'install\u00e8rent dans notre village pour poursuivre leur apostolat.<\/p>\n<p>J\u2019ai fait peu \u00e0 peu la connaissance de ces femmes merveilleuses. Leur <strong>d\u00e9vouement envers les enfants, les jeunes et les femmes<\/strong> m'impressionnait profond\u00e9ment. Je commen\u00e7ai \u00e0 leur rendre visite avec mes cousins et mes amis. Ce sont les s\u0153urs qui m\u2019ont pr\u00e9par\u00e9e \u00e0 ma Premi\u00e8re Communion, puis \u00e0 ma Confirmation.<\/p>\n<p>Elles nous ont appris \u00e0 prier et \u00e0 chanter (j'int\u00e9grai la chorale d'enfants) et nous ont initi\u00e9es \u00e0 la p\u00e2tisserie et aux travaux manuels. J'ai appris \u00e0 faire du pain, des g\u00e2teaux et toutes sortes de cr\u00e9ations artisanales. C\u2019est l'une des p\u00e9riodes les plus heureuses de ma vie. J'allais \u00e0 l'\u00e9cole du village le matin et j'attendais avec impatience l'apr\u00e8s-midi pour aller chez les s\u0153urs, o\u00f9 j'apprenais tant de choses nouvelles qui <strong>discr\u00e8tement, fa\u00e7onn\u00e8rent mon c\u0153ur et ma vocation<\/strong>.<\/p>\n<p>Apr\u00e8s quelque temps, j\u2019ai rejoint le groupe de jeunes. \u00c0 dix-huit ans, j\u2019ai ressenti mon premier appel \u00e0 la vie religieuse. Pourtant, j'ai tent\u00e9 d'ignorer l'appel du Bon Pasteur et me suis concentr\u00e9e sur mes \u00e9tudes universitaires. Pendant onze ans, j'ai \u0153uvr\u00e9 comme \u00e9vang\u00e9liste. Avec quelques autres, j'animais des petits groupes de cinq \u00e0 dix familles, leur rendant visite chaque semaine pour partager la Parole de Dieu. Je m'impliquais de plus en plus dans  la mission, tout en \u00e9vitant d'approfondir ma vocation.<\/p>\n<p><img fetchpriority=\"high\" decoding=\"async\" class=\"alignright wp-image-13024 size-medium\" src=\"https:\/\/www.olcgs.org\/wp-content\/uploads\/2025\/10\/4_ed_inset-235x300.jpg\" alt=\"\" width=\"235\" height=\"300\" srcset=\"https:\/\/www.olcgs.org\/wp-content\/uploads\/2025\/10\/4_ed_inset-235x300.jpg 235w, https:\/\/www.olcgs.org\/wp-content\/uploads\/2025\/10\/4_ed_inset-9x12.jpg 9w, https:\/\/www.olcgs.org\/wp-content\/uploads\/2025\/10\/4_ed_inset.jpg 460w\" sizes=\"(max-width: 235px) 100vw, 235px\" \/>Pendant quinze ans, j'ai \u00e9t\u00e9 associ\u00e9e la\u00efque du Bon Pasteur \u2013 ce que nous appelons aujourd'hui partenaire de mission. Pourtant, l'appel du Bon Pasteur ne cessait de r\u00e9sonner en moi. Une <strong>petite flamme br\u00fblait toujours dans mon c\u0153ur \u2013<\/strong>elle vacillait doucement, mais ne s'\u00e9teignait jamais. Je me contentais de consacrer au Seigneur le peu de temps que je pouvais lui offrir \u00e0 travers mon travail pastoral aupr\u00e8s des familles et des enfants, notamment par le cat\u00e9chisme.<\/p>\n<p>Puis, en 2015, lors d'une c\u00e9l\u00e9bration eucharistique, j'ai entendu la voix du Seigneur plus clairement que jamais. Le pr\u00eatre commentait la Premi\u00e8re Lettre de saint Paul aux Corinthiens, o\u00f9 il est dit qu'une femme c\u00e9libataire se soucie de servir le Seigneur. Il m\u2019a expliqu\u00e9 que ce service s\u2019exprime par le <strong>soin apport\u00e9 \u00e0 nos fr\u00e8res et s\u0153urs les plus d\u00e9munis<\/strong>. D\u2019une certaine mani\u00e8re, je le vivais d\u00e9j\u00e0, mais je sentais que le Seigneur me demandait davantage. Il ne voulait plus que je sois seulement cat\u00e9chiste ou \u00e9vang\u00e9lisatrice.<\/p>\n<p>Ce jour-l\u00e0, je me sentais tr\u00e8s agit\u00e9e, alors je suis all\u00e9e parler \u00e0 la s\u0153ur qui m\u2019accompagnait spirituellement. Elle m\u2019a conseill\u00e9 de discerner, et c\u2019est ainsi qu\u2019a commenc\u00e9 ce cheminement \u2013 un cheminement rempli de joies, d\u2019\u00e9preuves, de croissance personnelle, de croix et de gr\u00e2ces \u2013 au cours duquel je r\u00e9affirme sans cesse mon appel et ma vocation.<\/p>\n<p>Si Dieu le veut, en 2026, si le Bon Pasteur et la Congr\u00e9gation le permettent, je prononcerai mes v\u0153ux perp\u00e9tuels<strong>\u2013 mon abandon total au Seigneur qui m\u2019a aim\u00e9e et appel\u00e9e par mon nom<\/strong>.<\/p>\n<p>&nbsp;<\/p>","protected":false},"excerpt":{"rendered":"<p>As she prepares to make her lifelong commitment to the OLCGS mission, Sr. Nelly Ortega, from Honduras, shares something of her vocation journey with us. My calling was born out of a deep personal encounter and closeness with God. I grew up in a devout Catholic family in Germania, south of Honduras\u2019 capital city. For [&hellip;]<\/p>\n","protected":false},"author":2,"featured_media":13023,"comment_status":"closed","ping_status":"open","sticky":false,"template":"","format":"standard","meta":{"footnotes":""},"categories":[84],"tags":[],"class_list":["post-13022","post","type-post","status-publish","format-standard","has-post-thumbnail","hentry","category-honduras"],"jetpack_featured_media_url":"https:\/\/www.olcgs.org\/wp-content\/uploads\/2025\/10\/1_main.jpg","_links":{"self":[{"href":"https:\/\/www.olcgs.org\/fr\/wp-json\/wp\/v2\/posts\/13022","targetHints":{"allow":["GET"]}}],"collection":[{"href":"https:\/\/www.olcgs.org\/fr\/wp-json\/wp\/v2\/posts"}],"about":[{"href":"https:\/\/www.olcgs.org\/fr\/wp-json\/wp\/v2\/types\/post"}],"author":[{"embeddable":true,"href":"https:\/\/www.olcgs.org\/fr\/wp-json\/wp\/v2\/users\/2"}],"replies":[{"embeddable":true,"href":"https:\/\/www.olcgs.org\/fr\/wp-json\/wp\/v2\/comments?post=13022"}],"version-history":[{"count":1,"href":"https:\/\/www.olcgs.org\/fr\/wp-json\/wp\/v2\/posts\/13022\/revisions"}],"predecessor-version":[{"id":13025,"href":"https:\/\/www.olcgs.org\/fr\/wp-json\/wp\/v2\/posts\/13022\/revisions\/13025"}],"wp:featuredmedia":[{"embeddable":true,"href":"https:\/\/www.olcgs.org\/fr\/wp-json\/wp\/v2\/media\/13023"}],"wp:attachment":[{"href":"https:\/\/www.olcgs.org\/fr\/wp-json\/wp\/v2\/media?parent=13022"}],"wp:term":[{"taxonomy":"category","embeddable":true,"href":"https:\/\/www.olcgs.org\/fr\/wp-json\/wp\/v2\/categories?post=13022"},{"taxonomy":"post_tag","embeddable":true,"href":"https:\/\/www.olcgs.org\/fr\/wp-json\/wp\/v2\/tags?post=13022"}],"curies":[{"name":"wp","href":"https:\/\/api.w.org\/{rel}","templated":true}]}}