{"id":13053,"date":"2025-10-01T16:46:46","date_gmt":"2025-10-01T14:46:46","guid":{"rendered":"https:\/\/www.olcgs.org\/?p=13053"},"modified":"2025-11-06T16:54:55","modified_gmt":"2025-11-06T15:54:55","slug":"untying-the-knots-in-la-rioja","status":"publish","type":"post","link":"https:\/\/www.olcgs.org\/fr\/untying-the-knots-in-la-rioja\/","title":{"rendered":"D\u00e9faire les n\u0153uds : C\u00e9l\u00e9brer la vie communautaire \u00e0 La Rioja"},"content":{"rendered":"<p><em>Par Sergio Carion, Argentine (Province d'Argentine \u2013 Uruguay)<\/em><\/p>\n<p>Nich\u00e9e au pied des Andes, dans le nord-ouest de l'Argentine, la<em>Marie qui d\u00e9fait les n\u0153uds<\/em>(\u00ab Marie qui d\u00e9fait les n\u0153uds \u00bb) <strong>de La Rioja <\/strong>s'est r\u00e9unie pendant neuf jours de pri\u00e8re et de service, \u00e0 partir du 19 septembre, \u00e0 l'occasion de la neuvaine annuelle de la paroisse de l'Annonciation.<\/p>\n<p><img fetchpriority=\"high\" decoding=\"async\" class=\"size-medium wp-image-13059 alignright\" src=\"https:\/\/www.olcgs.org\/wp-content\/uploads\/2025\/10\/WhatsApp-Image-2025-09-26-at-00.15.52_sq-300x300.jpg\" alt=\"\" width=\"300\" height=\"300\" srcset=\"https:\/\/www.olcgs.org\/wp-content\/uploads\/2025\/10\/WhatsApp-Image-2025-09-26-at-00.15.52_sq-300x300.jpg 300w, https:\/\/www.olcgs.org\/wp-content\/uploads\/2025\/10\/WhatsApp-Image-2025-09-26-at-00.15.52_sq-150x150.jpg 150w, https:\/\/www.olcgs.org\/wp-content\/uploads\/2025\/10\/WhatsApp-Image-2025-09-26-at-00.15.52_sq-12x12.jpg 12w, https:\/\/www.olcgs.org\/wp-content\/uploads\/2025\/10\/WhatsApp-Image-2025-09-26-at-00.15.52_sq-650x650.jpg 650w, https:\/\/www.olcgs.org\/wp-content\/uploads\/2025\/10\/WhatsApp-Image-2025-09-26-at-00.15.52_sq.jpg 672w\" sizes=\"(max-width: 300px) 100vw, 300px\" \/>Avec les s\u0153urs et les partenaires en mission venus de <strong>Corrientes<\/strong> et <strong>Buenos Aires<\/strong>, nous sommes all\u00e9s \u00e0 la rencontre des familles des quartiers environnants.<\/p>\n<p>En visitant chaque foyer, nous avons partag\u00e9 un message simple mais puissant : l'\u00c9glise a besoin de vous, vous attend, chemine avec vous et prie pour vous. Nous sommes profond\u00e9ment reconnaissants \u00e0 chaque foyer qui a ouvert ses portes pour accueillir Marie et l'\u00c9vangile. Chaque rencontre nous a permis d'\u00e9couter la r\u00e9alit\u00e9 des gens \u2013 leurs <strong>difficult\u00e9s, leurs espoirs et leurs joies<\/strong>\u2026 et nous a rappel\u00e9 la beaut\u00e9 de l'humilit\u00e9 et de la simplicit\u00e9.<\/p>\n<p>L'un des moments les plus marquants : un atelier de musique o\u00f9 les enfants, avec le soutien des s\u0153urs et de leurs familles, ont fabriqu\u00e9 leurs propres instruments \u00e0 partir de <strong>mat\u00e9riaux naturels et locaux<\/strong> , comme des graines et des gousses. Ces instruments ont ensuite \u00e9t\u00e9 utilis\u00e9s lors de leur Premi\u00e8re Communion, une mani\u00e8re joyeuse et inspirante pour les enfants d'exprimer leur cr\u00e9ativit\u00e9, leur foi et leur esprit d'unit\u00e9.<\/p>\n<p><img decoding=\"async\" class=\"alignleft size-medium wp-image-13057\" src=\"https:\/\/www.olcgs.org\/wp-content\/uploads\/2025\/10\/WhatsApp-Image-2025-09-24-at-21.47.08_ed-222x300.jpg\" alt=\"\" width=\"222\" height=\"300\" srcset=\"https:\/\/www.olcgs.org\/wp-content\/uploads\/2025\/10\/WhatsApp-Image-2025-09-24-at-21.47.08_ed-222x300.jpg 222w, https:\/\/www.olcgs.org\/wp-content\/uploads\/2025\/10\/WhatsApp-Image-2025-09-24-at-21.47.08_ed-757x1024.jpg 757w, https:\/\/www.olcgs.org\/wp-content\/uploads\/2025\/10\/WhatsApp-Image-2025-09-24-at-21.47.08_ed-768x1039.jpg 768w, https:\/\/www.olcgs.org\/wp-content\/uploads\/2025\/10\/WhatsApp-Image-2025-09-24-at-21.47.08_ed-9x12.jpg 9w, https:\/\/www.olcgs.org\/wp-content\/uploads\/2025\/10\/WhatsApp-Image-2025-09-24-at-21.47.08_ed.jpg 971w\" sizes=\"(max-width: 222px) 100vw, 222px\" \/>Le 24 septembre, la communaut\u00e9 a effectu\u00e9 un p\u00e8lerinage au couvent des S\u0153urs Contemplatives du Bon Pasteur. L\u00e0, notre cur\u00e9, le P\u00e8re Jorge Vega, a c\u00e9l\u00e9br\u00e9 l'Eucharistie, priant tout particuli\u00e8rement pour les nouvelles vocations dans l'\u00c9glise : pr\u00eatres, religieux et la\u00efcs engag\u00e9s. Les t\u00e9moignages partag\u00e9s par les s\u0153urs, les partenaires en mission et les couples mari\u00e9s pendant la c\u00e9l\u00e9bration ont offert des exemples inspirants de la mani\u00e8re dont Dieu continue d'appeler chacun \u00e0 servir avec amour et g\u00e9n\u00e9rosit\u00e9. La journ\u00e9e s'est conclue par un joyeux moment de partage qui a renforc\u00e9 notre sentiment d'appartenance \u00e0 une <strong>communaut\u00e9 et notre engagement missionnaire<\/strong>.<\/p>\n<p>Le 26 septembre a \u00e9t\u00e9 un jour de f\u00eate : onze enfants ont re\u00e7u l'Eucharistie pour la premi\u00e8re fois. Les parents ont \u00e9t\u00e9 invit\u00e9s \u00e0 guider, nourrir et prot\u00e9ger la foi de leurs enfants, un don pr\u00e9cieux capable de transformer des vies.<\/p>\n<p>La neuvaine s'est conclue par une procession communautaire, la messe et un toast partag\u00e9 en l'honneur de la Vierge Marie, qui nous guide avec amour et nous aide \u00e0 <em>d\u00e9faire les liens<\/em> qui nous emp\u00eachent de nous rapprocher de J\u00e9sus. Ensemble, nous avons r\u00e9affirm\u00e9 l'esp\u00e9rance et le renouveau que la foi apporte \u00e0 notre quotidien.<\/p>\n<p style=\"text-align: center;\"><img decoding=\"async\" class=\"aligncenter wp-image-13225 size-large\" src=\"https:\/\/www.olcgs.org\/wp-content\/uploads\/2025\/10\/WhatsApp-Image-2025-09-24-at-21.39.43_ed-1-1024x576.jpg\" alt=\"\" width=\"800\" height=\"450\" srcset=\"https:\/\/www.olcgs.org\/wp-content\/uploads\/2025\/10\/WhatsApp-Image-2025-09-24-at-21.39.43_ed-1-1024x576.jpg 1024w, https:\/\/www.olcgs.org\/wp-content\/uploads\/2025\/10\/WhatsApp-Image-2025-09-24-at-21.39.43_ed-1-300x169.jpg 300w, https:\/\/www.olcgs.org\/wp-content\/uploads\/2025\/10\/WhatsApp-Image-2025-09-24-at-21.39.43_ed-1-768x432.jpg 768w, https:\/\/www.olcgs.org\/wp-content\/uploads\/2025\/10\/WhatsApp-Image-2025-09-24-at-21.39.43_ed-1-18x10.jpg 18w, https:\/\/www.olcgs.org\/wp-content\/uploads\/2025\/10\/WhatsApp-Image-2025-09-24-at-21.39.43_ed-1.jpg 1472w\" sizes=\"(max-width: 800px) 100vw, 800px\" \/><\/p>\n<p>Ce temps de c\u00e9l\u00e9bration a laiss\u00e9 des traces ind\u00e9l\u00e9biles : de petits gestes devenus significatifs, des rencontres qui ont raviv\u00e9 la foi et de nouveaux liens qui <strong>renforcent notre mission de service<\/strong>.<\/p>\n<p>Nous croyons que ce n'est qu'un d\u00e9but. La graine a \u00e9t\u00e9 sem\u00e9e et le d\u00e9sir de continuer \u00e0 porter l'\u00c9vangile et le r\u00e9confort de Marie \u00e0 tous demeure vivace. Nous nous r\u00e9jouissons de renouveler cette exp\u00e9rience l'ann\u00e9e prochaine,<strong>le c\u0153ur ouvert, les mains pr\u00eates \u00e0 servir, avec la certitude que Dieu continue d'accomplir des merveilles parmi son peuple<\/strong>.<\/p>","protected":false},"excerpt":{"rendered":"<p>By Sergio Carion, Argentina (Province of Argentina \u2013 Uruguay) Nestled in the foothills of the Andes in northwestern Argentina, the \u2018Mar\u00eda que Desata los Nudos\u2019 (\u2018Mary Who Unties Knots\u2019) Community in La Rioja gathered for nine days of prayer and service from September 19 as the Parish of the Annunciation of the Lord celebrated its [&hellip;]<\/p>\n","protected":false},"author":2,"featured_media":13056,"comment_status":"closed","ping_status":"open","sticky":false,"template":"","format":"standard","meta":{"footnotes":""},"categories":[74,73],"tags":[],"class_list":["post-13053","post","type-post","status-publish","format-standard","has-post-thumbnail","hentry","category-argentina","category-uruguay"],"jetpack_featured_media_url":"https:\/\/www.olcgs.org\/wp-content\/uploads\/2025\/10\/WhatsApp-Image-2025-09-28-at-13.39.15-2_ed.jpg","_links":{"self":[{"href":"https:\/\/www.olcgs.org\/fr\/wp-json\/wp\/v2\/posts\/13053","targetHints":{"allow":["GET"]}}],"collection":[{"href":"https:\/\/www.olcgs.org\/fr\/wp-json\/wp\/v2\/posts"}],"about":[{"href":"https:\/\/www.olcgs.org\/fr\/wp-json\/wp\/v2\/types\/post"}],"author":[{"embeddable":true,"href":"https:\/\/www.olcgs.org\/fr\/wp-json\/wp\/v2\/users\/2"}],"replies":[{"embeddable":true,"href":"https:\/\/www.olcgs.org\/fr\/wp-json\/wp\/v2\/comments?post=13053"}],"version-history":[{"count":8,"href":"https:\/\/www.olcgs.org\/fr\/wp-json\/wp\/v2\/posts\/13053\/revisions"}],"predecessor-version":[{"id":13226,"href":"https:\/\/www.olcgs.org\/fr\/wp-json\/wp\/v2\/posts\/13053\/revisions\/13226"}],"wp:featuredmedia":[{"embeddable":true,"href":"https:\/\/www.olcgs.org\/fr\/wp-json\/wp\/v2\/media\/13056"}],"wp:attachment":[{"href":"https:\/\/www.olcgs.org\/fr\/wp-json\/wp\/v2\/media?parent=13053"}],"wp:term":[{"taxonomy":"category","embeddable":true,"href":"https:\/\/www.olcgs.org\/fr\/wp-json\/wp\/v2\/categories?post=13053"},{"taxonomy":"post_tag","embeddable":true,"href":"https:\/\/www.olcgs.org\/fr\/wp-json\/wp\/v2\/tags?post=13053"}],"curies":[{"name":"wp","href":"https:\/\/api.w.org\/{rel}","templated":true}]}}