{"id":13636,"date":"2025-12-04T12:09:29","date_gmt":"2025-12-04T11:09:29","guid":{"rendered":"https:\/\/www.olcgs.org\/?p=13636"},"modified":"2025-12-08T12:19:44","modified_gmt":"2025-12-08T11:19:44","slug":"pope-leo-xivs-historic-visit-to-lebanon","status":"publish","type":"post","link":"https:\/\/www.olcgs.org\/fr\/pope-leo-xivs-historic-visit-to-lebanon\/","title":{"rendered":"Visite historique du pape L\u00e9on XIV au Liban : Une nation pleine d\u2019esp\u00e9rance"},"content":{"rendered":"<p><em>Par Marina Chaaya, charg\u00e9e de communication, Bureau du d\u00e9veloppement des missions, Liban<\/em><\/p>\n<p>Du 30 novembre au 2 d\u00e9cembre 2025, le Liban a accueilli le <strong>le pape L\u00e9on XIV<\/strong> lors d\u2019une visite historique qui a insuffl\u00e9 \u00e0 la nation esp\u00e9rance, gratitude et unit\u00e9 renouvel\u00e9e. Ces trois jours ont d\u00e9pass\u00e9 le simple cadre d\u2019\u00e9v\u00e9nements officiels : ils ont repr\u00e9sent\u00e9 un v\u00e9ritable renouveau spirituel et une c\u00e9l\u00e9bration nationale, \u00e0 un moment o\u00f9 le pays aspirait profond\u00e9ment \u00e0 \u00eatre rassur\u00e9.<\/p>\n<p>Le premier jour a donn\u00e9 le ton. \u00c0 l\u2019arriv\u00e9e du pape \u00e0 l\u2019a\u00e9roport international de Beyrouth, une foule immense, brandissant des drapeaux libanais et vaticanais, s\u2019\u00e9tait mass\u00e9e le long des routes, tandis que l\u2019arm\u00e9e de l\u2019air libanaise escortait son atterrissage. Malgr\u00e9 une pluie battante, la c\u00e9r\u00e9monie d\u2019accueil au palais pr\u00e9sidentiel fut vibrante et joyeuse : une troupe de dabk\u00e9 d\u2019une centaine de personnes a dans\u00e9 autour de l\u2019entr\u00e9e, et un spectacle de lumi\u00e8res 3D a illumin\u00e9 la fa\u00e7ade du palais, retra\u00e7ant l\u2019histoire, la r\u00e9silience et la renaissance du Liban. Ce m\u00e9lange de musique, de pluie et d\u2019\u00e9motion refl\u00e9tait l\u2019esprit du pays : bless\u00e9, mais d\u00e9termin\u00e9 \u00e0 se relever.<\/p>\n<p>Lors de la c\u00e9r\u00e9monie, le pr\u00e9sident Joseph Aoun a prononc\u00e9 un discours poignant au nom de tous les Libanais. Avec une conviction vibrante, il a d\u00e9clar\u00e9 : <em>''Dites au monde que nous ne mourrons pas, que nous ne partirons pas, que nous ne d\u00e9sesp\u00e9rerons pas et que nous ne capitulerons pas.''<\/em> Il a d\u00e9crit les Libanais comme <em>''des enfants de l\u2019esp\u00e9rance, des enfants de la R\u00e9surrection\u2026 des disciples de Celui qui nous a dit de ne pas craindre, mais de lui faire confiance.''<\/em> Ses paroles ont profond\u00e9ment touch\u00e9 une population qui, <strong>malgr\u00e9 les \u00e9preuves, refuse de perdre foi en sa patrie<\/strong>.<\/p>\n<p>Dans son discours aux responsables, diplomates et chefs religieux libanais, le pape L\u00e9on XIV a fait \u00e9cho aux propos du pr\u00e9sident. <strong>Il a salu\u00e9 l\u2019extraordinaire r\u00e9silience du peuple libanais<\/strong>, affirmant qu\u2019 <em>''il existe une qualit\u00e9 rayonnante qui distingue les Libanais : vous \u00eates un peuple qui ne renonce pas, mais qui, face aux \u00e9preuves, sait toujours se relever avec courage.''<\/em> Il a exhort\u00e9 les dirigeants \u00e0 s\u2019engager en faveur de la paix, de la justice et de la coexistence, leur rappelant que la diversit\u00e9 du Liban n\u2019est pas un fardeau, mais une richesse.<\/p>\n<p><img decoding=\"async\" class=\"alignleft size-medium wp-image-13639\" src=\"https:\/\/www.olcgs.org\/wp-content\/uploads\/2025\/12\/Pope-Visit-Group-1_ed-150x300.jpeg\" alt=\"\" width=\"150\" height=\"300\" srcset=\"https:\/\/www.olcgs.org\/wp-content\/uploads\/2025\/12\/Pope-Visit-Group-1_ed-150x300.jpeg 150w, https:\/\/www.olcgs.org\/wp-content\/uploads\/2025\/12\/Pope-Visit-Group-1_ed-512x1024.jpeg 512w, https:\/\/www.olcgs.org\/wp-content\/uploads\/2025\/12\/Pope-Visit-Group-1_ed-6x12.jpeg 6w, https:\/\/www.olcgs.org\/wp-content\/uploads\/2025\/12\/Pope-Visit-Group-1_ed.jpeg 554w\" sizes=\"(max-width: 150px) 100vw, 150px\" \/>Les jours suivants ont \u00e9t\u00e9 marqu\u00e9s par des moments profond\u00e9ment symboliques. Au port de Beyrouth, devant le m\u00e9morial de l'explosion de 2020, il a observ\u00e9 une pri\u00e8re silencieuse et rencontr\u00e9 les familles des victimes \u2013 un geste qui a apport\u00e9 du r\u00e9confort \u00e0 beaucoup, encore marqu\u00e9s par la douleur du deuil. \u00c0 Annaya, il s'est recueilli devant le tombeau de saint Charbel, o\u00f9 des milliers de personnes s'\u00e9taient rassembl\u00e9es le long des routes, agitant des drapeaux et portant des bougies pour l'accueillir. Sa visite \u00e0 l'h\u00f4pital psychiatrique de la Croix a soulign\u00e9 son message de compassion, de dignit\u00e9 et de sollicitude envers les plus vuln\u00e9rables.<\/p>\n<p>L'un des moments les plus \u00e9mouvants a r\u00e9uni plus de <strong>13 000 jeunes<\/strong> Libanais et \u00e9trangers. Ils ont pr\u00e9sent\u00e9 des \u0153uvres d'art, des t\u00e9moignages et des pri\u00e8res, exprimant leur d\u00e9sir de rester au Liban et de contribuer \u00e0 sa reconstruction. Les encourageant, le pape a exhort\u00e9 les jeunes \u00e0 devenir des <em>''artisans de paix''<\/em> et \u00e0 croire en leur r\u00f4le dans la construction de l'avenir du pays.<\/p>\n<p style=\"text-align: center;\"><img fetchpriority=\"high\" decoding=\"async\" class=\"aligncenter wp-image-13641 size-large\" src=\"https:\/\/www.olcgs.org\/wp-content\/uploads\/2025\/12\/Pope-Visit-Group-1.3_ed-1024x586.png\" alt=\"\" width=\"800\" height=\"458\" srcset=\"https:\/\/www.olcgs.org\/wp-content\/uploads\/2025\/12\/Pope-Visit-Group-1.3_ed-1024x586.png 1024w, https:\/\/www.olcgs.org\/wp-content\/uploads\/2025\/12\/Pope-Visit-Group-1.3_ed-300x172.png 300w, https:\/\/www.olcgs.org\/wp-content\/uploads\/2025\/12\/Pope-Visit-Group-1.3_ed-768x439.png 768w, https:\/\/www.olcgs.org\/wp-content\/uploads\/2025\/12\/Pope-Visit-Group-1.3_ed-18x10.png 18w, https:\/\/www.olcgs.org\/wp-content\/uploads\/2025\/12\/Pope-Visit-Group-1.3_ed.png 1280w\" sizes=\"(max-width: 800px) 100vw, 800px\" \/><\/p>\n<p>La visite s'est conclue par une messe \u00e9mouvante sur les quais de Beyrouth, en pr\u00e9sence de dizaines de milliers de fid\u00e8les. Dans son hom\u00e9lie, le Pape a invit\u00e9 le peuple libanais \u00e0 <em>''cultiver la gratitude''<\/em> envers leur terre et \u00e0 \u00eatre <em>''b\u00e2tisseurs, messagers et t\u00e9moins de paix.''<\/em> \u00c9voquant le <strong>c\u00e8dre embl\u00e9matique du Liban<\/strong>, il a exhort\u00e9 chacun \u00e0 s'accrocher \u00e0 la <em>''petite branche''<\/em> de la foi, source d'espoir pour <em>''un Liban uni o\u00f9 r\u00e8gnent la paix et la justice.''<\/em><\/p>\n<p style=\"text-align: center;\"><img decoding=\"async\" class=\"aligncenter wp-image-13642 size-large\" src=\"https:\/\/www.olcgs.org\/wp-content\/uploads\/2025\/12\/Pope-Visit-Group-1.4_169-1024x576.jpeg\" alt=\"\" width=\"800\" height=\"450\" srcset=\"https:\/\/www.olcgs.org\/wp-content\/uploads\/2025\/12\/Pope-Visit-Group-1.4_169-1024x576.jpeg 1024w, https:\/\/www.olcgs.org\/wp-content\/uploads\/2025\/12\/Pope-Visit-Group-1.4_169-300x169.jpeg 300w, https:\/\/www.olcgs.org\/wp-content\/uploads\/2025\/12\/Pope-Visit-Group-1.4_169-768x432.jpeg 768w, https:\/\/www.olcgs.org\/wp-content\/uploads\/2025\/12\/Pope-Visit-Group-1.4_169-18x10.jpeg 18w, https:\/\/www.olcgs.org\/wp-content\/uploads\/2025\/12\/Pope-Visit-Group-1.4_169.jpeg 1218w\" sizes=\"(max-width: 800px) 100vw, 800px\" \/><\/p>\n<p>Pour de nombreux Libanais \u2013 chr\u00e9tiens, musulmans et personnes de toutes origines \u2013, la pr\u00e9sence du Pape a \u00e9t\u00e9 v\u00e9cue comme une b\u00e9n\u00e9diction. Pour ceux qui \u0153uvrent dans le <strong>domaine social, aupr\u00e8s des familles d\u00e9plac\u00e9es, des plus d\u00e9munis et des bless\u00e9s<\/strong>, ses paroles ont insuffl\u00e9 force et d\u00e9termination.<\/p>\n<p>Les S\u0153urs du Bon Pasteur poursuivent leur mission \u00e0 travers le Liban \u2013 <strong>soigner, \u00e9duquer, prot\u00e9ger et accompagner les plus touch\u00e9s par la crise<\/strong> \u2013, et la visite du Pape est un appel renouvel\u00e9 \u00e0 la pers\u00e9v\u00e9rance. Son message nous rappelle que chaque acte de compassion, chaque enfant r\u00e9confort\u00e9, chaque famille soutenue et chaque pas vers la paix porte en lui le m\u00eame esprit qu'il a c\u00e9l\u00e9br\u00e9 au Liban : l'esprit d'un peuple qui refuse de baisser les bras.<\/p>\n<p>Que l\u2019esp\u00e9rance sem\u00e9e durant ces jours b\u00e9nis inspire notre mission de Bon Pasteur et soutienne notre nation tandis que nous cheminons ensemble vers un avenir enracin\u00e9 dans la dignit\u00e9, la foi et l\u2019amour.<\/p>\n<p><a href=\"https:\/\/www.goodshepherdsisters.me\/en\/Accueil\" target=\"_blank\" rel=\"noopener\">D\u00e9couvrez-en davantage sur la mission du Bon Pasteur au Liban ici<\/a>.<\/p>","protected":false},"excerpt":{"rendered":"<p>By Marina Chaaya, Communication Officer, Mission Development Office, Lebanon From November 30 to December 2, 2025, Lebanon welcomed Pope Leo XIV in a historic visit that touched the nation with hope, gratitude, and renewed unity. What unfolded during those three days was more than a series of official events \u2014 it was a moment of [&hellip;]<\/p>\n","protected":false},"author":2,"featured_media":13638,"comment_status":"closed","ping_status":"open","sticky":false,"template":"","format":"standard","meta":{"footnotes":""},"categories":[52],"tags":[],"class_list":["post-13636","post","type-post","status-publish","format-standard","has-post-thumbnail","hentry","category-lebanon"],"jetpack_featured_media_url":"https:\/\/www.olcgs.org\/wp-content\/uploads\/2025\/12\/Pope-Visit-Group-1.2_main.jpeg","_links":{"self":[{"href":"https:\/\/www.olcgs.org\/fr\/wp-json\/wp\/v2\/posts\/13636","targetHints":{"allow":["GET"]}}],"collection":[{"href":"https:\/\/www.olcgs.org\/fr\/wp-json\/wp\/v2\/posts"}],"about":[{"href":"https:\/\/www.olcgs.org\/fr\/wp-json\/wp\/v2\/types\/post"}],"author":[{"embeddable":true,"href":"https:\/\/www.olcgs.org\/fr\/wp-json\/wp\/v2\/users\/2"}],"replies":[{"embeddable":true,"href":"https:\/\/www.olcgs.org\/fr\/wp-json\/wp\/v2\/comments?post=13636"}],"version-history":[{"count":4,"href":"https:\/\/www.olcgs.org\/fr\/wp-json\/wp\/v2\/posts\/13636\/revisions"}],"predecessor-version":[{"id":13644,"href":"https:\/\/www.olcgs.org\/fr\/wp-json\/wp\/v2\/posts\/13636\/revisions\/13644"}],"wp:featuredmedia":[{"embeddable":true,"href":"https:\/\/www.olcgs.org\/fr\/wp-json\/wp\/v2\/media\/13638"}],"wp:attachment":[{"href":"https:\/\/www.olcgs.org\/fr\/wp-json\/wp\/v2\/media?parent=13636"}],"wp:term":[{"taxonomy":"category","embeddable":true,"href":"https:\/\/www.olcgs.org\/fr\/wp-json\/wp\/v2\/categories?post=13636"},{"taxonomy":"post_tag","embeddable":true,"href":"https:\/\/www.olcgs.org\/fr\/wp-json\/wp\/v2\/tags?post=13636"}],"curies":[{"name":"wp","href":"https:\/\/api.w.org\/{rel}","templated":true}]}}