{"id":13907,"date":"2026-01-27T14:55:40","date_gmt":"2026-01-27T13:55:40","guid":{"rendered":"https:\/\/www.olcgs.org\/?p=13907"},"modified":"2026-01-27T15:09:00","modified_gmt":"2026-01-27T14:09:00","slug":"five-decades-of-service-in-senegal","status":"publish","type":"post","link":"https:\/\/www.olcgs.org\/fr\/five-decades-of-service-in-senegal\/","title":{"rendered":"Enracin\u00e9es dans l\u2019esp\u00e9rance : cinq d\u00e9cennies de service au S\u00e9n\u00e9gal"},"content":{"rendered":"<p><em>Adapt\u00e9 d\u2019un article de Sr Marie-Fran\u00e7oise Th\u00e9r\u00e8se Fons, Charg\u00e9e de communication, S\u00e9n\u00e9gal (Province de l\u2019Afrique de l\u2019Ouest)\u00a0<\/em><\/p>\n<p><img fetchpriority=\"high\" decoding=\"async\" class=\"alignright size-medium wp-image-13908\" src=\"https:\/\/www.olcgs.org\/wp-content\/uploads\/2026\/01\/WhatsApp-Image-2025-12-05-at-10.32.27-PM-2-300x273.jpeg\" alt=\"\" width=\"300\" height=\"273\" srcset=\"https:\/\/www.olcgs.org\/wp-content\/uploads\/2026\/01\/WhatsApp-Image-2025-12-05-at-10.32.27-PM-2-300x273.jpeg 300w, https:\/\/www.olcgs.org\/wp-content\/uploads\/2026\/01\/WhatsApp-Image-2025-12-05-at-10.32.27-PM-2-1024x931.jpeg 1024w, https:\/\/www.olcgs.org\/wp-content\/uploads\/2026\/01\/WhatsApp-Image-2025-12-05-at-10.32.27-PM-2-768x698.jpeg 768w, https:\/\/www.olcgs.org\/wp-content\/uploads\/2026\/01\/WhatsApp-Image-2025-12-05-at-10.32.27-PM-2-1536x1397.jpeg 1536w, https:\/\/www.olcgs.org\/wp-content\/uploads\/2026\/01\/WhatsApp-Image-2025-12-05-at-10.32.27-PM-2-13x12.jpeg 13w, https:\/\/www.olcgs.org\/wp-content\/uploads\/2026\/01\/WhatsApp-Image-2025-12-05-at-10.32.27-PM-2.jpeg 1600w\" sizes=\"(max-width: 300px) 100vw, 300px\" \/>Sous le th\u00e8me ''<em>P\u00e8lerins d\u2019esp\u00e9rance sur les chemins de la mis\u00e9ricorde, de la r\u00e9conciliation et de la culture universelle de la justice<\/em>,'' la communaut\u00e9 des s\u0153urs au S\u00e9n\u00e9gal a r\u00e9cemment marqu\u00e9 l\u2019ouverture officielle du <strong>Jubil\u00e9 d\u2019or<\/strong> des cinquante ann\u00e9es de pr\u00e9sence de Notre-Dame de Charit\u00e9 du Bon Pasteur au S\u00e9n\u00e9gal.<\/p>\n<p>Ce temps fort de communion et de discernement a \u00e9t\u00e9 marqu\u00e9 \u00e0 la fois par la c\u00e9l\u00e9bration et la rencontre, alors que la communaut\u00e9 accueillait la Responsable de la Congr\u00e9gation, Sr Joan Marie Lopez, accompagn\u00e9e de deux Conseill\u00e8res, les S\u0153urs Marie-Fran\u00e7oise et Josita Correra, pour une visite canonique du 20 au 27 novembre 2025. Cette visite importante a ouvert un espace d\u2019\u00e9coute partag\u00e9e, de relecture sinc\u00e8re et d\u2019attention renouvel\u00e9e aux r\u00e9alit\u00e9s de la vie apostolique et communautaire.<\/p>\n<p style=\"text-align: center;\"><img decoding=\"async\" class=\"aligncenter wp-image-13915 size-full\" src=\"https:\/\/www.olcgs.org\/wp-content\/uploads\/2026\/01\/Photo-de-la-communaute-avec-la-deleguee-du-Senegal-converti-depuis-jpeg_169.jpeg\" alt=\"\" width=\"1023\" height=\"575\" srcset=\"https:\/\/www.olcgs.org\/wp-content\/uploads\/2026\/01\/Photo-de-la-communaute-avec-la-deleguee-du-Senegal-converti-depuis-jpeg_169.jpeg 1023w, https:\/\/www.olcgs.org\/wp-content\/uploads\/2026\/01\/Photo-de-la-communaute-avec-la-deleguee-du-Senegal-converti-depuis-jpeg_169-300x169.jpeg 300w, https:\/\/www.olcgs.org\/wp-content\/uploads\/2026\/01\/Photo-de-la-communaute-avec-la-deleguee-du-Senegal-converti-depuis-jpeg_169-768x432.jpeg 768w, https:\/\/www.olcgs.org\/wp-content\/uploads\/2026\/01\/Photo-de-la-communaute-avec-la-deleguee-du-Senegal-converti-depuis-jpeg_169-18x10.jpeg 18w\" sizes=\"(max-width: 1023px) 100vw, 1023px\" \/><\/p>\n<p>Les c\u00e9l\u00e9brations jubilaires ont \u00e9t\u00e9 enrichies par le Jubil\u00e9 d\u2019argent des S\u0153urs Brigitte Thimbane Ndione, Jeanne Dibor Ndene et Perline Rasoanandrasana, qui ont c\u00e9l\u00e9br\u00e9 vingt-cinq ans de vie religieuse. Leur engagement de longue date t\u00e9moigne de la pers\u00e9v\u00e9rance et de la fid\u00e9lit\u00e9 discr\u00e8te qui ont soutenu la mission du Bon Pasteur au S\u00e9n\u00e9gal au fil des d\u00e9cennies. Leur t\u00e9moignage met en lumi\u00e8re <strong>le lien indissociable entre vocation personnelle et mission communautaire<\/strong>, chacune fortifiant l\u2019autre au fil du temps.<\/p>\n<p style=\"text-align: center;\"><img decoding=\"async\" class=\"aligncenter wp-image-13909 size-full\" src=\"https:\/\/www.olcgs.org\/wp-content\/uploads\/2026\/01\/les-soeurs-jubilaires-converti-depuis_ed.jpeg\" alt=\"\" width=\"825\" height=\"585\" srcset=\"https:\/\/www.olcgs.org\/wp-content\/uploads\/2026\/01\/les-soeurs-jubilaires-converti-depuis_ed.jpeg 825w, https:\/\/www.olcgs.org\/wp-content\/uploads\/2026\/01\/les-soeurs-jubilaires-converti-depuis_ed-300x213.jpeg 300w, https:\/\/www.olcgs.org\/wp-content\/uploads\/2026\/01\/les-soeurs-jubilaires-converti-depuis_ed-768x545.jpeg 768w, https:\/\/www.olcgs.org\/wp-content\/uploads\/2026\/01\/les-soeurs-jubilaires-converti-depuis_ed-18x12.jpeg 18w\" sizes=\"(max-width: 825px) 100vw, 825px\" \/><\/p>\n<p>Les S\u0153urs sont arriv\u00e9es pour la premi\u00e8re fois \u00e0 Thi\u00e8s en 1976, en r\u00e9ponse aux besoins urgents de jeunes filles confront\u00e9es \u00e0 des possibilit\u00e9s \u00e9ducatives et \u00e9conomiques limit\u00e9es. Les premi\u00e8res initiatives ont port\u00e9 sur la formation professionnelle en couture et en broderie, offrant des comp\u00e9tences pratiques favorisant <strong>la dignit\u00e9, l\u2019autonomie et des moyens de subsistance durables<\/strong>. Peu \u00e0 peu, ce modeste commencement s\u2019est \u00e9largi pour devenir une mission d\u2019envergure nationale. Aujourd\u2019hui, des centres de formation professionnelle et des foyers d\u2019accueil sont pr\u00e9sents \u00e0 Thi\u00e8s, Dakar et Mbour, et rejoignent des femmes et des jeunes filles dont les parcours sont marqu\u00e9s par la pauvret\u00e9, la migration, l\u2019instabilit\u00e9 familiale et la violence.<\/p>\n<p>Plusieurs \u00e9tapes cl\u00e9s t\u00e9moignent de cette croissance. Le <strong>Centre Sainte-Marie-Euphrasie<\/strong>, cr\u00e9\u00e9 en 1997, et le <strong>Centre Augustina Rivas<\/strong>, ouvert en 2002, ont \u00e9largi la formation au-del\u00e0 des seules comp\u00e9tences techniques. Outre l\u2019alphab\u00e9tisation et la formation professionnelle, les participantes b\u00e9n\u00e9ficient d\u2019enseignements sur les droits du travail, la sant\u00e9 et la gestion familiale. Ces centres sont devenus des lieux o\u00f9 les femmes peuvent retrouver confiance, d\u00e9couvrir leurs capacit\u00e9s et envisager de nouvelles perspectives pour elles-m\u00eames et leurs familles.<\/p>\n<p>Au cours de ces cinq d\u00e9cennies, la mission a directement accompagn\u00e9 plus de<strong> 4 000 filles, femmes et enfants<\/strong>Gr\u00e2ce aux initiatives de microcr\u00e9dit et aux groupes d\u2019\u00e9pargne, des femmes confront\u00e9es au sous-emploi ont pu acc\u00e9der \u00e0 des ressources financi\u00e8res et \u00e0 un soutien collectif. \u00c0 Dakar, le <strong>foyer Ker Rose Virginie a<\/strong> offert un refuge \u00e0 des centaines de femmes et d\u2019enfants victimes de violences domestiques, de ruptures familiales ou d\u2019exclusion sociale. L\u2019accompagnement psychologique, le soutien m\u00e9dical et des parcours structur\u00e9s de r\u00e9insertion constituent le socle de cette action. Ces initiatives ne sont pas de simples programmes sociaux ; elles expriment la conviction que chaque personne poss\u00e8de une dignit\u00e9 intrins\u00e8que et le droit de vivre dans le respect.<\/p>\n<p style=\"text-align: center;\"><img loading=\"lazy\" decoding=\"async\" class=\"aligncenter wp-image-13916 size-full\" src=\"https:\/\/www.olcgs.org\/wp-content\/uploads\/2026\/01\/WhatsApp-Image-2025-12-05-at-10.32.28-PM4_ed-1.jpeg\" alt=\"\" width=\"956\" height=\"687\" srcset=\"https:\/\/www.olcgs.org\/wp-content\/uploads\/2026\/01\/WhatsApp-Image-2025-12-05-at-10.32.28-PM4_ed-1.jpeg 956w, https:\/\/www.olcgs.org\/wp-content\/uploads\/2026\/01\/WhatsApp-Image-2025-12-05-at-10.32.28-PM4_ed-1-300x216.jpeg 300w, https:\/\/www.olcgs.org\/wp-content\/uploads\/2026\/01\/WhatsApp-Image-2025-12-05-at-10.32.28-PM4_ed-1-768x552.jpeg 768w, https:\/\/www.olcgs.org\/wp-content\/uploads\/2026\/01\/WhatsApp-Image-2025-12-05-at-10.32.28-PM4_ed-1-18x12.jpeg 18w\" sizes=\"(max-width: 956px) 100vw, 956px\" \/><\/p>\n<p>Au fil de l\u2019ann\u00e9e jubilaire, la communaut\u00e9 puise son inspiration dans les paroles de saint Jean-Paul II : ''<em>Souviens-toi du pass\u00e9 avec gratitude, vis le pr\u00e9sent avec enthousiasme, regarde l\u2019avenir avec confiance<\/em>,'' En faisant m\u00e9moire des cinquante ann\u00e9es de pr\u00e9sence de la Congr\u00e9gation sur la terre s\u00e9n\u00e9galaise, la communaut\u00e9 rend gr\u00e2ce pour les semences d\u2019amour, de justice et de mis\u00e9ricorde sem\u00e9es au fil des ann\u00e9es, souvent dans des contextes exigeants, mais toujours port\u00e9es par la fid\u00e9lit\u00e9 de Dieu.<\/p>\n<p><img loading=\"lazy\" decoding=\"async\" class=\"alignleft size-medium wp-image-13919\" src=\"https:\/\/www.olcgs.org\/wp-content\/uploads\/2026\/01\/WhatsApp-Image-2025-12-05-at-10.32.28-PM5_sq-300x300.jpeg\" alt=\"\" width=\"300\" height=\"300\" srcset=\"https:\/\/www.olcgs.org\/wp-content\/uploads\/2026\/01\/WhatsApp-Image-2025-12-05-at-10.32.28-PM5_sq-300x300.jpeg 300w, https:\/\/www.olcgs.org\/wp-content\/uploads\/2026\/01\/WhatsApp-Image-2025-12-05-at-10.32.28-PM5_sq-150x150.jpeg 150w, https:\/\/www.olcgs.org\/wp-content\/uploads\/2026\/01\/WhatsApp-Image-2025-12-05-at-10.32.28-PM5_sq-12x12.jpeg 12w, https:\/\/www.olcgs.org\/wp-content\/uploads\/2026\/01\/WhatsApp-Image-2025-12-05-at-10.32.28-PM5_sq-650x650.jpeg 650w, https:\/\/www.olcgs.org\/wp-content\/uploads\/2026\/01\/WhatsApp-Image-2025-12-05-at-10.32.28-PM5_sq.jpeg 716w\" sizes=\"(max-width: 300px) 100vw, 300px\" \/>Le pr\u00e9sent est accueilli comme un temps de gr\u00e2ce, marqu\u00e9 par une dynamique de renouveau spirituel et apostolique. La visite canonique a permis de relire le chemin parcouru, de renforcer la communion fraternelle et d\u2019encourager chacune \u00e0 poursuivre la mission avec un enthousiasme renouvel\u00e9, dans la fid\u00e9lit\u00e9 au charisme du Bon Pasteur et aux orientations de la Congr\u00e9gation.<\/p>\n<p>Tourn\u00e9e vers l\u2019avenir avec confiance, la communaut\u00e9 r\u00e9affirme sa disponibilit\u00e9 \u00e0 r\u00e9pondre aux appels de l\u2019\u00c9glise et aux d\u00e9fis du contexte s\u00e9n\u00e9galais. Forte de l\u2019h\u00e9ritage re\u00e7u et <strong>enracin\u00e9e dans l\u2019esp\u00e9rance<\/strong>, elle s\u2019engage \u00e0 poursuivre sa mission au service des plus vuln\u00e9rables, dans un esprit de cr\u00e9ativit\u00e9 apostolique, de coresponsabilit\u00e9 et de foi profonde en l\u2019action de l\u2019Esprit Saint.<\/p>","protected":false},"excerpt":{"rendered":"<p>Edited from an article by Sr Marie Fran\u00e7oise Th\u00e9r\u00e8se Fons, Communication Officer, Senegal (Province of West Africa)\u00a0 Under the theme \u201cPilgrims of hope on the paths of mercy, reconciliation, and a universal culture of justice,\u201d the community of sisters in Senegal recently marked the official opening of the Golden Jubilee of 50 years of presence [&hellip;]<\/p>\n","protected":false},"author":2,"featured_media":13918,"comment_status":"closed","ping_status":"open","sticky":false,"template":"","format":"standard","meta":{"footnotes":""},"categories":[32,113],"tags":[],"class_list":["post-13907","post","type-post","status-publish","format-standard","has-post-thumbnail","hentry","category-rimoa","category-senegal"],"jetpack_featured_media_url":"https:\/\/www.olcgs.org\/wp-content\/uploads\/2026\/01\/Visite-des-missions-converti-depuis-jpeg_ed-1.jpeg","_links":{"self":[{"href":"https:\/\/www.olcgs.org\/fr\/wp-json\/wp\/v2\/posts\/13907","targetHints":{"allow":["GET"]}}],"collection":[{"href":"https:\/\/www.olcgs.org\/fr\/wp-json\/wp\/v2\/posts"}],"about":[{"href":"https:\/\/www.olcgs.org\/fr\/wp-json\/wp\/v2\/types\/post"}],"author":[{"embeddable":true,"href":"https:\/\/www.olcgs.org\/fr\/wp-json\/wp\/v2\/users\/2"}],"replies":[{"embeddable":true,"href":"https:\/\/www.olcgs.org\/fr\/wp-json\/wp\/v2\/comments?post=13907"}],"version-history":[{"count":5,"href":"https:\/\/www.olcgs.org\/fr\/wp-json\/wp\/v2\/posts\/13907\/revisions"}],"predecessor-version":[{"id":13920,"href":"https:\/\/www.olcgs.org\/fr\/wp-json\/wp\/v2\/posts\/13907\/revisions\/13920"}],"wp:featuredmedia":[{"embeddable":true,"href":"https:\/\/www.olcgs.org\/fr\/wp-json\/wp\/v2\/media\/13918"}],"wp:attachment":[{"href":"https:\/\/www.olcgs.org\/fr\/wp-json\/wp\/v2\/media?parent=13907"}],"wp:term":[{"taxonomy":"category","embeddable":true,"href":"https:\/\/www.olcgs.org\/fr\/wp-json\/wp\/v2\/categories?post=13907"},{"taxonomy":"post_tag","embeddable":true,"href":"https:\/\/www.olcgs.org\/fr\/wp-json\/wp\/v2\/tags?post=13907"}],"curies":[{"name":"wp","href":"https:\/\/api.w.org\/{rel}","templated":true}]}}