{"id":16214,"date":"2026-08-24T14:41:53","date_gmt":"2026-08-24T12:41:53","guid":{"rendered":"https:\/\/www.olcgs.org\/?p=16214"},"modified":"2026-09-03T15:06:42","modified_gmt":"2026-09-03T13:06:42","slug":"sr-sindy-tal-riz-reflects-on-six-years-of-vocation","status":"publish","type":"post","link":"https:\/\/www.olcgs.org\/fr\/sr-sindy-tal-riz-reflects-on-six-years-of-vocation\/","title":{"rendered":"Un engagement renouvel\u00e9 : S\u0153ur Sindy Tal Riz revient sur six ann\u00e9es de vocation et de mission"},"content":{"rendered":"<p><em>Le 19 ao\u00fbt 2026, S\u0153ur Sindy Tal Riz, de la Province d'Am\u00e9rique centrale, a renouvel\u00e9 ses v\u0153ux en tant que religieuse de Notre-Dame de Charit\u00e9 du Bon Pasteur. \u00c0 cette \u00e9tape marquante de son parcours vocationnel, et au terme de sa retraite annuelle, elle partage son exp\u00e9rience et ses r\u00e9flexions.<\/em><\/p>\n<p>\u00ab Il y a six ans, le 31 juillet 2020, en pleine pand\u00e9mie, j'ai franchi une \u00e9tape importante de ma vie en entrant dans la Congr\u00e9gation de Notre-Dame de Charit\u00e9 du Bon Pasteur. C'est avec gratitude que je peux affirmer avoir v\u00e9cu cette p\u00e9riode soutenue par la gr\u00e2ce de Dieu.<\/p>\n<p style=\"text-align: center;\"><img fetchpriority=\"high\" decoding=\"async\" class=\"aligncenter size-full wp-image-16218\" src=\"https:\/\/www.olcgs.org\/wp-content\/uploads\/2026\/08\/1000270499_32.jpg\" alt=\"\" width=\"1004\" height=\"669\" srcset=\"https:\/\/www.olcgs.org\/wp-content\/uploads\/2026\/08\/1000270499_32.jpg 1004w, https:\/\/www.olcgs.org\/wp-content\/uploads\/2026\/08\/1000270499_32-300x200.jpg 300w, https:\/\/www.olcgs.org\/wp-content\/uploads\/2026\/08\/1000270499_32-768x512.jpg 768w, https:\/\/www.olcgs.org\/wp-content\/uploads\/2026\/08\/1000270499_32-18x12.jpg 18w\" sizes=\"(max-width: 1004px) 100vw, 1004px\" \/><\/p>\n<p>Au fil de ces ann\u00e9es, le v\u00e9cu de ma vocation s'est enracin\u00e9 en J\u00e9sus, le Bon Pasteur. En lui, <strong>ma vocation se renouvelle chaque jour<\/strong> et \u00e0 travers chaque exp\u00e9rience. Le sentiment d'\u00eatre une fille bien-aim\u00e9e ayant re\u00e7u la mis\u00e9ricorde donne un sens \u00e0 ma vie et se nourrit dans la pri\u00e8re \u2014 une pri\u00e8re incarn\u00e9e et partag\u00e9e. J'ai \u00e9t\u00e9 t\u00e9moin du dynamisme de l'Esprit \u00e0 l'\u0153uvre dans les communaut\u00e9s, chez chaque s\u0153ur, dans la mission et dans la formation, aux quatre coins du monde.<\/p>\n<p><img decoding=\"async\" class=\"alignleft size-medium wp-image-16220\" src=\"https:\/\/www.olcgs.org\/wp-content\/uploads\/2026\/08\/1000270496_sq-300x300.jpg\" alt=\"\" width=\"300\" height=\"300\" srcset=\"https:\/\/www.olcgs.org\/wp-content\/uploads\/2026\/08\/1000270496_sq-300x300.jpg 300w, https:\/\/www.olcgs.org\/wp-content\/uploads\/2026\/08\/1000270496_sq-1024x1024.jpg 1024w, https:\/\/www.olcgs.org\/wp-content\/uploads\/2026\/08\/1000270496_sq-150x150.jpg 150w, https:\/\/www.olcgs.org\/wp-content\/uploads\/2026\/08\/1000270496_sq-768x768.jpg 768w, https:\/\/www.olcgs.org\/wp-content\/uploads\/2026\/08\/1000270496_sq-12x12.jpg 12w, https:\/\/www.olcgs.org\/wp-content\/uploads\/2026\/08\/1000270496_sq-650x650.jpg 650w, https:\/\/www.olcgs.org\/wp-content\/uploads\/2026\/08\/1000270496_sq.jpg 1188w\" sizes=\"(max-width: 300px) 100vw, 300px\" \/>J'ai per\u00e7u de nombreux changements en moi au cours de ma formation. J'appr\u00e9cie tout particuli\u00e8rement la mani\u00e8re dont mon leadership a \u00e9t\u00e9 encourag\u00e9 : <strong>un leadership int\u00e9gral, actif, cr\u00e9atif et responsable<\/strong>. Cela continue de r\u00e9sonner dans ma vie comme un ensemble d'outils m'aidant \u00e0 gagner en maturit\u00e9.<\/p>\n<p>Je reconnais l'appel du Bon Pasteur \u00e0 grandir et \u00e0 vivre dans l'amour : un amour offert \u00e0 J\u00e9sus et \u00e0 son Royaume. Je le d\u00e9couvre \u00e0 travers les diff\u00e9rents visages rencontr\u00e9s en mission \u2014 des visages empreints de tendresse, mais aussi <strong>assoiff\u00e9s d'amour et de justice<\/strong>.<\/p>\n<p>Mon identit\u00e9 au sein de la Congr\u00e9gation s'enracine dans la figure du Bon Pasteur et se trouve renforc\u00e9e par notre <strong>pr\u00e9dilection pour les filles, les femmes et les enfants<\/strong>. C'est l\u00e0 que l'appel de Dieu et mes convictions personnelles se rejoignent, alors que je m'efforce de promouvoir pour eux une vie plus \u00e9panouie et plus digne. J'ai pu constater comment le charisme et la mission de la Congr\u00e9gation nous unissent, quel que soit l'endroit du monde o\u00f9 je me trouve. Faire l'exp\u00e9rience de r\u00e9alit\u00e9s si diverses, mais ayant tant besoin de Dieu, me motive \u00e0 apporter la pr\u00e9sence de J\u00e9sus dans la vie des gens.<\/p>\n<p style=\"text-align: center;\"><img decoding=\"async\" class=\"aligncenter size-full wp-image-16219\" src=\"https:\/\/www.olcgs.org\/wp-content\/uploads\/2026\/08\/1000270498_32.jpg\" alt=\"\" width=\"1014\" height=\"676\" srcset=\"https:\/\/www.olcgs.org\/wp-content\/uploads\/2026\/08\/1000270498_32.jpg 1014w, https:\/\/www.olcgs.org\/wp-content\/uploads\/2026\/08\/1000270498_32-300x200.jpg 300w, https:\/\/www.olcgs.org\/wp-content\/uploads\/2026\/08\/1000270498_32-768x512.jpg 768w, https:\/\/www.olcgs.org\/wp-content\/uploads\/2026\/08\/1000270498_32-18x12.jpg 18w\" sizes=\"(max-width: 1014px) 100vw, 1014px\" \/><\/p>\n<p><strong>Dieu parle sans cesse<\/strong>, et je d\u00e9sire demeurer unie \u00e0 Lui, afin de savoir l'\u00e9couter et lui r\u00e9pondre avec confiance et amour. \u00bb<\/p>","protected":false},"excerpt":{"rendered":"<p>On August 19, 2026, Sr. Sindy Tal Riz, of the Province of Central America, renewed her vows as a sister of Our Lady of Charity of the Good Shepherd. At this significant point in her vocational journey, and following her annual retreat, she shares her experience and reflections. \u201cSix years ago, on July 31, 2020, [&hellip;]<\/p>\n","protected":false},"author":2,"featured_media":16216,"comment_status":"closed","ping_status":"open","sticky":false,"template":"","format":"standard","meta":{"footnotes":"","jetpack_post_was_ever_published":false},"categories":[57],"tags":[],"class_list":["post-16214","post","type-post","status-publish","format-standard","has-post-thumbnail","hentry","category-costa-rica"],"jetpack_featured_media_url":"https:\/\/www.olcgs.org\/wp-content\/uploads\/2026\/08\/1000270420.jpg","_links":{"self":[{"href":"https:\/\/www.olcgs.org\/fr\/wp-json\/wp\/v2\/posts\/16214","targetHints":{"allow":["GET"]}}],"collection":[{"href":"https:\/\/www.olcgs.org\/fr\/wp-json\/wp\/v2\/posts"}],"about":[{"href":"https:\/\/www.olcgs.org\/fr\/wp-json\/wp\/v2\/types\/post"}],"author":[{"embeddable":true,"href":"https:\/\/www.olcgs.org\/fr\/wp-json\/wp\/v2\/users\/2"}],"replies":[{"embeddable":true,"href":"https:\/\/www.olcgs.org\/fr\/wp-json\/wp\/v2\/comments?post=16214"}],"version-history":[{"count":3,"href":"https:\/\/www.olcgs.org\/fr\/wp-json\/wp\/v2\/posts\/16214\/revisions"}],"predecessor-version":[{"id":16221,"href":"https:\/\/www.olcgs.org\/fr\/wp-json\/wp\/v2\/posts\/16214\/revisions\/16221"}],"wp:featuredmedia":[{"embeddable":true,"href":"https:\/\/www.olcgs.org\/fr\/wp-json\/wp\/v2\/media\/16216"}],"wp:attachment":[{"href":"https:\/\/www.olcgs.org\/fr\/wp-json\/wp\/v2\/media?parent=16214"}],"wp:term":[{"taxonomy":"category","embeddable":true,"href":"https:\/\/www.olcgs.org\/fr\/wp-json\/wp\/v2\/categories?post=16214"},{"taxonomy":"post_tag","embeddable":true,"href":"https:\/\/www.olcgs.org\/fr\/wp-json\/wp\/v2\/tags?post=16214"}],"curies":[{"name":"wp","href":"https:\/\/api.w.org\/{rel}","templated":true}]}}