{"id":5648,"date":"2024-01-11T09:54:33","date_gmt":"2024-01-11T08:54:33","guid":{"rendered":"https:\/\/www.olcgs.org\/?p=5648"},"modified":"2024-01-31T11:28:34","modified_gmt":"2024-01-31T10:28:34","slug":"a-fascinating-journey-into-the-spiritual-depth-and-transcendental-mission-of-our-congregation","status":"publish","type":"post","link":"https:\/\/www.olcgs.org\/fr\/a-fascinating-journey-into-the-spiritual-depth-and-transcendental-mission-of-our-congregation\/","title":{"rendered":"Un Voyage Fascinant"},"content":{"rendered":"<p>Au c\u0153ur de la Congr\u00e9gation de Notre-Dame de Charit\u00e9 du Bon Pasteur se tisse une histoire de pri\u00e8re, de r\u00e9flexion et de don de soi qui dure depuis plus de deux si\u00e8cles. Le 11 novembre 1825, \u00e0 Tours, naissait la premi\u00e8re communaut\u00e9 de vie contemplative, fond\u00e9e par Marie-Euphrasie Pelletier. Le moment est venu de regarder en arri\u00e8re avec gratitude et en avant avec espoir, en unissant nos c\u0153urs dans un engagement renouvel\u00e9 \u00e0 la profondeur spirituelle et \u00e0 la mission qui nous a \u00e9t\u00e9 confi\u00e9e.<\/p>\n<p>&nbsp;<\/p>\n<figure id=\"attachment_5649\" aria-describedby=\"caption-attachment-5649\" style=\"width: 800px\" class=\"wp-caption alignnone\"><img fetchpriority=\"high\" decoding=\"async\" class=\"wp-image-5649 size-large\" src=\"https:\/\/www.olcgs.org\/wp-content\/uploads\/2024\/01\/Contemplatives-Chile-1024x682.jpg\" alt=\"\" width=\"800\" height=\"533\" srcset=\"https:\/\/www.olcgs.org\/wp-content\/uploads\/2024\/01\/Contemplatives-Chile-1024x682.jpg 1024w, https:\/\/www.olcgs.org\/wp-content\/uploads\/2024\/01\/Contemplatives-Chile-300x200.jpg 300w, https:\/\/www.olcgs.org\/wp-content\/uploads\/2024\/01\/Contemplatives-Chile-768x512.jpg 768w, https:\/\/www.olcgs.org\/wp-content\/uploads\/2024\/01\/Contemplatives-Chile.jpg 1280w\" sizes=\"(max-width: 800px) 100vw, 800px\" \/><figcaption id=\"caption-attachment-5649\" class=\"wp-caption-text\">Les s\u0153urs contemplatives du Chili et du P\u00e9rou ont lanc\u00e9 leurs activit\u00e9s du bicentenaire par une c\u00e9l\u00e9bration eucharistique le 11 janvier.<\/figcaption><\/figure>\n<p>&nbsp;<\/p>\n<p>Depuis les premiers jours de notre communaut\u00e9, nous avons \u00e9t\u00e9 appel\u00e9es \u00e0 aller au c\u0153ur de l'univers. Au cours de ce voyage, nous avons d\u00e9couvert la beaut\u00e9 de la pri\u00e8re silencieuse, le myst\u00e8re de la contemplation et la profonde connexion avec Dieu. Au cours de ces 200 ans, nous avons cultiv\u00e9 un espace sacr\u00e9 o\u00f9 la pr\u00e9sence divine est v\u00e9cue et partag\u00e9e. C'est une tradition qui nous a soutenues dans les moments de joie et de d\u00e9fi, nous rappelant constamment l'importance de la communion avec Dieu comme source de vie.<\/p>\n<p>La vie contemplative n'est pas une retraite du monde, mais un appel \u00e0 s'y immerger plus profond\u00e9ment. Au cours de ces deux si\u00e8cles, nous avons appris que la contemplation et l'action sont indissociablement li\u00e9es. Notre d\u00e9vouement \u00e0 la mission est l'expression naturelle d'une vie enracin\u00e9e dans la contemplation. C\u00e9l\u00e9brer ces 200 ans, c'est aussi renouveler notre engagement \u00e0 apporter la lumi\u00e8re de la spiritualit\u00e9 dans les coins les plus sombres de notre monde.<\/p>\n<p>En cette p\u00e9riode de pr\u00e9paration au voyage de l'ann\u00e9e jubilaire, j'invite chaleureusement l'ensemble de notre Congr\u00e9gation \u00e0 se joindre \u00e0 un engagement renouvel\u00e9 en faveur d'une vie de pri\u00e8re profonde et d'un d\u00e9vouement g\u00e9n\u00e9reux \u00e0 la mission. C'est une invitation \u00e0 nous immerger dans la spiritualit\u00e9, \u00e0 red\u00e9couvrir la joie de la contemplation et \u00e0 ouvrir nos c\u0153urs \u00e0 l'appel constant de Dieu.<\/p>\n<p>&nbsp;<\/p>\n<figure id=\"attachment_4933\" aria-describedby=\"caption-attachment-4933\" style=\"width: 720px\" class=\"wp-caption alignnone\"><img decoding=\"async\" class=\"wp-image-4933 size-full\" src=\"https:\/\/www.olcgs.org\/wp-content\/uploads\/2024\/01\/Contemplativa.jpg\" alt=\"\" width=\"720\" height=\"540\" srcset=\"https:\/\/www.olcgs.org\/wp-content\/uploads\/2024\/01\/Contemplativa.jpg 720w, https:\/\/www.olcgs.org\/wp-content\/uploads\/2024\/01\/Contemplativa-300x225.jpg 300w\" sizes=\"(max-width: 720px) 100vw, 720px\" \/><figcaption id=\"caption-attachment-4933\" class=\"wp-caption-text\">La vie contemplative n'est pas une retraite du monde, mais un appel \u00e0 s'y immerger plus profond\u00e9ment.<\/figcaption><\/figure>\n<p>&nbsp;<\/p>\n<p>Nous avons appris que notre vie contemplative n'est pas seulement un don pour nous, mais une lumi\u00e8re pour le monde. En nous unissant dans la pri\u00e8re et l'action, dans la contemplation et l'abandon, nous continuons \u00e0 tisser l'histoire de notre Congr\u00e9gation dans la tapisserie de la gr\u00e2ce divine.<\/p>\n<p>Que la flamme de la contemplation continue \u00e0 br\u00fbler en nos c\u0153urs et que nous avancions avec un z\u00e8le renouvel\u00e9 vers l'avenir que Dieu a pr\u00e9par\u00e9 pour nous.<\/p>\n<p>Que la c\u00e9l\u00e9bration de ces 200 ans soit un t\u00e9moignage vivant de notre vie contemplative, une lumi\u00e8re qui \u00e9claire le chemin vers la pr\u00e9sence divine et la mission qui nous attend !<\/p>\n<p>___<\/p>\n<p>Par Sr Cristina Rodriguez de la Cruz, Conseill\u00e8re de Congr\u00e9gation<\/p>\n<p>&nbsp;<\/p>\n<div class=\"mceTemp\"><\/div>\n<p>&nbsp;<\/p>\n<div class=\"mceTemp\"><\/div>\n<p>&nbsp;<\/p>\n<p>&nbsp;<\/p>","protected":false},"excerpt":{"rendered":"<p>At the heart of the Congregation of Our Lady of Charity of the Good Shepherd is woven a story of prayer, reflection and self-giving that has endured over two centuries. On November 11, 1825 in Tours, the first community of contemplative life was born, founded by Maria Euphrasia Pelletier. Now is a time to look [&hellip;]<\/p>\n","protected":false},"author":1,"featured_media":5649,"comment_status":"open","ping_status":"open","sticky":false,"template":"","format":"standard","meta":{"footnotes":""},"categories":[12],"tags":[22,23],"class_list":["post-5648","post","type-post","status-publish","format-standard","has-post-thumbnail","hentry","category-community-life","tag-contemplative","tag-peru"],"jetpack_featured_media_url":"https:\/\/www.olcgs.org\/wp-content\/uploads\/2024\/01\/Contemplatives-Chile.jpg","_links":{"self":[{"href":"https:\/\/www.olcgs.org\/fr\/wp-json\/wp\/v2\/posts\/5648","targetHints":{"allow":["GET"]}}],"collection":[{"href":"https:\/\/www.olcgs.org\/fr\/wp-json\/wp\/v2\/posts"}],"about":[{"href":"https:\/\/www.olcgs.org\/fr\/wp-json\/wp\/v2\/types\/post"}],"author":[{"embeddable":true,"href":"https:\/\/www.olcgs.org\/fr\/wp-json\/wp\/v2\/users\/1"}],"replies":[{"embeddable":true,"href":"https:\/\/www.olcgs.org\/fr\/wp-json\/wp\/v2\/comments?post=5648"}],"version-history":[{"count":8,"href":"https:\/\/www.olcgs.org\/fr\/wp-json\/wp\/v2\/posts\/5648\/revisions"}],"predecessor-version":[{"id":6945,"href":"https:\/\/www.olcgs.org\/fr\/wp-json\/wp\/v2\/posts\/5648\/revisions\/6945"}],"wp:featuredmedia":[{"embeddable":true,"href":"https:\/\/www.olcgs.org\/fr\/wp-json\/wp\/v2\/media\/5649"}],"wp:attachment":[{"href":"https:\/\/www.olcgs.org\/fr\/wp-json\/wp\/v2\/media?parent=5648"}],"wp:term":[{"taxonomy":"category","embeddable":true,"href":"https:\/\/www.olcgs.org\/fr\/wp-json\/wp\/v2\/categories?post=5648"},{"taxonomy":"post_tag","embeddable":true,"href":"https:\/\/www.olcgs.org\/fr\/wp-json\/wp\/v2\/tags?post=5648"}],"curies":[{"name":"wp","href":"https:\/\/api.w.org\/{rel}","templated":true}]}}