{"id":7533,"date":"2024-03-16T21:03:26","date_gmt":"2024-03-16T20:03:26","guid":{"rendered":"https:\/\/www.olcgs.org\/?p=7533"},"modified":"2026-02-10T11:44:18","modified_gmt":"2026-02-10T10:44:18","slug":"i-thirst","status":"publish","type":"post","link":"https:\/\/www.olcgs.org\/fr\/i-thirst\/","title":{"rendered":"J'ai Soif"},"content":{"rendered":"<p class=\"translation-block\">Chaque dimanche de Car\u00eame, nous r\u00e9fl\u00e9chirons sur les \u00ab sept derni\u00e8res paroles \u00bb prononc\u00e9es par J\u00e9sus sur la Croix \u00e0 la lumi\u00e8re de nos prises de position de la Congr\u00e9gation. Cette semaine, nous rappelons les cinqui\u00e8mes mots prononc\u00e9s, \u00ab J'ai soif \u00bb, et nous les mettons en relation avec notre position sur l'\u00e9cologie int\u00e9grale.<\/p>\n<p style=\"padding-left: 80px;\">Apr\u00e8s cela, J\u00e9sus, sachant que d\u00e9sormais tout \u00e9tait achev\u00e9, dit, pour que l\u2019Ecriture soit accomplie\u202f: \u00ab J\u2019ai soif \u00bb. (Jean 19 :28)<\/p>\n<p>Les paroles de J\u00e9sus montrent sa v\u00e9ritable humanit\u00e9 ; Compte tenu de la perte de liquide, il est physiquement normal d'avoir eu soif. Ses paroles font \u00e9cho aux 2,2 milliards de personnes qui n'ont pas acc\u00e8s \u00e0 l'eau potable, et au cri de la Terre M\u00e8re elle-m\u00eame, qui a soif d'eau qui s'est ass\u00e9ch\u00e9e \u00e0 cause des effets d\u00e9vastateurs du changement climatique contribu\u00e9 \u00e0 la d\u00e9forestation massive.<\/p>\n<p>Notre position sur l'\u00e9cologie int\u00e9grale comprend que la d\u00e9gradation \u00e9cologique et la soif et la souffrance des peuples et des formes de vie \u00e0 travers le monde sont intimement li\u00e9es ; c'est un ph\u00e9nom\u00e8ne. La discorde que nous \u00e9prouvons dans l'air que nous respirons, dans l'eau que nous buvons et au sein de nos communaut\u00e9s nous appelle \u00e0 r\u00e9agir d'une mani\u00e8re coh\u00e9rente avec notre mission de r\u00e9conciliation.<\/p>\n<p>En tant que Congr\u00e9gation, nous nous effor\u00e7ons de convertir le comportement individuel et communautaire de l'ignorance \u00e9cologique \u00e0 la responsabilit\u00e9 environnementale, en \u00e9valuant la fa\u00e7on dont nous utilisons l'\u00e9nergie, la technologie, l'eau et les ressources. Nos <a href=\"http:\/\/www.goodshepherdsisters.org.ph\/\" target=\"_blank\" rel=\"noopener\">s\u0153urs aux Philippines<\/a>, par exemple, ont install\u00e9 des lampadaires solaires dans la ferme Laudato Si' de 2,8 hectares et des panneaux solaires sur le toit de la <a href=\"https:\/\/www.facebook.com\/goodshepherdbaguio.mmtc?__cft__0=AZXo0IeUaloKb6ZwOMXGDxpTSIPsDkgIAuss9LKdNcdW7uflRC8yHOcbAbe3mrA6PY057J_CULJ7086SvUIM0Ak-M4QxW9EpEzSrs6k7oDCxSPJr9zqA5HrYw9rBvKPpPSbxfDwiwTFFmTDjxRqAbJSFT4LxIslhKbOKqNdapDZqpH9IxEbcQy4CbC2eotUrqQ0&amp;__tn__=-K-R\" target=\"_blank\" rel=\"noopener\">La Fondation \u2018Mountain Maid Training and Development'<\/a> dans Baguio, ce qui leur a permis d'\u00e9conomiser sur les factures d'\u00e9lectricit\u00e9 et de s'orienter davantage vers la consommation d'\u00e9nergies renouvelables.<\/p>\n<p class=\"translation-block\">En pr\u00e9paration de la <a href=\"https:\/\/www.unesco.org\/fr\/days\/world-water\" target=\"_self\">Journ\u00e9e mondiale de l'eau<\/a> vendredi, \u00e9valuez et ajustez vos d\u00e9cisions personnelles et collectives concernant votre consommation et votre utilisation de l'eau et de toutes les ressources naturelles afin de prendre la responsabilit\u00e9 personnelle de r\u00e9pondre aux cris de la Terre M\u00e8re.<\/p>","protected":false},"excerpt":{"rendered":"<p>Each Sunday of Lent, we will reflect on the \u2018seven last words\u2019 spoken by Jesus from the Cross in light of our Congregational Position Papers. This week, we recall the fifth words spoken, \u201cI thirst,\u201d linking these with our position on Integral Ecology. Jesus, knowing that all was now finished, said (to fulfill the scripture), [&hellip;]<\/p>\n","protected":false},"author":2,"featured_media":7534,"comment_status":"closed","ping_status":"open","sticky":false,"template":"","format":"standard","meta":{"footnotes":""},"categories":[76],"tags":[],"class_list":["post-7533","post","type-post","status-publish","format-standard","has-post-thumbnail","hentry","category-integral-ecology"],"jetpack_featured_media_url":"https:\/\/www.olcgs.org\/wp-content\/uploads\/2024\/03\/vegg.jpg","_links":{"self":[{"href":"https:\/\/www.olcgs.org\/fr\/wp-json\/wp\/v2\/posts\/7533","targetHints":{"allow":["GET"]}}],"collection":[{"href":"https:\/\/www.olcgs.org\/fr\/wp-json\/wp\/v2\/posts"}],"about":[{"href":"https:\/\/www.olcgs.org\/fr\/wp-json\/wp\/v2\/types\/post"}],"author":[{"embeddable":true,"href":"https:\/\/www.olcgs.org\/fr\/wp-json\/wp\/v2\/users\/2"}],"replies":[{"embeddable":true,"href":"https:\/\/www.olcgs.org\/fr\/wp-json\/wp\/v2\/comments?post=7533"}],"version-history":[{"count":3,"href":"https:\/\/www.olcgs.org\/fr\/wp-json\/wp\/v2\/posts\/7533\/revisions"}],"predecessor-version":[{"id":14017,"href":"https:\/\/www.olcgs.org\/fr\/wp-json\/wp\/v2\/posts\/7533\/revisions\/14017"}],"wp:featuredmedia":[{"embeddable":true,"href":"https:\/\/www.olcgs.org\/fr\/wp-json\/wp\/v2\/media\/7534"}],"wp:attachment":[{"href":"https:\/\/www.olcgs.org\/fr\/wp-json\/wp\/v2\/media?parent=7533"}],"wp:term":[{"taxonomy":"category","embeddable":true,"href":"https:\/\/www.olcgs.org\/fr\/wp-json\/wp\/v2\/categories?post=7533"},{"taxonomy":"post_tag","embeddable":true,"href":"https:\/\/www.olcgs.org\/fr\/wp-json\/wp\/v2\/tags?post=7533"}],"curies":[{"name":"wp","href":"https:\/\/api.w.org\/{rel}","templated":true}]}}